

	{"id":1001,"date":"2016-03-04T17:05:02","date_gmt":"2016-03-04T17:05:02","guid":{"rendered":"https:\/\/www.cstuit.com\/home\/?p=1001"},"modified":"2016-03-04T17:05:02","modified_gmt":"2016-03-04T17:05:02","slug":"fora-todos-fora-dilma-cunha-renan-e-aecio-lula-e-dilma-devem-ser-investigados-e-punidos","status":"publish","type":"post","link":"https:\/\/www.cstuit.com\/home\/2016\/03\/04\/fora-todos-fora-dilma-cunha-renan-e-aecio-lula-e-dilma-devem-ser-investigados-e-punidos\/","title":{"rendered":"Fora Todos! Fora Dilma, Cunha, Renan e A\u00e9cio! Lula e Dilma devem ser investigados e punidos!"},"content":{"rendered":"<p dir=\"ltr\" style=\"text-align: justify;\">A classe trabalhadora e a juventude abandonaram definitivamente Lula e o PT. O maior s\u00edmbolo do decl\u00ednio final dessas velhas lideran\u00e7as foi visto na raqu\u00edtica \u201cmanifesta\u00e7\u00e3o\u201d, de um punhado de petistas, em frente \u00e0 casa de Lula em S\u00e3o Bernardo, no cora\u00e7\u00e3o do operariado paulista, na hora que a Policia Federal levou o ex-presidente e seus familiares e aliados para depor. Se Lula hoje, finalmente, \u00e9 investigado pelos crimes de corrup\u00e7\u00e3o, a classe trabalhadora j\u00e1 o condenou pela sua trai\u00e7\u00e3o. N\u00e3o por acaso os \u00edndices de rejei\u00e7\u00e3o a Lula batem recordes, sua casa foi alvo dos manifestantes em junho de 2013, e sua candidata obteve p\u00e9ssimos resultados nos maiores centros urbanos da na\u00e7\u00e3o em 2014.<\/p>\n<p dir=\"ltr\" style=\"text-align: justify;\">O que est\u00e1 acontecendo neste momento com Lula, Dilma e o PT \u00e9 fruto da pol\u00edtica de trai\u00e7\u00e3o de classe que esse partido e essas lideran\u00e7as protagonizaram ao longo dos \u00faltimos 13 anos. O PT se transformou num instrumento dos capitalistas ao atacar o povo, governar para as empreiteiras, os banqueiros e o agroneg\u00f3cio. Por isso, Lula, Dilma e o PT utilizam os mesmos m\u00e9todos corruptos que sempre caracterizaram os partidos capitalistas e a falsa democracia em que vivemos. Transformam o Congresso num balc\u00e3o de neg\u00f3cios, loteiam os cargos p\u00fablicos e utilizam sua influ\u00eancia para enriquecer pessoalmente. Nada diferente do que fizeram Sarney, Collor e FHC ou os atuais governadores tucanos, como Alckmin. Enquanto isso, os trabalhadores amargam uma forte deteriora\u00e7\u00e3o em seu n\u00edvel de vida, resultado de uma brutal crise econ\u00f4mica, superior \u00e0 da d\u00e9cada de 90, de um ataque impiedoso por parte do governo Dilma (PT\/PMDB), do PSDB e dos grandes empres\u00e1rios, que tira conquistas hist\u00f3ricas do povo trabalhador, mas tamb\u00e9m aos bilh\u00f5es desviados dos cofres p\u00fablicos, bilh\u00f5es que deveriam ir para sa\u00fade, educa\u00e7\u00e3o, saneamento b\u00e1sico, etc.<\/p>\n<p dir=\"ltr\" style=\"text-align: justify;\">A dela\u00e7\u00e3o premiada do Delcidio do Amaral exp\u00f5e os esquemas mafiosos por meio dos quais Dilma e Lula chefiam uma verdadeira organiza\u00e7\u00e3o criminosa que est\u00e1 no poder. Por isso, defendemos, al\u00e9m de uma profunda investiga\u00e7\u00e3o, a puni\u00e7\u00e3o rigorosa de todos os crimes cometidos desde o mensal\u00e3o, cuja responsabilidade fundamental \u00e9 de Lula. O mesmo defendemos para o PSDB de A\u00e9cio e seus esc\u00e2ndalos em Minas Gerais, S\u00e3o Paulo e outros estados e para o PMDB de Renan e de Cunha no Congresso Nacional, que acaba de se transformar em r\u00e9u na opera\u00e7\u00e3o Lava Jato e n\u00e3o tem condi\u00e7\u00f5es de seguir na presid\u00eancia da C\u00e2mara.<\/p>\n<p dir=\"ltr\" style=\"text-align: justify;\">Defendemos a necessidade de fortalecer as lutas em curso, em defesa do sal\u00e1rio, emprego, sa\u00fade e educa\u00e7\u00e3o, juntamente com outras mobiliza\u00e7\u00f5es. \u00c9 urgente fortalecer e unificar as lutas rumo \u00e0 greve geral para, com a mobiliza\u00e7\u00e3o oper\u00e1ria e popular, barrar os ataques e reformas neoliberais que esses mesmo corruptos tentam aplicar contra o povo e nesse caminho colocar Dilma, Temer, Cunha, Renan e A\u00e9cio para fora.<\/p>\n<p dir=\"ltr\" style=\"text-align: justify;\">Nesse processo \u00e9 necess\u00e1rio forjar uma alternativa de classe da verdadeira esquerda e do povo trabalhador, contra o PT e PSDB. Uma alternativa de esquerda para os lutadores do pa\u00eds, como a heroica greve dos professores e estudantes secundaristas do Rio de Janeiro est\u00e1 demonstrando. Neste sentido, a responsabilidade do PSOL, junto ao PSTU e \u00e0 CSP\/Conlutas, Intersindical, PCB, etc. \u00e9 imensa. De forma alguma pode se confundir com a nefasta dire\u00e7\u00e3o da CUT que chama \u00e0 \u201cvig\u00edlia\u201d em defesa do Lula e contra o golpe. Por isso, nem o dia 13 com os tucanos e nem o dia 31 com o PT, construir um terceiro ato alternativo contra o ajuste fiscal do governo Dilma e dos tucanos e impor o Fora Todos e a puni\u00e7\u00e3o de todos os envolvidos na corrup\u00e7\u00e3o.<\/p>\n<p dir=\"ltr\" style=\"text-align: justify;\">Desta forma podemos conquistar um Governo da Esquerda, dos Trabalhadores e do Povo para aplicar um plano econ\u00f4mico alternativo que garanta o fim das demiss\u00f5es, aumento de sal\u00e1rios, redu\u00e7\u00e3o da jornada e um plano de obras p\u00fablicas na educa\u00e7\u00e3o e na sa\u00fade financiado pela suspens\u00e3o do pagamento da d\u00edvida externa e interna, juntamente com\u00a0a Petrobras 100% estatal sob controle dos trabalhadores.<\/p>\n<p dir=\"ltr\" style=\"text-align: justify;\">04\/03\/2016<br \/>\nSecretariado da CST \/ PSOL<\/p>\n","protected":false},"excerpt":{"rendered":"<p>A classe trabalhadora e a juventude abandonaram definitivamente Lula e o PT. O maior s\u00edmbolo do decl\u00ednio final dessas velhas lideran\u00e7as foi visto na raqu\u00edtica \u201cmanifesta\u00e7\u00e3o\u201d, de um punhado de petistas, em frente \u00e0 casa de Lula em S\u00e3o Bernardo, no cora\u00e7\u00e3o do operariado paulista,<\/p>\n","protected":false},"author":1,"featured_media":1002,"comment_status":"open","ping_status":"open","sticky":false,"template":"","format":"standard","meta":{"footnotes":""},"categories":[5],"tags":[58,119,79],"class_list":["post-1001","post","type-post","status-publish","format-standard","has-post-thumbnail","hentry","category-nacional","tag-corrupcao","tag-lula","tag-pt"],"_links":{"self":[{"href":"https:\/\/www.cstuit.com\/home\/wp-json\/wp\/v2\/posts\/1001","targetHints":{"allow":["GET"]}}],"collection":[{"href":"https:\/\/www.cstuit.com\/home\/wp-json\/wp\/v2\/posts"}],"about":[{"href":"https:\/\/www.cstuit.com\/home\/wp-json\/wp\/v2\/types\/post"}],"author":[{"embeddable":true,"href":"https:\/\/www.cstuit.com\/home\/wp-json\/wp\/v2\/users\/1"}],"replies":[{"embeddable":true,"href":"https:\/\/www.cstuit.com\/home\/wp-json\/wp\/v2\/comments?post=1001"}],"version-history":[{"count":0,"href":"https:\/\/www.cstuit.com\/home\/wp-json\/wp\/v2\/posts\/1001\/revisions"}],"wp:featuredmedia":[{"embeddable":true,"href":"https:\/\/www.cstuit.com\/home\/wp-json\/wp\/v2\/media\/1002"}],"wp:attachment":[{"href":"https:\/\/www.cstuit.com\/home\/wp-json\/wp\/v2\/media?parent=1001"}],"wp:term":[{"taxonomy":"category","embeddable":true,"href":"https:\/\/www.cstuit.com\/home\/wp-json\/wp\/v2\/categories?post=1001"},{"taxonomy":"post_tag","embeddable":true,"href":"https:\/\/www.cstuit.com\/home\/wp-json\/wp\/v2\/tags?post=1001"}],"curies":[{"name":"wp","href":"https:\/\/api.w.org\/{rel}","templated":true}]}}