

	{"id":10084,"date":"2023-01-24T12:54:24","date_gmt":"2023-01-24T12:54:24","guid":{"rendered":"https:\/\/www.cstuit.com\/home\/?p=10084"},"modified":"2023-01-24T12:58:41","modified_gmt":"2023-01-24T12:58:41","slug":"portugal-todo-o-apoio-a-luta-dos-trabalhadores-da-educacao","status":"publish","type":"post","link":"https:\/\/www.cstuit.com\/home\/2023\/01\/24\/portugal-todo-o-apoio-a-luta-dos-trabalhadores-da-educacao\/","title":{"rendered":"PORTUGAL: TODO O APOIO \u00c0 LUTA DOS TRABALHADORES DA EDUCA\u00c7\u00c3O"},"content":{"rendered":"<div dir=\"ltr\"><\/div>\n<div dir=\"ltr\"><b>Imprensa UIT-QI<\/b><\/div>\n<div dir=\"ltr\"><b>\u00a0<\/b><\/div>\n<div dir=\"ltr\"><\/div>\n<div dir=\"ltr\">\n<div>\u00a020\/01\/2023. Desde 9 de dezembro, os trabalhadores da educa\u00e7\u00e3o est\u00e3o em greve em defesa da educa\u00e7\u00e3o p\u00fablica e por melhores sal\u00e1rios, uma longa mobiliza\u00e7\u00e3o que o governo pretende dobrar pela for\u00e7a e com medidas judiciais contra os protestos.<\/div>\n<div><\/div>\n<div>O estopim dessa luta foi apenas a gota d&#8217;\u00e1gua que fez transbordar o descontentamento, diante dos ataques \u00e0 educa\u00e7\u00e3o p\u00fablica pelo Partido Socialista (PS) e seu ministro da educa\u00e7\u00e3o, Jo\u00e3o Costa, que agravaram a crise imposta ao setor ap\u00f3s a visita da Troika (\u00f3rg\u00e3o tripartite formado pela Comiss\u00e3o Europeia, o Banco Central Europeu e o FMI, que funciona como uma verdadeira pol\u00edcia econ\u00f4mica dentro da Uni\u00e3o Europeia, NT).<\/div>\n<div><\/div>\n<div>Esta situa\u00e7\u00e3o se soma aos baixos sal\u00e1rios, precariza\u00e7\u00e3o do emprego e aumento do custo de vida, um quadro que levou o pr\u00f3prio Primeiro Ministro Ant\u00f3nio Costa a reconhecer num ato do PS a prec\u00e1ria situa\u00e7\u00e3o dos trabalhadores docentes, ao mesmo tempo em que pretende dar continuidade aos ajustes a fim de pagar a d\u00edvida externa mediante o desfalque do setor p\u00fablico.<\/div>\n<div><\/div>\n<div><\/div>\n<div>Ao se anunciar a municipaliza\u00e7\u00e3o da efetiva\u00e7\u00e3o docente pelo ministro da Educa\u00e7\u00e3o, os trabalhadores do setor, docentes e n\u00e3o docentes, se puseram unanimente em p\u00e9 de guerra. A reforma desejada por Costa implica atribuir aos munic\u00edpios a compet\u00eancia para a contrata\u00e7\u00e3o de pessoal da educa\u00e7\u00e3o atrav\u00e9s de processos seletivos duvidosos e arbitr\u00e1rios, inclusive com a participa\u00e7\u00e3o das dire\u00e7\u00f5es escolares. Contra isto, o Sindicato de Todos os Profissionais da Educa\u00e7\u00e3o (STOP), vem convocando a categoria, desde 9 de dezembro, \u00e0 greve e \u00e0s mobiliza\u00e7\u00f5es\u00a0que dever\u00e3o se prolongar ao longo de fevereiro.<\/div>\n<div><\/div>\n<div>Apesar do intento do governo e seus aliados de declarar a ilegalidade da greve, juntamente com outras formas de intimida\u00e7\u00e3o, um n\u00famero crescente de docentes e trabalhadores da educa\u00e7\u00e3o tem aderido \u00e0 greve e nutrido os protestos.<\/div>\n<div><\/div>\n<div><\/div>\n<div>Andr\u00e9 Pestana \u00e9 dirigente sindical do\u00a0STOP, o sindicato que imp\u00f4s a greve e os protestos apesar do pouco empenho da burocracia sindical, cada vez mais denunciada e repudiada. Pestana lidera as lutas docentes e tem cumprido um papel fundamental no chamado \u00e0 amplia\u00e7\u00e3o da unidade nesse conflito docente. Pestana \u00e9 tamb\u00e9m o dirigente do Movimento Alternativa Socialista (MAS), partido integrante de um Comit\u00ea de Enlace com a UIT-QI. Tanto Pestana como o MAS v\u00eam denunciando a cumplicidade e a neglig\u00eancia da FENPROF, federa\u00e7\u00e3o dos sindicatos docentes, que manipula para ficar de fora da greve e envia sinais de agrado ao governo do PS.<\/div>\n<div><\/div>\n<div><\/div>\n<div>Desde a UIT-QI, damos todo o nosso apoio \u00e0 heroica greve dos docentes e demais trabalhadoras e trabalhadores da educa\u00e7\u00e3o portugueses, repudiando as tentativas de intimida\u00e7\u00e3o do governo do PS e seu Ministro da Educa\u00e7\u00e3o.<\/div>\n<div><\/div>\n<div><\/div>\n<div>Aumento de sal\u00e1rio j\u00e1! Pelo fim dos contingenciamentos e o reconhecimento de todas as horas de trabalho! Em defesa da educa\u00e7\u00e3o p\u00fablica!<\/div>\n<div><\/div>\n<div><\/div>\n<div><\/div>\n<div>*Compartilhamos a seguir a entrevista com o dirigente sindical Andr\u00e9 Pestana e a declara\u00e7\u00e3o do Movimento Alternativa Socialista (MAS):<\/div>\n<div><\/div>\n<div>* Andr\u00e9 Pestana, <a href=\"https:\/\/observador.pt\/2023\/01\/13\/andre-pestana-o-lider-do-pequeno-sindicato-que-deu-voz-a-contestacao-dos-professores\/\">l\u00edder do pequeno sindicato que conduz o protesto da classe docente, passou por JCP, Bloco e MAS<\/a><\/div>\n<\/div>\n<h5>*\u00a0<a href=\"http:\/\/mas.org.pt\/index.php\/2023\/01\/15\/governo-vira-costas-a-educacao\/?fbclid=IwAR17RIxZaSsm4r74zAyQyaF9Ht_hL-rm388gsK44K8Lw_Qvqa1tjOkTkqkg\"><span style=\"font-family: Montserrat, sans-serif; font-size: 36px; font-style: inherit; letter-spacing: -1px;\">Governo vira costas \u00e0 educa\u00e7\u00e3o<\/span><\/a><\/h5>\n<div><\/div>\n","protected":false},"excerpt":{"rendered":"<p>Imprensa UIT-QI \u00a0 \u00a020\/01\/2023. Desde 9 de dezembro, os trabalhadores da educa\u00e7\u00e3o est\u00e3o em greve em defesa da educa\u00e7\u00e3o p\u00fablica e por melhores sal\u00e1rios, uma longa mobiliza\u00e7\u00e3o que o governo pretende dobrar pela for\u00e7a e com medidas judiciais contra os protestos. O estopim dessa luta<\/p>\n","protected":false},"author":2,"featured_media":10085,"comment_status":"open","ping_status":"open","sticky":false,"template":"","format":"standard","meta":{"footnotes":""},"categories":[6,1],"tags":[],"class_list":["post-10084","post","type-post","status-publish","format-standard","has-post-thumbnail","hentry","category-internacional","category-sem-categoria"],"_links":{"self":[{"href":"https:\/\/www.cstuit.com\/home\/wp-json\/wp\/v2\/posts\/10084","targetHints":{"allow":["GET"]}}],"collection":[{"href":"https:\/\/www.cstuit.com\/home\/wp-json\/wp\/v2\/posts"}],"about":[{"href":"https:\/\/www.cstuit.com\/home\/wp-json\/wp\/v2\/types\/post"}],"author":[{"embeddable":true,"href":"https:\/\/www.cstuit.com\/home\/wp-json\/wp\/v2\/users\/2"}],"replies":[{"embeddable":true,"href":"https:\/\/www.cstuit.com\/home\/wp-json\/wp\/v2\/comments?post=10084"}],"version-history":[{"count":0,"href":"https:\/\/www.cstuit.com\/home\/wp-json\/wp\/v2\/posts\/10084\/revisions"}],"wp:featuredmedia":[{"embeddable":true,"href":"https:\/\/www.cstuit.com\/home\/wp-json\/wp\/v2\/media\/10085"}],"wp:attachment":[{"href":"https:\/\/www.cstuit.com\/home\/wp-json\/wp\/v2\/media?parent=10084"}],"wp:term":[{"taxonomy":"category","embeddable":true,"href":"https:\/\/www.cstuit.com\/home\/wp-json\/wp\/v2\/categories?post=10084"},{"taxonomy":"post_tag","embeddable":true,"href":"https:\/\/www.cstuit.com\/home\/wp-json\/wp\/v2\/tags?post=10084"}],"curies":[{"name":"wp","href":"https:\/\/api.w.org\/{rel}","templated":true}]}}