

	{"id":1214,"date":"2016-05-02T16:31:08","date_gmt":"2016-05-02T16:31:08","guid":{"rendered":"https:\/\/www.cstuit.com\/home\/?p=1214"},"modified":"2016-05-02T16:31:08","modified_gmt":"2016-05-02T16:31:08","slug":"carta-as-organizacoes-antigovernistas-do-espaco-de-unidade-e-acao-e-preciso-construir-uma-alternativa-radical-e-de-oposicao-de-esquerda","status":"publish","type":"post","link":"https:\/\/www.cstuit.com\/home\/2016\/05\/02\/carta-as-organizacoes-antigovernistas-do-espaco-de-unidade-e-acao-e-preciso-construir-uma-alternativa-radical-e-de-oposicao-de-esquerda\/","title":{"rendered":"Carta \u00e0s organiza\u00e7\u00f5es antigovernistas do Espa\u00e7o de Unidade e A\u00e7\u00e3o | \u00c9 PRECISO CONSTRUIR UMA ALTERNATIVA RADICAL E DE OPOSI\u00c7\u00c3O DE ESQUERDA!"},"content":{"rendered":"<p style=\"text-align: justify;\"><strong>1-\u00a0\u00a0\u00a0\u00a0\u00a0\u00a0\u00a0\u00a0\u00a0\u00a0\u00a0\u00a0\u00a0\u00a0\u00a0\u00a0\u00a0 <\/strong>Nos pr\u00f3ximos dias o impeachment ser\u00e1 votado no senado. Independente do resultado, teremos um governo mais fraco e um congresso desacreditado. Por isso existem lideran\u00e7as do PT, PMDB e PSDB que falam em \u201cconcilia\u00e7\u00e3o nacional\u201d e setores burgueses e imperialistas defendem \u201cnovas elei\u00e7\u00f5es\u201d. A crise geral do pa\u00eds vai se manter pois sua causa \u00e9\u00a0econ\u00f4mica, pol\u00edtica\u00a0e\u00a0social. Deve ser localizada nos ataques\u00a0ao\u00a0n\u00edvel de vidas das massas\u00a0e\u00a0a ruptura dos trabalhadores com o PT. Por isso o governo Dilma desaba\u00a0e\u00a0as institui\u00e7\u00f5es da falsa democracia desintegram, eventos conectados a Revolta de Junho de 2013, que tonificou uma onda de greves em 2014, explos\u00f5es nas favelas e periferias, greves de professores e ocupa\u00e7\u00f5es de escolas em SP no ano passado e v\u00e1rias mobiliza\u00e7\u00f5es que est\u00e3o em curso. \u00a0Estamos vivendo a fal\u00eancia do Lulismo, que perdeu a hegemonia no movimento de massas e j\u00e1 n\u00e3o dirige ou controla as lutas dos explorados e oprimidos. N\u00e3o por acaso Dilma \u00e9 recha\u00e7ada pela ampl\u00edssima maioria dos trabalhadores e setores populares da na\u00e7\u00e3o. Por isso devemos construir uma alternativa radical, de esquerda, sem ceder \u00e0s press\u00f5es dos governistas ao mesmo tempo em que combatemos o PSDB e PMDB, duas siglas igualmente desgastadas perante a maioria do povo.<\/p>\n<p style=\"text-align: justify;\"><strong>2-\u00a0\u00a0\u00a0\u00a0\u00a0\u00a0\u00a0\u00a0\u00a0\u00a0\u00a0\u00a0\u00a0\u00a0\u00a0\u00a0\u00a0 <\/strong>Agora ocorrem importantes conflitos, como a greve dos professores e as ocupa\u00e7\u00f5es de escola do RJ, a luta dos servidores federais contra o PL 257, campanhas salariais, e outros processos, que poderiam ajudar na constru\u00e7\u00e3o dessa alternativa. No entanto, n\u00e3o h\u00e1 um polo de oposi\u00e7\u00e3o de esquerda porque as maiores lideran\u00e7as decidiram compor o campo Lulista. O setor majorit\u00e1rio do PSOL e as lideran\u00e7as do MTST s\u00e3o linha auxiliar do PT e defendem o mandato de Dilma. Um processo que oxigena a \u201cfrente ampla\u201d\u00a0para a candidatura de Lula.\u00a0Ao\u00a0mesmo tempo abre espa\u00e7o para projetos burgueses como o da REDE. Um posicionamento catastr\u00f3fico. Por isso exigimos que o PSOL\u00a0e\u00a0o MTST rompam com os governistas e com o PT.<\/p>\n<p style=\"text-align: justify;\"><strong>3-\u00a0\u00a0\u00a0\u00a0\u00a0\u00a0\u00a0\u00a0\u00a0\u00a0\u00a0\u00a0\u00a0\u00a0\u00a0\u00a0\u00a0 <\/strong>Nesse contexto, v\u00e1rias organiza\u00e7\u00f5es, posicionam-se contra essa frente org\u00e2nica com os governistas,\u00a0ao\u00a0mesmo tempo em que continuam contra o PSDB e o PMDB. A primeira express\u00e3o desse campo foi a manifesta\u00e7\u00e3o do dia 1 de abril contra Dilma, Temer, Cunha, Renan e A\u00e9cio. \u00c9\u00a0necess\u00e1rio dar coes\u00e3o e unidade aos que n\u00e3o s\u00e3o linha auxiliar do PT. Uma unidade que passa pelo combate e oposi\u00e7\u00e3o intransigente contra a nova direita representada pelo PT\u00a0e\u00a0a velha direita liderada por Temer e o PSDB. Um bloco que se posicione pelo fim do governo Dilma, contra o impeachment do congresso corrupto\u00a0e\u00a0tamb\u00e9m contra os tucanos e Temer.<\/p>\n<p style=\"text-align: justify;\"><strong>N\u00e3o ceder \u00e0s press\u00f5es dos governistas e seus aliados!<\/strong><\/p>\n<p style=\"text-align: justify;\"><strong>4-<\/strong> \u00a0\u00a0\u00a0\u00a0\u00a0\u00a0\u00a0 Um bloco que evite a dispers\u00e3o, paralisia\u00a0e\u00a0confus\u00e3o que prima em v\u00e1rias outras articula\u00e7\u00f5es. Um bloco que supere as insufici\u00eancias do Espa\u00e7o da Unidade\u00a0e\u00a0A\u00e7\u00e3o, que apesar de ter realizado a\u00e7\u00f5es importantes no ano passado\u00a0e\u00a0no dia 1\u00ba de abril, n\u00e3o est\u00e1 \u00e0 altura dos acontecimentos, pois j\u00e1 n\u00e3o existe a mesma unidade pol\u00edtica anterior. N\u00e3o por acaso, organiza\u00e7\u00f5es como o PCB e o MRT agora defendem a continuidade do mandato de Dilma. O fato \u00e9 que sem unidade pol\u00edtica, ao utilizar o m\u00e9todo do consenso, prima a paralisa e dispers\u00e3o, atrapalhando esse espa\u00e7o a se converter num efetivo polo alternativo que dispute de verdade na base da categorias, na juventude e setores populares. Um exemplo do que falamos pode ser visto na constru\u00e7\u00e3o do primeiro de maio em S\u00e3o Paulo. Na Pra\u00e7a da S\u00e9, v\u00e1rios setores da esquerda, realizam um ato com eixo em \u201cdefesa dos direitos\u201d, \u201ccontra o ajuste\u201d, sem nomear claramente quem aplica os cortes de direitos e o ajuste fiscal em n\u00edvel nacional: o Governo Dilma e seu Vice Temer. Ou seja, um ato que blinda o atual governo do PT. N\u00e3o por acaso \u00e9 uma manifesta\u00e7\u00e3o conjunta com a dire\u00e7\u00e3o do MTST e o campo majorit\u00e1rio do PSOL, as duas correntes mais Lulistas da esquerda brasileira. E v\u00e1rias organiza\u00e7\u00f5es do Espa\u00e7o de Unidade e A\u00e7\u00e3o assinaram a convocat\u00f3ria dessa manifesta\u00e7\u00e3o cujo \u00fanico objetivo era atrapalhar o ato classista da Avenida Paulista.<\/p>\n<p style=\"text-align: justify;\">Nosso centro deve ser a atua\u00e7\u00e3o na base, onde h\u00e1 um espa\u00e7o gigantesco para construir uma alternativa de esquerda, diferente da capitula\u00e7\u00e3o, centrismo e confus\u00e3o que prima nas correntes pol\u00edticas organizadas.<\/p>\n<p style=\"text-align: justify;\"><strong>Por isso propomos:<\/strong><\/p>\n<p style=\"text-align: justify;\"><strong>a) \u00a0<\/strong><strong>Construir um bloco dos que n\u00e3o s\u00e3o linha auxiliar do PT<\/strong>, um polo da oposi\u00e7\u00e3o de esquerda, que tenha como eixo a mobiliza\u00e7\u00e3o, o combate aos ataques de Dilma, Temer, Cunha, Renan A\u00e9cio, governadores, patr\u00f5es\u00a0e\u00a0prefeitos, a a\u00e7\u00e3o direta e coordena\u00e7\u00e3o das lutas. O que se concretiza numa campanha em solidariedade \u00e0 greve dos professores do Rio de Janeiro, as campanhas salariais em curso, a luta contra o PL 257\u00a0e\u00a0outras lutas. Buscar construir um novo bloco social\u00a0e\u00a0pol\u00edtico com as organiza\u00e7\u00f5es que n\u00e3o est\u00e3o no campo do PT, PMDB\u00a0e\u00a0PSDB.<\/p>\n<p style=\"text-align: justify;\"><strong>b)\u00a0<\/strong><strong>Realizar uma plen\u00e1ria sindical, popular e estudantil<\/strong> <strong>no m\u00eas de maio <\/strong>para discutir uma sa\u00edda para o pa\u00eds, sem governistas, sem tucanos e sem patr\u00f5es. Uma plen\u00e1ria sindical, popular\u00a0e\u00a0estudantil convocada por sindicatos, gr\u00eamios estudantis, DCE\u2019s, agrupamentos sindicais, a CSP-CONLUTAS, figuras p\u00fablicas como Luciana Genro, Z\u00e9 Maria, Bab\u00e1\u00a0e\u00a0todos\u00a0que desejarem construir essa iniciativa com a m\u00e1xima amplitude.<\/p>\n<p style=\"text-align: justify;\"><strong>c)\u00a0<\/strong><strong>Dar continuidade as manifesta\u00e7\u00f5es de rua<\/strong> com um eixo pol\u00edtico contra Dilma, Temer, Cunha, Renan, A\u00e9cio, contra PT, PMDB\u00a0e\u00a0PSDB. Uma manifesta\u00e7\u00e3o efetivamente nacional, centralizada em S\u00e3o Paulo, com caravanas dos estados.<\/p>\n<p style=\"text-align: justify;\"><strong>5-<\/strong> \u00a0\u00a0\u00a0\u00a0\u00a0\u00a0\u00a0 N\u00f3s da CST apostamos no desenvolvimento das lutas\u00a0e\u00a0das greves, ou seja, a unidade da esquerda para batalhar por uma nova superior jornada de junho no pa\u00eds. Defendemos o Fora todos, para colocar pra fora Dilma, Temer, Cunha, Renan\u00a0e\u00a0A\u00e9cio. Al\u00e9m disso, propomos que o programa desse bloco comece pela imediata suspens\u00e3o do pagamento da d\u00edvida para destinar mais recursos para sa\u00fade, educa\u00e7\u00e3o\u00a0e\u00a0transporte estatal, em recupera\u00e7\u00e3o dos servi\u00e7os p\u00fablicos\u00a0e\u00a0valoriza\u00e7\u00e3o dos servidores, um plano de obras p\u00fablicas visando moradia popular; contra as demiss\u00f5es\u00a0e\u00a0o arrocho salarial, por estabilidade no emprego\u00a0e\u00a0reposi\u00e7\u00e3o das perdas salariais; pela puni\u00e7\u00e3o dos corruptos\u00a0e\u00a0estatiza\u00e7\u00e3o das empreiteiras envolvidas na Lava Jato; por uma Petrobras 100% estatal\u00a0e\u00a0sob controle dos trabalhadores, por uma assembleia nacional constituinte livre\u00a0e\u00a0soberana para reorganizar o pa\u00eds a servi\u00e7o dos trabalhadores\u00a0e\u00a0do povo. Na estrat\u00e9gia\u00a0de\u00a0construir uma sa\u00edda oper\u00e1ria\u00a0e\u00a0popular para a crise. Ou seja, lutar por mobiliza\u00e7\u00f5es de massa, por organismos de autodetermina\u00e7\u00e3o dos explorados, a batalha por um Governo da Esquerda, dos Trabalhadores\u00a0e\u00a0do Povo.<\/p>\n<p style=\"text-align: justify;\"><strong>Corrente Socialista dos Trabalhadores &#8211; PSOL<\/strong><\/p>\n","protected":false},"excerpt":{"rendered":"<p>1-\u00a0\u00a0\u00a0\u00a0\u00a0\u00a0\u00a0\u00a0\u00a0\u00a0\u00a0\u00a0\u00a0\u00a0\u00a0\u00a0\u00a0 Nos pr\u00f3ximos dias o impeachment ser\u00e1 votado no senado. Independente do resultado, teremos um governo mais fraco e um congresso desacreditado. Por isso existem lideran\u00e7as do PT, PMDB e PSDB que falam em \u201cconcilia\u00e7\u00e3o nacional\u201d e setores burgueses e imperialistas defendem \u201cnovas elei\u00e7\u00f5es\u201d. A<\/p>\n","protected":false},"author":1,"featured_media":1215,"comment_status":"open","ping_status":"open","sticky":false,"template":"","format":"standard","meta":{"footnotes":""},"categories":[5],"tags":[178,84],"class_list":["post-1214","post","type-post","status-publish","format-standard","has-post-thumbnail","hentry","category-nacional","tag-espaco-unidade-de-acao","tag-terceiro-campo"],"_links":{"self":[{"href":"https:\/\/www.cstuit.com\/home\/wp-json\/wp\/v2\/posts\/1214","targetHints":{"allow":["GET"]}}],"collection":[{"href":"https:\/\/www.cstuit.com\/home\/wp-json\/wp\/v2\/posts"}],"about":[{"href":"https:\/\/www.cstuit.com\/home\/wp-json\/wp\/v2\/types\/post"}],"author":[{"embeddable":true,"href":"https:\/\/www.cstuit.com\/home\/wp-json\/wp\/v2\/users\/1"}],"replies":[{"embeddable":true,"href":"https:\/\/www.cstuit.com\/home\/wp-json\/wp\/v2\/comments?post=1214"}],"version-history":[{"count":0,"href":"https:\/\/www.cstuit.com\/home\/wp-json\/wp\/v2\/posts\/1214\/revisions"}],"wp:featuredmedia":[{"embeddable":true,"href":"https:\/\/www.cstuit.com\/home\/wp-json\/wp\/v2\/media\/1215"}],"wp:attachment":[{"href":"https:\/\/www.cstuit.com\/home\/wp-json\/wp\/v2\/media?parent=1214"}],"wp:term":[{"taxonomy":"category","embeddable":true,"href":"https:\/\/www.cstuit.com\/home\/wp-json\/wp\/v2\/categories?post=1214"},{"taxonomy":"post_tag","embeddable":true,"href":"https:\/\/www.cstuit.com\/home\/wp-json\/wp\/v2\/tags?post=1214"}],"curies":[{"name":"wp","href":"https:\/\/api.w.org\/{rel}","templated":true}]}}