

	{"id":1377,"date":"2016-07-13T19:47:09","date_gmt":"2016-07-13T19:47:09","guid":{"rendered":"https:\/\/www.cstuit.com\/home\/?p=1377"},"modified":"2016-07-13T19:51:17","modified_gmt":"2016-07-13T19:51:17","slug":"fora-dornelles","status":"publish","type":"post","link":"https:\/\/www.cstuit.com\/home\/2016\/07\/13\/fora-dornelles\/","title":{"rendered":"Calamidade \u00e9 educador com sal\u00e1rios descontado! | \u202a#\u200eForaDornelles\u202c"},"content":{"rendered":"<p style=\"text-align: justify;\"><img loading=\"lazy\" decoding=\"async\" class=\"aligncenter wp-image-1380 size-large\" src=\"https:\/\/www.cstuit.com\/home\/wp-content\/uploads\/2016\/07\/ForaDornellesSite-1024x683.png\" alt=\"ForaDornellesSite\" width=\"940\" height=\"627\" srcset=\"https:\/\/www.cstuit.com\/home\/wp-content\/uploads\/2016\/07\/ForaDornellesSite-1024x683.png 1024w, https:\/\/www.cstuit.com\/home\/wp-content\/uploads\/2016\/07\/ForaDornellesSite-300x200.png 300w, https:\/\/www.cstuit.com\/home\/wp-content\/uploads\/2016\/07\/ForaDornellesSite-768x512.png 768w, https:\/\/www.cstuit.com\/home\/wp-content\/uploads\/2016\/07\/ForaDornellesSite-600x400.png 600w, https:\/\/www.cstuit.com\/home\/wp-content\/uploads\/2016\/07\/ForaDornellesSite-210x140.png 210w, https:\/\/www.cstuit.com\/home\/wp-content\/uploads\/2016\/07\/ForaDornellesSite-272x182.png 272w, https:\/\/www.cstuit.com\/home\/wp-content\/uploads\/2016\/07\/ForaDornellesSite.png 1200w\" sizes=\"auto, (max-width: 940px) 100vw, 940px\" \/><\/p>\n<p style=\"text-align: justify;\">Desde o dia 2 de mar\u00e7o os profissionais de educa\u00e7\u00e3o do RJ est\u00e3o em uma greve hist\u00f3ria e her\u00f3ica contra o governo Dornelles\/Pez\u00e3o (PMDB) exigindo o que lhes \u00e9 de direito: sal\u00e1rio digno, condi\u00e7\u00f5es de trabalho decentes e investimentos na educa\u00e7\u00e3o. O governo, por sua vez, durante todo esse tempo, concedeu mais isen\u00e7\u00f5es fiscais aos grandes empres\u00e1rios e decretou um &#8220;estado de calamidade p\u00fablica&#8221; no estado com o objet<span class=\"text_exposed_show\">ivo de garantir a realiza\u00e7\u00e3o dos Jogos Ol\u00edmpicos. O governo Temer, aliado de Dornelles, liberou R$3 bilh\u00f5es para esse objetivo, enquanto afirmam que n\u00e3o h\u00e1 dinheiro para o sal\u00e1rio dos servidores e para os investimentos na educa\u00e7\u00e3o, que vai de mal a pior.<\/span><\/p>\n<div class=\"text_exposed_show\">\n<p style=\"text-align: justify;\">Agora o governo declarou guerra aos educadores e a todos que est\u00e3o solid\u00e1rios a essa luta: desconto nos sal\u00e1rios por dias parados durante a greve. Um ataque absurdo ao direito de greve! E n\u00e3o \u00e9 s\u00f3 com os educadores. Esse governo est\u00e1 retirando direitos de toda a popula\u00e7\u00e3o, como os benef\u00edcios sociais e os restaurantes populares, a sa\u00fade est\u00e1 um caos e a viol\u00eancia aumenta a cada dia que passa. Dornelles, portanto, d\u00e1 seguimento ao projeto do PMDB e do PT que destruiu o estado fazendo dele um grande neg\u00f3cio para os empres\u00e1rios. Os trabalhadores, a juventude e o povo tem que se mobilizar para colocar Dornelles para FORA!<\/p>\n<p style=\"text-align: justify;\">Por isso, n\u00f3s da Juventude Vamos \u00e0 Luta, que somos solid\u00e1rios aos educadores, convocamos toda a juventude a fazer parte dessa campanha de apoio. Vamos invadir as redes sociais e as ruas, no calend\u00e1rio de luta aprovado pela categoria, exigindo que Dornelles devolva o sal\u00e1rio roubado dos educadores.<\/p>\n<hr \/>\n<p>Todo apoio \u00e0 greve dos educadores do RJ! Fora Dornelles!<\/p>\n<p>Dornelles, ladr\u00e3o, devolva o sal\u00e1rio dos profissionais de educa\u00e7\u00e3o!<\/p>\n<p><a class=\"_58cn\" href=\"https:\/\/www.facebook.com\/hashtag\/apagatocha?source=feed_text&amp;story_id=1219367664772971\" data-ft=\"{&quot;tn&quot;:&quot;*N&quot;,&quot;type&quot;:104}\"><span class=\"_58cl\">\u202a#\u200e<\/span><span class=\"_58cm\">ApagaTocha\u202c<\/span><\/a> Educa\u00e7\u00e3o SIM! Olimp\u00edadas N\u00c3O! Pela suspens\u00e3o dos Jogos Ol\u00edmpicos!<\/p>\n<p>Suspens\u00e3o do pagamento da d\u00edvida p\u00fablica do estado j\u00e1!<\/p>\n<hr \/>\n<p>&nbsp;<\/p>\n<p><em>Juventude Vamos \u00e0 Luta \/ CST-PSOL | 13\/07\/2016<\/em><\/p>\n<\/div>\n","protected":false},"excerpt":{"rendered":"<p>Desde o dia 2 de mar\u00e7o os profissionais de educa\u00e7\u00e3o do RJ est\u00e3o em uma greve hist\u00f3ria e her\u00f3ica contra o governo Dornelles\/Pez\u00e3o (PMDB) exigindo o que lhes \u00e9 de direito: sal\u00e1rio digno, condi\u00e7\u00f5es de trabalho decentes e investimentos na educa\u00e7\u00e3o. O governo, por sua<\/p>\n","protected":false},"author":1,"featured_media":1380,"comment_status":"open","ping_status":"open","sticky":false,"template":"","format":"standard","meta":{"footnotes":""},"categories":[5],"tags":[202,203,161,13],"class_list":["post-1377","post","type-post","status-publish","format-standard","has-post-thumbnail","hentry","category-nacional","tag-crise","tag-dornelles","tag-olimpiadas","tag-rio-de-janeiro"],"_links":{"self":[{"href":"https:\/\/www.cstuit.com\/home\/wp-json\/wp\/v2\/posts\/1377","targetHints":{"allow":["GET"]}}],"collection":[{"href":"https:\/\/www.cstuit.com\/home\/wp-json\/wp\/v2\/posts"}],"about":[{"href":"https:\/\/www.cstuit.com\/home\/wp-json\/wp\/v2\/types\/post"}],"author":[{"embeddable":true,"href":"https:\/\/www.cstuit.com\/home\/wp-json\/wp\/v2\/users\/1"}],"replies":[{"embeddable":true,"href":"https:\/\/www.cstuit.com\/home\/wp-json\/wp\/v2\/comments?post=1377"}],"version-history":[{"count":0,"href":"https:\/\/www.cstuit.com\/home\/wp-json\/wp\/v2\/posts\/1377\/revisions"}],"wp:featuredmedia":[{"embeddable":true,"href":"https:\/\/www.cstuit.com\/home\/wp-json\/wp\/v2\/media\/1380"}],"wp:attachment":[{"href":"https:\/\/www.cstuit.com\/home\/wp-json\/wp\/v2\/media?parent=1377"}],"wp:term":[{"taxonomy":"category","embeddable":true,"href":"https:\/\/www.cstuit.com\/home\/wp-json\/wp\/v2\/categories?post=1377"},{"taxonomy":"post_tag","embeddable":true,"href":"https:\/\/www.cstuit.com\/home\/wp-json\/wp\/v2\/tags?post=1377"}],"curies":[{"name":"wp","href":"https:\/\/api.w.org\/{rel}","templated":true}]}}