

	{"id":1695,"date":"2016-12-11T19:41:36","date_gmt":"2016-12-11T19:41:36","guid":{"rendered":"https:\/\/www.cstuit.com\/home\/?p=1695"},"modified":"2016-12-11T19:44:23","modified_gmt":"2016-12-11T19:44:23","slug":"ocupar-as-ruas-fora-temer-fora-todos","status":"publish","type":"post","link":"https:\/\/www.cstuit.com\/home\/2016\/12\/11\/ocupar-as-ruas-fora-temer-fora-todos\/","title":{"rendered":"OCUPAR AS RUAS: FORA TEMER! FORA TODOS!"},"content":{"rendered":"<p><strong>Barrar a reforma da previd\u00eancia, a PEC 55 e os ataques contra o povo! Chega de corrup\u00e7\u00e3o!<\/strong><\/p>\n<p style=\"text-align: justify;\">A crise do governo Temer se aprofundou. A divulga\u00e7\u00e3o da lista da Odebrecht, com o envolvimento do presidente num esquema de corrup\u00e7\u00e3o, coloca o governo numa situa\u00e7\u00e3o insustent\u00e1vel. Combinado a insatisfa\u00e7\u00e3o social e as lutas que est\u00e3o ocorrendo, abre-se a possibilidade concreta da queda do Temer. Odiado pela maioria dos trabalhadores e do povo, Temer j\u00e1 perdeu 6 ministros e agora pode perder o mandato. Temos que derrubar Temer realizando grandes manifesta\u00e7\u00f5es de rua, pois ele est\u00e1 destruindo servi\u00e7os p\u00fablicos com a PEC55, atacando a educa\u00e7\u00e3o e pretende aplicar uma reforma da previd\u00eancia que vai acabar com esse direito. Para se aposentar teremos que ter 65 anos e nada menos que 49 anos de contribui\u00e7\u00e3o para ter o benef\u00edcio integral! A maioria dos trabalhadores morrer\u00e1 antes de cumprir essas condi\u00e7\u00f5es. Contra esses ataques est\u00e3o acontecendo ocupa\u00e7\u00f5es, greves na educa\u00e7\u00e3o federal e protestos estaduais. Na \u00faltima semana 12 mil metal\u00fargicos do ABC paulista realizaram uma forte manifesta\u00e7\u00e3o contra a reforma da previd\u00eancia.<\/p>\n<p style=\"text-align: justify;\">A lista da Odebrecht demonstra que PMDB, PSDB, PT, PCdoB, PSB, est\u00e3o envolvidos na corrup\u00e7\u00e3o. \u00c9 uma prova cabal de que a pol\u00edtica tradicional se resume a negociatas onde empreiteiras e bancos financiam campanhas eleitorais e bancam pol\u00edticos para receber favorecimentos dos governos e parlamentos. Todos os principais nomes da rep\u00fablica e os ex-presidentes, como FHC, est\u00e3o envolvidos. O acord\u00e3o fechado no STF para salvar Renan, articulado pelo senador Jorge Viana do PT, mostrou que todos est\u00e3o comprometidos com o ajuste e a corrup\u00e7\u00e3o. O PT para salvar a pr\u00f3pria pele e blindar Lula. A presidente do STF, Carmen Lucia, tamb\u00e9m foi parte desse acordo, para manter essa podre rep\u00fablica dos empreiteiros.<\/p>\n<p style=\"text-align: justify;\">Chega! Devemos ocupar as ruas nessa semana, nos atos do dia 13\/12 pelo Fora Temer e contra a PEC 55. Em alguns estados ocorrem manifesta\u00e7\u00f5es no dia 12\/12 dos servidores estaduais e precisamos unificar essas lutas e gritar Fora Temer! Fora Todos<strong>! Abaixo o Ajuste, a PEC 55 e a Reforma da Previd\u00eancia.<\/strong> <strong>Temos que ocupar as ruas para derrubar Michel Temer e acabar com o ajuste e a contrarreforma da Previd\u00eancia!!!<\/strong>\u00a0 E junto com ele colocar para fora Renan, Maia, Juc\u00e1, Padilha, Moreira Franco, Serra e A\u00e9cio! Fora Pez\u00e3o, Sartori, Pimentel, Jatene e Alckmin! Lutando contra o arrocho e as demiss\u00f5es, pelo pagamento dos sal\u00e1rios atrasados e do 13\u00ba, em defesa de educa\u00e7\u00e3o e sa\u00fade.<\/p>\n<p style=\"text-align: justify;\">At\u00e9 agora as dire\u00e7\u00f5es da CUT, UNE, MST est\u00e3o na contram\u00e3o das lutas. Isolam as mobiliza\u00e7\u00f5es em calend\u00e1rios fragmentados e se negam a marcar a data de uma necess\u00e1ria greve geral. Tudo por sua vincula\u00e7\u00e3o com os corruptos e sua cumplicidade com o ajuste. Diante dessa crise e dos novos ataques exigimos que eles convoquem de verdade suas categorias para os atos dos pr\u00f3ximos dias e marquem a data da greve geral nas pr\u00f3ximas semanas.<\/p>\n<p style=\"text-align: justify;\">\u00c9 preciso unificar as ocupa\u00e7\u00f5es, coordenar as greves e realizar fortes passeatas mostrando a for\u00e7a da nossa mobiliza\u00e7\u00e3o como fizeram os metal\u00fargicos do ABC. Temos que derrubar Temer e barrar essa contrarreforma da previd\u00eancia e a PEC 55. Exigir o confisco dos bens e pris\u00e3o para empres\u00e1rios e pol\u00edticos corruptos e expropria\u00e7\u00e3o das empresas envolvidas na Lava Jato e que todas as dela\u00e7\u00f5es e documentos se tornem p\u00fablicos, para que toda a popula\u00e7\u00e3o possa conhecer. Propomos que o PSOL, o MTST, a CSP-CONLUTAS, os Comandos de Greve da Educa\u00e7\u00e3o Federal, as ocupa\u00e7\u00f5es estudantis, etc, fortale\u00e7am o chamado aos protestos de rua e organizem uma grande plen\u00e1ria nacional e estaduais para dar continuidade as lutas e discutir uma sa\u00edda unit\u00e1ria para enfrentar a crise.<\/p>\n<p>Fora Temer! Fora Todos!<\/p>\n<p>11\/12\/16<\/p>\n<p>Coordena\u00e7\u00e3o Nacional da\u00a0<span style=\"font-family: inherit; font-style: inherit; font-weight: inherit;\">Corrente Socialista dos Trabalhadores &#8211; PSOL<\/span><\/p>\n","protected":false},"excerpt":{"rendered":"<p>Barrar a reforma da previd\u00eancia, a PEC 55 e os ataques contra o povo! Chega de corrup\u00e7\u00e3o! A crise do governo Temer se aprofundou. A divulga\u00e7\u00e3o da lista da Odebrecht, com o envolvimento do presidente num esquema de corrup\u00e7\u00e3o, coloca o governo numa situa\u00e7\u00e3o insustent\u00e1vel.<\/p>\n","protected":false},"author":2,"featured_media":1696,"comment_status":"open","ping_status":"open","sticky":false,"template":"","format":"standard","meta":{"footnotes":""},"categories":[5],"tags":[154,44],"class_list":["post-1695","post","type-post","status-publish","format-standard","has-post-thumbnail","hentry","category-nacional","tag-fora-temer","tag-fora-todos"],"_links":{"self":[{"href":"https:\/\/www.cstuit.com\/home\/wp-json\/wp\/v2\/posts\/1695","targetHints":{"allow":["GET"]}}],"collection":[{"href":"https:\/\/www.cstuit.com\/home\/wp-json\/wp\/v2\/posts"}],"about":[{"href":"https:\/\/www.cstuit.com\/home\/wp-json\/wp\/v2\/types\/post"}],"author":[{"embeddable":true,"href":"https:\/\/www.cstuit.com\/home\/wp-json\/wp\/v2\/users\/2"}],"replies":[{"embeddable":true,"href":"https:\/\/www.cstuit.com\/home\/wp-json\/wp\/v2\/comments?post=1695"}],"version-history":[{"count":0,"href":"https:\/\/www.cstuit.com\/home\/wp-json\/wp\/v2\/posts\/1695\/revisions"}],"wp:featuredmedia":[{"embeddable":true,"href":"https:\/\/www.cstuit.com\/home\/wp-json\/wp\/v2\/media\/1696"}],"wp:attachment":[{"href":"https:\/\/www.cstuit.com\/home\/wp-json\/wp\/v2\/media?parent=1695"}],"wp:term":[{"taxonomy":"category","embeddable":true,"href":"https:\/\/www.cstuit.com\/home\/wp-json\/wp\/v2\/categories?post=1695"},{"taxonomy":"post_tag","embeddable":true,"href":"https:\/\/www.cstuit.com\/home\/wp-json\/wp\/v2\/tags?post=1695"}],"curies":[{"name":"wp","href":"https:\/\/api.w.org\/{rel}","templated":true}]}}