

	{"id":1921,"date":"2017-03-13T18:44:09","date_gmt":"2017-03-13T18:44:09","guid":{"rendered":"https:\/\/www.cstuit.com\/home\/?p=1921"},"modified":"2017-04-02T02:19:50","modified_gmt":"2017-04-02T02:19:50","slug":"1503-parar-o-pais-contra-a-reforma-da-previdencia-fora-temer","status":"publish","type":"post","link":"https:\/\/www.cstuit.com\/home\/2017\/03\/13\/1503-parar-o-pais-contra-a-reforma-da-previdencia-fora-temer\/","title":{"rendered":"15\/03: PARAR O PA\u00cdS CONTRA A REFORMA DA PREVID\u00caNCIA! FORA TEMER!"},"content":{"rendered":"<p>Um governo e um congresso corrupto querem roubar o nosso direito \u00e0 aposentadoria. Esses bandidos que governam o pa\u00eds, apoiados pela grande imprensa e pelos grandes empres\u00e1rios, querem impor um dos maiores ataques contra nossos direitos nas \u00faltimas d\u00e9cadas.<\/p>\n<p>A reforma da Previd\u00eancia (PEC 287\/2016) j\u00e1 tramita a todo vapor na C\u00e2mara Federal. Uma comiss\u00e3o especial foi instalada e o relator do projeto, deputado Arthur Maia (PPS-BA), parlamentar que teve a sua campanha financiada por fundos de previd\u00eancia privada, pretende votar o seu relat\u00f3rio at\u00e9 o final de mar\u00e7o. Para aprovar esse ataque o governo corrupto de Temer (PMDB) j\u00e1 prometeu verbas e cargos para os deputados na velha pol\u00edtica do toma l\u00e1 d\u00e1 c\u00e1. Ou seja, Temer vai dar dinheiro da popula\u00e7\u00e3o trabalhadora para os deputados corruptos aprovarem o roubo dos nossos direitos.<\/p>\n<p>O dia 15 de mar\u00e7o convocado pelas centrais sindicais \u00e9 um dia muito importante para barrarmos a reforma da Previd\u00eancia. As centrais e a maioria dos sindicatos devem sair das palavras e partirem para a a\u00e7\u00e3o, mobilizando em cada local de trabalho, pois s\u00f3 assim poderemos acabar com essas medidas contra o povo e tamb\u00e9m com o governo Temer!<\/p>\n<p><strong>Conhe\u00e7a as principais medidas da contrarreforma da Previd\u00eancia:\u00a0<\/strong><\/p>\n<p><strong>Aumento da idade m\u00ednima de aposentadoria para homens e mulheres\u00a0<\/strong><\/p>\n<p>A PEC prop\u00f5e igualar a idade m\u00ednima para homens e mulheres, que passariam a se aposentar aos 65 anos de idade. Um verdadeiro ataque aos direitos de todos os trabalhadores, em especial ao das mulheres, que enfrentam dupla e at\u00e9 tripla jornada de trabalho. Essa proposta n\u00e3o leva em considera\u00e7\u00e3o que a expectativa de vida \u00e9 diferente dependendo da regi\u00e3o brasileira.<\/p>\n<p><strong>Aposentadoria integral somente com 49 anos de contribui\u00e7\u00e3o\u00a0<\/strong><\/p>\n<p>Para se ter o direito a aposentadoria integral ser\u00e1 preciso contribuir por 49 anos. Ou seja, para o trabalhador se aposentar aos 65 anos ter\u00e1 que come\u00e7ar a trabalhar aos 16 anos, idade escolar, e ter emprego com carteira assinada de forma ininterrupta sem uma \u00fanica demiss\u00e3o. Tudo isso em um pa\u00eds onde o \u00edndice de desemprego \u00e9 alt\u00edssimo. A grande maioria vai morrer sem se aposentar. Os que conseguirem n\u00e3o receber\u00e3o o benef\u00edcio de forma integral.<\/p>\n<p><strong>Redu\u00e7\u00e3o no valor das Pens\u00f5es\u00a0<\/strong><\/p>\n<p>Pela proposta do governo a pens\u00e3o por morte deixa de se integral, sendo reduzida para 50%, com acr\u00e9scimo de 10% por cada dependente menor. Mais uma vez s\u00e3o as mulheres que mais sofrem, pois a grande parte dos pensionistas s\u00e3o mulheres, que na maioria das vezes tem apenas essa renda para sobreviver. Para piorar, o reajuste da pens\u00e3o ser\u00e1 desvinculado do reajuste do sal\u00e1rio m\u00ednimo o que impedir\u00e1 qualquer aumento real no valor da pens\u00e3o. Existem ainda outras medidas que atacam os diretos dos trabalhadores, como o fim do regime especial de aposentadoria para professores; cria\u00e7\u00e3o de fundos de previd\u00eancia complementar para todos os estados e o aumento da idade de 65 para 70 anos para que os benefici\u00e1rios pela Lei Org\u00e2nica de Assist\u00eancia Social e do Benef\u00edcio Assistencial de Presta\u00e7\u00e3o Continuada (BPC) recebam o seu benef\u00edcio.<\/p>\n<p><strong>Pela continuidade do calend\u00e1rio rumo a greve geral<\/strong><\/p>\n<p>Para derrotar as contrarreformas previdenci\u00e1ria e trabalhista ser\u00e1 necess\u00e1rio darmos continuidade ao dia 15. Somente uma greve geral pode derrubar o corrupto governo Temer e todas as medidas de ataques contra os trabalhadores e para isso as Centrais sindicais tem que convocar uma greve geral para abril unificando todas as categorias. Por isso exigimos que logo ap\u00f3s o ato do dia 15 as centrais sindicais chamem uma plen\u00e1ria nacional aberta para discutir a continuidade da luta contra as reformas e o governo Temer.<\/p>\n","protected":false},"excerpt":{"rendered":"<p>Um governo e um congresso corrupto querem roubar o nosso direito \u00e0 aposentadoria. Esses bandidos que governam o pa\u00eds, apoiados pela grande imprensa e pelos grandes empres\u00e1rios, querem impor um dos maiores ataques contra nossos direitos nas \u00faltimas d\u00e9cadas. A reforma da Previd\u00eancia (PEC 287\/2016)<\/p>\n","protected":false},"author":2,"featured_media":1831,"comment_status":"open","ping_status":"open","sticky":false,"template":"","format":"standard","meta":{"footnotes":""},"categories":[17],"tags":[154,288],"class_list":["post-1921","post","type-post","status-publish","format-standard","has-post-thumbnail","hentry","category-sindical","tag-fora-temer","tag-nao-a-reforma-da-previdencia"],"_links":{"self":[{"href":"https:\/\/www.cstuit.com\/home\/wp-json\/wp\/v2\/posts\/1921","targetHints":{"allow":["GET"]}}],"collection":[{"href":"https:\/\/www.cstuit.com\/home\/wp-json\/wp\/v2\/posts"}],"about":[{"href":"https:\/\/www.cstuit.com\/home\/wp-json\/wp\/v2\/types\/post"}],"author":[{"embeddable":true,"href":"https:\/\/www.cstuit.com\/home\/wp-json\/wp\/v2\/users\/2"}],"replies":[{"embeddable":true,"href":"https:\/\/www.cstuit.com\/home\/wp-json\/wp\/v2\/comments?post=1921"}],"version-history":[{"count":0,"href":"https:\/\/www.cstuit.com\/home\/wp-json\/wp\/v2\/posts\/1921\/revisions"}],"wp:featuredmedia":[{"embeddable":true,"href":"https:\/\/www.cstuit.com\/home\/wp-json\/wp\/v2\/media\/1831"}],"wp:attachment":[{"href":"https:\/\/www.cstuit.com\/home\/wp-json\/wp\/v2\/media?parent=1921"}],"wp:term":[{"taxonomy":"category","embeddable":true,"href":"https:\/\/www.cstuit.com\/home\/wp-json\/wp\/v2\/categories?post=1921"},{"taxonomy":"post_tag","embeddable":true,"href":"https:\/\/www.cstuit.com\/home\/wp-json\/wp\/v2\/tags?post=1921"}],"curies":[{"name":"wp","href":"https:\/\/api.w.org\/{rel}","templated":true}]}}