

	{"id":3528,"date":"2018-09-11T20:24:13","date_gmt":"2018-09-11T20:24:13","guid":{"rendered":"https:\/\/www.cstuit.com\/home\/?p=3528"},"modified":"2018-11-09T12:59:23","modified_gmt":"2018-11-09T12:59:23","slug":"psol-deve-rearmar-a-campanha-do-boulos-sonia-para-combater-bolsonaro-e-o-voto-util","status":"publish","type":"post","link":"https:\/\/www.cstuit.com\/home\/2018\/09\/11\/psol-deve-rearmar-a-campanha-do-boulos-sonia-para-combater-bolsonaro-e-o-voto-util\/","title":{"rendered":"PSOL deve rearmar a campanha do Boulos\/S\u00f4nia para combater Bolsonaro e o voto \u00fatil"},"content":{"rendered":"<p>Rosi Messias &#8211; Executiva Nacional do PSOL<\/p>\n<p style=\"font-weight: 400;\">Estamos a menos de um m\u00eas do pleito nacional marcado para o dia 7 de outubro. As m\u00e1quinas eleitorais est\u00e3o atuando a todo o vapor, o tempo de televis\u00e3o e a exposi\u00e7\u00e3o na m\u00eddia das campanhas milion\u00e1rias mostram o quanto a elei\u00e7\u00e3o \u00e9 controlada pela grande burguesia e manipulada \u00e0 servi\u00e7o dos projetos dos de cima. No campo da pol\u00edtica, estamos passando pelas elei\u00e7\u00f5es gerais das mais complexas desde a queda da ditadura.<\/p>\n<p style=\"font-weight: 400;\">A crise econ\u00f4mica \u00e9 muito profunda e tem tido consequ\u00eancias devastadoras na vida do povo trabalhador: desemprego, crise nos servi\u00e7os p\u00fablicos, na sa\u00fade, educa\u00e7\u00e3o, inc\u00eandio no Museu Nacional, aumento da viol\u00eancia urbana, etc. Tudo isso tem sido combust\u00edvel para um cen\u00e1rio eleitoral complexo onde os partidos, PSDB, MDB, PT, DEM, pretendem seguir governando e aplicando um duro ajuste econ\u00f4mico.<\/p>\n<p style=\"font-weight: 400;\">Fruto da desesperan\u00e7a, da grave crise econ\u00f4mica, social e pol\u00edtica, pela primeira vez h\u00e1 um candidato da extrema direita, com posi\u00e7\u00f5es fascistizantes, com uma grande proje\u00e7\u00e3o de votos e consolida\u00e7\u00e3o em diversos setores da sociedade. Desencantados com a pol\u00edtica, veem em Bolsonaro uma figura anticorrup\u00e7\u00e3o e antissistema. As \u00faltimas pesquisas d\u00e3o praticamente como certo Bolsonaro no segundo turno, o que vem precipitado uma justificada apreens\u00e3o em setores progressistas, populares e na esquerda radical, e esse fato desencadeou nos \u00faltimos dias a declara\u00e7\u00e3o p\u00fablica de voto \u00fatil, principalmente por agora, no candidato Ciro Gomes do PDT. Avaliamos que \u00e9 uma posi\u00e7\u00e3o equivocada e cabe \u00e0 dire\u00e7\u00e3o do partido rearmar nossa campanha a servi\u00e7o de combater essa linha do voto \u00fatil, fortalecendo o voto no PSOL 50, em Boulos e S\u00f4nia.<\/p>\n<p style=\"font-weight: 400;\">Nossa campanha de Boulos\/S\u00f4nia deve seguir a diferencia\u00e7\u00e3o com Bolsonaro. No entanto, \u00e9 urgente readequar e jogar nossas baterias contra Ciro e Haddad, explicando de forma paciente o erro em rela\u00e7\u00e3o ao voto \u00fatil. Ciro nem de longe representa uma renova\u00e7\u00e3o na pol\u00edtica. Em sua carreira passou por sete partidos e diversos governos. Foi um dos pais do Plano Real. Seu poss\u00edvel futuro ministro da Fazenda defende privatiza\u00e7\u00f5es e ele pr\u00f3prio fala em \u201cprivatizar com intelig\u00eancia\u201d. Sua vice, K\u00e1tia Abreu, representa o agroneg\u00f3cio brasileiro.<\/p>\n<p style=\"font-weight: 400;\">Da mesma forma est\u00e1 Haddad, que\u00a0fez quest\u00e3o de viajar para Alagoas para apoiar as campanhas de Renan Calheiros e Renan Filho, candidatos a senador e governador pelo MDB e de Eun\u00edcio Oliveira, velho pol\u00edtico, aliado ao Temer. Haddad fez quest\u00e3o de acenar para o mercado e diversas reuni\u00f5es com representantes do sistema financeiro e com a Febraban, onde declarou que, se eleito, seu Ministro da Fazenda ser\u00e1 algu\u00e9m com aval dos banqueiros. Ou seja, o PT seguir\u00e1 a l\u00f3gica que marcou seu governo nos \u00faltimos 14 anos, governar com e para a grande burguesia, aliado aos velhos pol\u00edticos como Renan! Com Haddad est\u00e1 muito evidente que s\u00f3 podemos esperar mais ajuste fiscal para honrar os compromissos com os banqueiros e a d\u00edvida p\u00fablica.<\/p>\n<p style=\"font-weight: 400;\">Essa arma\u00e7\u00e3o nosso partido tem que ter, para combater o caminho do medo, da desesperan\u00e7a, aproveitando um espa\u00e7o \u00e0 esquerda que existe. O PSOL \u00e9 o \u00fanico partido que pode de fato disputar esse espa\u00e7o. N\u00e3o nos submeteremos \u00e0 press\u00e3o do regime democr\u00e1tico burgu\u00eas, \u00e0s press\u00f5es eleitorais como as do voto \u00fatil. Nosso jovem partido j\u00e1 tem uma hist\u00f3ria, fomos expulsos do PT por nos recusar a votar a reforma da previd\u00eancia, o que nos levou a ser oposi\u00e7\u00e3o de esquerda aos governos petistas, al\u00e9m disso somos o \u00fanico partido com base parlamentar que n\u00e3o est\u00e1 envolvido em corrup\u00e7\u00e3o. Temos um acumulo da campanha de 2006, 2010 e 2014 que nos arma de artilharia contra o PT.<\/p>\n<p style=\"font-weight: 400;\">O chamado ao voto no PSOL 50, em Boulos\/S\u00f4nia \u00e9 um chamado a lutar e a derrotar os candidatos do ajuste e da corrup\u00e7\u00e3o, pois necessitamos fortalecer a luta contra as Reformas neoliberais do Temer e dos governadores e o conjunto de ataques desferidos contra a classe trabalhadora nos \u00faltimos anos.\u00a0 Com Bolsonaro, Ciro, Marina, Alckmin e Haddad s\u00f3 teremos mais ajuste e crise para o povo trabalhador. Essa den\u00fancia temos que fazer de forma contundente.<\/p>\n<p style=\"font-weight: 400;\">Por isso estamos propondo uma reuni\u00e3o urgente da Executiva Nacional do PSOL para reorientar a campanha, armando nossa milit\u00e2ncia a sair ofensivamente contra o voto \u00fatil e os candidatos do ajuste, chamando a votar nacionalmente pela chapa Boulos-Guajajara. Com essa candidatura e essas propostas vamos lutar para a consci\u00eancia avan\u00e7ar. Essa \u00e9 a tarefa dos socialistas. Essa reorienta\u00e7\u00e3o \u00e9 necess\u00e1ria e urgente fazermos. O voto mais \u00fatil que existe \u00e9 o que faz avan\u00e7ar a consci\u00eancia do povo trabalhador. E hoje \u00e9 o voto no PSOL 50, Boulos\/S\u00f4nia contra as candidaturas do ajuste.<\/p>\n<p style=\"font-weight: 400;\">11 de setembro de 2018<\/p>\n","protected":false},"excerpt":{"rendered":"<p>Rosi Messias &#8211; Executiva Nacional do PSOL Estamos a menos de um m\u00eas do pleito nacional marcado para o dia 7 de outubro. As m\u00e1quinas eleitorais est\u00e3o atuando a todo o vapor, o tempo de televis\u00e3o e a exposi\u00e7\u00e3o na m\u00eddia das campanhas milion\u00e1rias mostram<\/p>\n","protected":false},"author":2,"featured_media":3621,"comment_status":"open","ping_status":"open","sticky":false,"template":"","format":"standard","meta":{"footnotes":""},"categories":[8],"tags":[549,378,628,660,37],"class_list":["post-3528","post","type-post","status-publish","format-standard","has-post-thumbnail","hentry","category-debates-socialistas","tag-bolsonaro","tag-boulos","tag-eleicoes-2018","tag-presidente","tag-psol"],"_links":{"self":[{"href":"https:\/\/www.cstuit.com\/home\/wp-json\/wp\/v2\/posts\/3528","targetHints":{"allow":["GET"]}}],"collection":[{"href":"https:\/\/www.cstuit.com\/home\/wp-json\/wp\/v2\/posts"}],"about":[{"href":"https:\/\/www.cstuit.com\/home\/wp-json\/wp\/v2\/types\/post"}],"author":[{"embeddable":true,"href":"https:\/\/www.cstuit.com\/home\/wp-json\/wp\/v2\/users\/2"}],"replies":[{"embeddable":true,"href":"https:\/\/www.cstuit.com\/home\/wp-json\/wp\/v2\/comments?post=3528"}],"version-history":[{"count":0,"href":"https:\/\/www.cstuit.com\/home\/wp-json\/wp\/v2\/posts\/3528\/revisions"}],"wp:featuredmedia":[{"embeddable":true,"href":"https:\/\/www.cstuit.com\/home\/wp-json\/wp\/v2\/media\/3621"}],"wp:attachment":[{"href":"https:\/\/www.cstuit.com\/home\/wp-json\/wp\/v2\/media?parent=3528"}],"wp:term":[{"taxonomy":"category","embeddable":true,"href":"https:\/\/www.cstuit.com\/home\/wp-json\/wp\/v2\/categories?post=3528"},{"taxonomy":"post_tag","embeddable":true,"href":"https:\/\/www.cstuit.com\/home\/wp-json\/wp\/v2\/tags?post=3528"}],"curies":[{"name":"wp","href":"https:\/\/api.w.org\/{rel}","templated":true}]}}