

	{"id":5711,"date":"2020-03-09T14:37:45","date_gmt":"2020-03-09T14:37:45","guid":{"rendered":"https:\/\/www.cstuit.com\/home\/?p=5711"},"modified":"2020-03-09T14:40:26","modified_gmt":"2020-03-09T14:40:26","slug":"a-primavera-feminista-continua-uma-onda-de-lutas-sacode-o-planeta","status":"publish","type":"post","link":"https:\/\/www.cstuit.com\/home\/2020\/03\/09\/a-primavera-feminista-continua-uma-onda-de-lutas-sacode-o-planeta\/","title":{"rendered":"A primavera feminista continua: uma onda de lutas sacode o planeta"},"content":{"rendered":"<h6 style=\"text-align: right;\">Joice Souza, Mulheres da CST-PSOL.<\/h6>\n<hr \/>\n<div id=\"attachment_5712\" style=\"width: 1310px\" class=\"wp-caption aligncenter\"><img loading=\"lazy\" decoding=\"async\" aria-describedby=\"caption-attachment-5712\" class=\"size-full wp-image-5712\" src=\"https:\/\/www.cstuit.com\/home\/wp-content\/uploads\/2020\/03\/Mulheres_MareVerde_Argentina_19-de-Fevereiro-de-2020_Agustin-Marcarian-Reuters.jpg\" alt=\"\" width=\"1300\" height=\"800\" srcset=\"https:\/\/www.cstuit.com\/home\/wp-content\/uploads\/2020\/03\/Mulheres_MareVerde_Argentina_19-de-Fevereiro-de-2020_Agustin-Marcarian-Reuters.jpg 1300w, https:\/\/www.cstuit.com\/home\/wp-content\/uploads\/2020\/03\/Mulheres_MareVerde_Argentina_19-de-Fevereiro-de-2020_Agustin-Marcarian-Reuters-300x185.jpg 300w, https:\/\/www.cstuit.com\/home\/wp-content\/uploads\/2020\/03\/Mulheres_MareVerde_Argentina_19-de-Fevereiro-de-2020_Agustin-Marcarian-Reuters-768x473.jpg 768w, https:\/\/www.cstuit.com\/home\/wp-content\/uploads\/2020\/03\/Mulheres_MareVerde_Argentina_19-de-Fevereiro-de-2020_Agustin-Marcarian-Reuters-1024x630.jpg 1024w, https:\/\/www.cstuit.com\/home\/wp-content\/uploads\/2020\/03\/Mulheres_MareVerde_Argentina_19-de-Fevereiro-de-2020_Agustin-Marcarian-Reuters-50x31.jpg 50w, https:\/\/www.cstuit.com\/home\/wp-content\/uploads\/2020\/03\/Mulheres_MareVerde_Argentina_19-de-Fevereiro-de-2020_Agustin-Marcarian-Reuters-600x369.jpg 600w\" sizes=\"auto, (max-width: 1300px) 100vw, 1300px\" \/><p id=\"caption-attachment-5712\" class=\"wp-caption-text\">Mulheres argentinas mostram seus len\u00e7os verdes, s\u00edmbolo da luta pelo aborto livre, seguro e gratuito. 19 de Fevereiro | Foto: Agustin Marcarian\/Reuters<\/p><\/div>\n<p>Chegamos a 2020 sob o signo onda de lutas feministas de car\u00e1ter global, que toma as ruas de diversos pa\u00edses e que d\u00e1 um salto a partir de 2015. A primavera das mulheres, do #NiUnaAMenos, das lutas na Argentina pela legaliza\u00e7\u00e3o do aborto, no Chile, EUA e Brasil contra Pi\u00f1era, Trump e Bolsonaro, das libanesas, sudanesas, haitianas, catal\u00e3s, indianas e \u00e1rabes, dentre outras, segue viva. A greve mundial de mulheres, convocada em 2017 e 2018, demonstra o car\u00e1ter radical e internacionalista desta nova onda de lutas feministas que v\u00e3o contra os governos, os partidos patronais, as igrejas, as pol\u00edcias e todas as institui\u00e7\u00f5es defensoras do patriarcado.<\/p>\n<p>Crescem as lutas em todo o mundo contra o machismo, os feminic\u00eddios e a viol\u00eancia de g\u00eanero, por aborto legal e igualdade de sal\u00e1rios, onde sem d\u00favida o grande destaque \u00e9 luta das chilenas contra Pi\u00f1era, mostrando que s\u00e3o lutas tamb\u00e9m contra os governos e regimes ajustadores que retiram direitos, como tamb\u00e9m vemos nas gigantescas mobiliza\u00e7\u00f5es e greves gerais francesas contra a Reforma da Previd\u00eancia ou na continuidade da luta pela legaliza\u00e7\u00e3o do aborto na Argentina. A mar\u00e9 verde, no \u00faltimo dia 19 de fevereiro, tomou as ruas aos milhares em diversas cidades argentinas exigindo a vota\u00e7\u00e3o do Projeto de Lei da Campanha Nacional pelo direito ao aborto que est\u00e1 no parlamento e que at\u00e9 agora n\u00e3o foi votado devido \u00e0 press\u00e3o das igrejas.<\/p>\n<p>Um dos motivos para tantas mobiliza\u00e7\u00f5es nos \u00e9 apontado pelas companheiras do partido argentino Izquierda Socialista:<\/p>\n<blockquote>\n<h4><span style=\"color: #999999;\">\u201cA crise econ\u00f4mica atual aprofunda o lugar das mulheres como uma vari\u00e1vel a mais para aplica\u00e7\u00e3o do ajuste e os governos do mundo inteiro as atacam para poder garantir maiores lucros aos empres\u00e1rios. Ajuste, cortes e austeridade s\u00e3o o plano do imperialismo que as mulheres n\u00e3o est\u00e3o dispostas a suportar. Por isso, se organizam e saem \u00e0s ruas a enfrentar os governos de plant\u00e3o que s\u00e3o os respons\u00e1veis pela situa\u00e7\u00e3o das mulheres\u201d. <\/span><\/h4>\n<\/blockquote>\n<p>E o mais importante \u00e9 que essas mobiliza\u00e7\u00f5es t\u00eam conquistado vit\u00f3rias: como na Irlanda, onde se conquistou o direito ao aborto, ou na Ar\u00e1bia Saudita, onde as mulheres conquistaram o direito de dirigir ve\u00edculos. Nos EUA, onde a onda feminista tamb\u00e9m invadiu as telas e os tapetes de vermelhos de Hollywood, v\u00e1rios figur\u00f5es rica\u00e7os e abusadores foram denunciados e punidos a partir do movimento <strong>#MeToo<\/strong>.<\/p>\n<p>Tamb\u00e9m nos EUA, nasceu a convocat\u00f3ria da Greve Internacional de Mulheres em 2017, a partir mobiliza\u00e7\u00e3o massiva de mulheres nos Estados Unidos (Woman\u00b4s March) no dia da posse de Donald Trump, o ultrarreacion\u00e1rio, mis\u00f3gino e racista presidente dos EUA, a quem as mulheres norte-americanas n\u00e3o t\u00eam dado um dia de sossego. O chamado foi atendido por milh\u00f5es de mulheres que, em 2018, repetiram a convocat\u00f3ria.<\/p>\n<div id=\"attachment_5714\" style=\"width: 1310px\" class=\"wp-caption aligncenter\"><img loading=\"lazy\" decoding=\"async\" aria-describedby=\"caption-attachment-5714\" class=\"size-full wp-image-5714\" src=\"https:\/\/www.cstuit.com\/home\/wp-content\/uploads\/2020\/03\/Violador-eres-tu_chile.jpg\" alt=\"\" width=\"1300\" height=\"800\" srcset=\"https:\/\/www.cstuit.com\/home\/wp-content\/uploads\/2020\/03\/Violador-eres-tu_chile.jpg 1300w, https:\/\/www.cstuit.com\/home\/wp-content\/uploads\/2020\/03\/Violador-eres-tu_chile-300x185.jpg 300w, https:\/\/www.cstuit.com\/home\/wp-content\/uploads\/2020\/03\/Violador-eres-tu_chile-768x473.jpg 768w, https:\/\/www.cstuit.com\/home\/wp-content\/uploads\/2020\/03\/Violador-eres-tu_chile-1024x630.jpg 1024w, https:\/\/www.cstuit.com\/home\/wp-content\/uploads\/2020\/03\/Violador-eres-tu_chile-50x31.jpg 50w, https:\/\/www.cstuit.com\/home\/wp-content\/uploads\/2020\/03\/Violador-eres-tu_chile-600x369.jpg 600w\" sizes=\"auto, (max-width: 1300px) 100vw, 1300px\" \/><p id=\"caption-attachment-5714\" class=\"wp-caption-text\">O grupo feminista chileno Las Tesis criou a coreografia para a can\u00e7\u00e3o &#8220;El violador eres t\u00fa&#8221;, que viralizou e foi reproduzido mundialmente. Novembro, 2019. | Foto: NOSOTRAS AUDIOVISUALES<\/p><\/div>\n<h3><strong>O violador \u00e9 Pi\u00f1era! Mulheres na linha de frente das lutas chilenas<\/strong><\/h3>\n<p>As mobiliza\u00e7\u00f5es contra o governo chileno e o modelo neoliberal no pa\u00eds confluem com o ascenso do movimento de mulheres que, em maio de 2018, demonstrou um grande salto quando estudantes secundaristas e universit\u00e1rias realizaram uma onda de ocupa\u00e7\u00f5es de escolas e universidades, as \u201ctomadas feministas\u201d, contra os ass\u00e9dios, abusos sexuais e todo o tipo de viol\u00eancia de g\u00eanero. Isso se refletiu nos gigantescos atos do 8 de mar\u00e7o de 2019 que levou centenas de milhares de mulheres \u00e0s ruas da capital Santiago. Em mobiliza\u00e7\u00e3o permanente desde ent\u00e3o, as jovens chilenas v\u00e3o ser parte protagonista das ondas de mobiliza\u00e7\u00f5es e greves que pedem o <em>&#8220;Fora Pi\u00f1era&#8221;<\/em> e tamb\u00e9m um dos principais alvos da repress\u00e3o do governo, sofrendo todo o tipo de viol\u00eancia, inclusive sexual, por parte dos carabineiros, o que demonstra a face mis\u00f3gina e feminicida do modelo chileno, a vitrine do neoliberalismo na Am\u00e9rica Latina. S\u00e3o tamb\u00e9m elas as mais penalizadas por esse modelo.<\/p>\n<p>Por\u00e9m, a repress\u00e3o n\u00e3o tirou as chilenas das ruas: frente ao brutal assassinato da ativista Daniela Carrasco e as diversas viola\u00e7\u00f5es de direitos humanos, as mulheres realizaram um protesto gigantesco, batizado de Marcha do Sil\u00eancio. Mas o principal s\u00edmbolo do protagonismo das mulheres nesse processo foi a performance <strong><em>\u201cEl<\/em><\/strong><strong><em>\u00a0violador eres t\u00fa\u201d<\/em><\/strong>, nascida nas ruas de Santiago, na qual mulheres de venda nos olhos apontam que o governo Pi\u00f1era e sua pol\u00edcia repressora tamb\u00e9m s\u00e3o violadores. Essa performance correu o mundo sendo encenada por milhares de mulheres em diversos pa\u00edses.<\/p>\n<hr \/>\n<h6>Esta mat\u00e9ria est\u00e1 na edi\u00e7\u00e3o 106 do Jornal Combate Socialista<\/h6>\n<p><img loading=\"lazy\" decoding=\"async\" class=\"aligncenter size-full wp-image-5715\" src=\"https:\/\/www.cstuit.com\/home\/wp-content\/uploads\/2020\/03\/jornal_cs106_banner.jpg\" alt=\"\" width=\"1582\" height=\"512\" srcset=\"https:\/\/www.cstuit.com\/home\/wp-content\/uploads\/2020\/03\/jornal_cs106_banner.jpg 1582w, https:\/\/www.cstuit.com\/home\/wp-content\/uploads\/2020\/03\/jornal_cs106_banner-300x97.jpg 300w, https:\/\/www.cstuit.com\/home\/wp-content\/uploads\/2020\/03\/jornal_cs106_banner-768x249.jpg 768w, https:\/\/www.cstuit.com\/home\/wp-content\/uploads\/2020\/03\/jornal_cs106_banner-1024x331.jpg 1024w, https:\/\/www.cstuit.com\/home\/wp-content\/uploads\/2020\/03\/jornal_cs106_banner-50x16.jpg 50w, https:\/\/www.cstuit.com\/home\/wp-content\/uploads\/2020\/03\/jornal_cs106_banner-600x194.jpg 600w\" sizes=\"auto, (max-width: 1582px) 100vw, 1582px\" \/><\/p>\n","protected":false},"excerpt":{"rendered":"<p>Joice Souza, Mulheres da CST-PSOL. Chegamos a 2020 sob o signo onda de lutas feministas de car\u00e1ter global, que toma as ruas de diversos pa\u00edses e que d\u00e1 um salto a partir de 2015. A primavera das mulheres, do #NiUnaAMenos, das lutas na Argentina pela<\/p>\n","protected":false},"author":1,"featured_media":5712,"comment_status":"open","ping_status":"open","sticky":false,"template":"","format":"standard","meta":{"footnotes":""},"categories":[6],"tags":[905,137,270,57],"class_list":["post-5711","post","type-post","status-publish","format-standard","has-post-thumbnail","hentry","category-internacional","tag-chile","tag-jornal-combate-socialista","tag-luta-das-mulheres","tag-mulheres"],"_links":{"self":[{"href":"https:\/\/www.cstuit.com\/home\/wp-json\/wp\/v2\/posts\/5711","targetHints":{"allow":["GET"]}}],"collection":[{"href":"https:\/\/www.cstuit.com\/home\/wp-json\/wp\/v2\/posts"}],"about":[{"href":"https:\/\/www.cstuit.com\/home\/wp-json\/wp\/v2\/types\/post"}],"author":[{"embeddable":true,"href":"https:\/\/www.cstuit.com\/home\/wp-json\/wp\/v2\/users\/1"}],"replies":[{"embeddable":true,"href":"https:\/\/www.cstuit.com\/home\/wp-json\/wp\/v2\/comments?post=5711"}],"version-history":[{"count":0,"href":"https:\/\/www.cstuit.com\/home\/wp-json\/wp\/v2\/posts\/5711\/revisions"}],"wp:featuredmedia":[{"embeddable":true,"href":"https:\/\/www.cstuit.com\/home\/wp-json\/wp\/v2\/media\/5712"}],"wp:attachment":[{"href":"https:\/\/www.cstuit.com\/home\/wp-json\/wp\/v2\/media?parent=5711"}],"wp:term":[{"taxonomy":"category","embeddable":true,"href":"https:\/\/www.cstuit.com\/home\/wp-json\/wp\/v2\/categories?post=5711"},{"taxonomy":"post_tag","embeddable":true,"href":"https:\/\/www.cstuit.com\/home\/wp-json\/wp\/v2\/tags?post=5711"}],"curies":[{"name":"wp","href":"https:\/\/api.w.org\/{rel}","templated":true}]}}