

	{"id":5732,"date":"2020-03-11T16:33:50","date_gmt":"2020-03-11T16:33:50","guid":{"rendered":"https:\/\/www.cstuit.com\/home\/?p=5732"},"modified":"2020-03-11T16:37:10","modified_gmt":"2020-03-11T16:37:10","slug":"brasil-400-dias-de-ataques-as-mulheres","status":"publish","type":"post","link":"https:\/\/www.cstuit.com\/home\/2020\/03\/11\/brasil-400-dias-de-ataques-as-mulheres\/","title":{"rendered":"Brasil, 400 dias de ataques \u00e0s mulheres"},"content":{"rendered":"<h6 style=\"text-align: right;\">por Mariana Borzino, Mulheres da CST-PSOL<\/h6>\n<hr \/>\n<p>Mais de 400 dias de governo Bolsonaro e as mulheres seguem sendo atacadas. Seja pelo corte de verbas em todas as \u00e1reas sociais \u2013 e principalmente nas \u00e1reas relativas \u00e0 mulher \u2013 ou pelas declara\u00e7\u00f5es mis\u00f3ginas, que empoderam assediadores, machistas e feminicidas, sendo o pr\u00f3prio Bolsonaro e seus filhos inimigos declarados das mulheres.<\/p>\n<div id=\"attachment_5733\" style=\"width: 1634px\" class=\"wp-caption aligncenter\"><img loading=\"lazy\" decoding=\"async\" aria-describedby=\"caption-attachment-5733\" class=\"size-full wp-image-5733\" src=\"https:\/\/www.cstuit.com\/home\/wp-content\/uploads\/2020\/03\/DSC_0012.jpg\" alt=\"\" width=\"1624\" height=\"1080\" srcset=\"https:\/\/www.cstuit.com\/home\/wp-content\/uploads\/2020\/03\/DSC_0012.jpg 1624w, https:\/\/www.cstuit.com\/home\/wp-content\/uploads\/2020\/03\/DSC_0012-300x200.jpg 300w, https:\/\/www.cstuit.com\/home\/wp-content\/uploads\/2020\/03\/DSC_0012-768x511.jpg 768w, https:\/\/www.cstuit.com\/home\/wp-content\/uploads\/2020\/03\/DSC_0012-1024x681.jpg 1024w, https:\/\/www.cstuit.com\/home\/wp-content\/uploads\/2020\/03\/DSC_0012-50x33.jpg 50w, https:\/\/www.cstuit.com\/home\/wp-content\/uploads\/2020\/03\/DSC_0012-600x399.jpg 600w, https:\/\/www.cstuit.com\/home\/wp-content\/uploads\/2020\/03\/DSC_0012-210x140.jpg 210w, https:\/\/www.cstuit.com\/home\/wp-content\/uploads\/2020\/03\/DSC_0012-272x182.jpg 272w\" sizes=\"auto, (max-width: 1624px) 100vw, 1624px\" \/><p id=\"caption-attachment-5733\" class=\"wp-caption-text\">Cartazes no ato de mulheres no Rio de Janeiro, 9 de mar\u00e7o. | Foto: Randy Lobato \/ CST<\/p><\/div>\n<p>A \u00faltima declara\u00e7\u00e3o do presidente, foi referente \u00e0 jornalista Patr\u00edcia Campos, da Folha de S\u00e3o Paulo, insinuando que a mesma trocaria favores sexuais para obter informa\u00e7\u00f5es sobre o envolvimento da fam\u00edlia Bolsonaro em esc\u00e2ndalos. Se combina o ajuste fiscal a uma pol\u00edtica retr\u00f3grada, conservadora, de extrema-direita e \u00f3dio \u00e0s mulheres, em especial \u00e0s mulheres pobres, negras e trabalhadoras, como se percebe na ofensiva declara\u00e7\u00e3o do ministro Paulo Guedes sobre as empregadas dom\u00e9sticas. As reformas da previd\u00eancia e trabalhista acertam em cheio as mulheres, que s\u00e3o a maioria dos pauperizados e explorados na pir\u00e2mide social. Al\u00e9m disso, tanto a pol\u00edtica de ajuste quanto as declara\u00e7\u00f5es machistas tem impactos reais e fatais para as mulheres, ao empoderar agressores. Dados recentes, publicados pelo jornal Folha de S\u00e3o Paulo, em 22 de fevereiro, mostram que o n\u00famero do feminic\u00eddio aumentou em 7,2% no ano de 2019, coincidentemente com o primeiro ano do governo Bolsonaro.<\/p>\n<h4><strong>Damares, a colaboradora n\u00famero 1 de Bolsonaro no ataque \u00e0s mulheres<\/strong><\/h4>\n<p>Na contram\u00e3o do movimento feminista nas ruas que foi protagonista do #EleN\u00e3o e da campanha pela legaliza\u00e7\u00e3o do aborto seguro e gratuito, contra a cultura do estupro e contra o feminic\u00eddio, Bolsonaro extinguiu a Secretaria de Combate \u00e0 Viol\u00eancia Contra a Mulher e nomeou Damares Alves, uma pastora evang\u00e9lica reacion\u00e1ria e conservadora, para ocupar a pasta do Minist\u00e9rio da Mulher, da Fam\u00edlia e dos Direitos Humanos.<\/p>\n<div id=\"attachment_5707\" style=\"width: 1310px\" class=\"wp-caption aligncenter\"><img loading=\"lazy\" decoding=\"async\" aria-describedby=\"caption-attachment-5707\" class=\"size-full wp-image-5707\" src=\"https:\/\/www.cstuit.com\/home\/wp-content\/uploads\/2020\/03\/bolsonaro_damares.jpg\" alt=\"\" width=\"1300\" height=\"800\" srcset=\"https:\/\/www.cstuit.com\/home\/wp-content\/uploads\/2020\/03\/bolsonaro_damares.jpg 1300w, https:\/\/www.cstuit.com\/home\/wp-content\/uploads\/2020\/03\/bolsonaro_damares-300x185.jpg 300w, https:\/\/www.cstuit.com\/home\/wp-content\/uploads\/2020\/03\/bolsonaro_damares-768x473.jpg 768w, https:\/\/www.cstuit.com\/home\/wp-content\/uploads\/2020\/03\/bolsonaro_damares-1024x630.jpg 1024w, https:\/\/www.cstuit.com\/home\/wp-content\/uploads\/2020\/03\/bolsonaro_damares-50x31.jpg 50w, https:\/\/www.cstuit.com\/home\/wp-content\/uploads\/2020\/03\/bolsonaro_damares-600x369.jpg 600w\" sizes=\"auto, (max-width: 1300px) 100vw, 1300px\" \/><p id=\"caption-attachment-5707\" class=\"wp-caption-text\">Foto: Marcos Corr\u00eaa<\/p><\/div>\n<p>Isso significou um imenso retrocesso nos direitos das mulheres. As declara\u00e7\u00f5es conservadoras e retr\u00f3gradas, tais como <em>\u201cmenina veste rosa e menino veste azul\u201d<\/em>, que meninas eram estupradas porque n\u00e3o usavam calcinha ou favor\u00e1vel ao ensino b\u00edblico nas escolas, n\u00e3o s\u00e3o narrativas vazias ou feitas para desviar o foco dos ataques, mas fazem parte dele e t\u00eam reflexos objetivos nas pol\u00edticas implantadas pelo governo. Um exemplo disso \u00e9 a mais recente pol\u00edtica anunciada pela ministra: campanha de abstin\u00eancia sexual nas escolas, com o argumento mentiroso e anticient\u00edfico de prevenir a gravidez na adolesc\u00eancia. Esse j\u00e1 era um debate superado pela ci\u00eancia, j\u00e1 que pesquisas mostram que a efic\u00e1cia na preven\u00e7\u00e3o de gravidez precoce e das Infec\u00e7\u00f5es Sexualmente Transmiss\u00edveis (IST) passa objetivamente pela pol\u00edtica de educa\u00e7\u00e3o sexual nas escolas; que \u00e9 justamente uma das pautas de luta do movimento feminista pela legaliza\u00e7\u00e3o do aborto, com o lema \u201ceduca\u00e7\u00e3o sexual para prevenir, contraceptivos para n\u00e3o abortar e aborto legal para n\u00e3o morrer\u201d.<\/p>\n<p>Estudos feitos pela UNESCO e por diversas entidades j\u00e1 demonstraram h\u00e1 anos que a pol\u00edtica de abstin\u00eancia sexual d\u00e1 resultados contr\u00e1rios ao que se objetiva: aprofunda os problemas de gravidez na adolesc\u00eancia, aumento de IST, ass\u00e9dio, abortos clandestinos e estupros. A falta de um debate claro, que poderia ser feito com a educa\u00e7\u00e3o sexual nas escolas, \u00e9 o que aumenta a desigualdade de g\u00eanero e o machismo, al\u00e9m de ter impactos diretos na sa\u00fade, dado que toda essa demanda produzida por falta de conhecimento de jovens sobre o pr\u00f3prio corpo, de entendimento sobre o ass\u00e9dio, o estupro, a import\u00e2ncia do uso de preservativos e contraceptivos, respeito ao corpo do outro e ao pr\u00f3prio corpo, produz um sem n\u00famero de situa\u00e7\u00f5es que trazem danos f\u00edsicos e psicol\u00f3gicos para milh\u00f5es de meninas e mulheres. Damares \u00e9 uma colaboradora direta da pol\u00edtica machista e mis\u00f3gina de Bolsonaro e precisa ser derrotada nas ruas pela nossa for\u00e7a!<\/p>\n<h4><strong>O movimento de mulheres precisa incendiar o pa\u00eds<\/strong><\/h4>\n<p>Este \u00e9 o quarto ano consecutivo que h\u00e1 uma Greve Internacional de Mulheres e as brasileiras s\u00e3o parte desse movimento. Desde 2017, \u00e9 o dia 8 de mar\u00e7o que inaugura o calend\u00e1rio de lutas no pa\u00eds. Em 2020 \u00e9 necess\u00e1rio ir com ainda mais for\u00e7a pelas pautas feministas. Nesse contexto, \u00e9 necess\u00e1rio saber quem e porque mandaram matar Marielle Franco. A falta de respostas e de vontade pol\u00edtica do governo em descobrir os fatos demonstra descaso com a vida das mulheres e, no limite, um verdadeiro prazer mis\u00f3gino em ver a morte de pessoas do g\u00eanero feminino. Combinando isso \u00e0s declara\u00e7\u00f5es retr\u00f3gradas e aos cortes de verbas nas \u00e1reas fundamentais para as mulheres, a pol\u00edtica do retrocesso para o conjunto das mulheres jovens e trabalhadoras demonstra que Bolsonaro \u00e9 nosso inimigo n\u00famero 1. Somente nossa for\u00e7a nas ruas pode derrot\u00e1-lo.<\/p>\n<div id=\"attachment_5708\" style=\"width: 1310px\" class=\"wp-caption aligncenter\"><img loading=\"lazy\" decoding=\"async\" aria-describedby=\"caption-attachment-5708\" class=\"size-full wp-image-5708\" src=\"https:\/\/www.cstuit.com\/home\/wp-content\/uploads\/2020\/03\/marielle.jpg\" alt=\"\" width=\"1300\" height=\"800\" srcset=\"https:\/\/www.cstuit.com\/home\/wp-content\/uploads\/2020\/03\/marielle.jpg 1300w, https:\/\/www.cstuit.com\/home\/wp-content\/uploads\/2020\/03\/marielle-300x185.jpg 300w, https:\/\/www.cstuit.com\/home\/wp-content\/uploads\/2020\/03\/marielle-768x473.jpg 768w, https:\/\/www.cstuit.com\/home\/wp-content\/uploads\/2020\/03\/marielle-1024x630.jpg 1024w, https:\/\/www.cstuit.com\/home\/wp-content\/uploads\/2020\/03\/marielle-50x31.jpg 50w, https:\/\/www.cstuit.com\/home\/wp-content\/uploads\/2020\/03\/marielle-600x369.jpg 600w\" sizes=\"auto, (max-width: 1300px) 100vw, 1300px\" \/><p id=\"caption-attachment-5708\" class=\"wp-caption-text\">Ao centro da foto, Marielle Franco, vereadora do PSOL-RJ brutalmente assassinada em 2018. | Foto: B\u00e1rbara Dias\/Fotoguerrilha<\/p><\/div>\n<p>N\u00e3o podemos esperar mais, pois a cada dia que passa mais treze de n\u00f3s s\u00e3o mortas. A cada dia que passa mais 180 de n\u00f3s s\u00e3o estupradas, segundo dados do 13\u00ba Anu\u00e1rio de Seguran\u00e7a P\u00fablica. E com o aumento do desemprego, a cada dia que passa mais e mais mulheres ficam desempregadas por conta da pol\u00edtica neoliberal, patriarcal e antitrabalhadora do governo Bolsonaro. N\u00e3o podemos esperar.<\/p>\n<p>\u00c9 preciso construir uma forte oposi\u00e7\u00e3o nas ruas, nas lutas, com as categorias que est\u00e3o em greve e movimentos sociais. O 8 de mar\u00e7o deve ser um dia de luta que convoque tamb\u00e9m para construir com for\u00e7a o 14M por Marielle e o 18M, dia de greve nacional. Principalmente em oposi\u00e7\u00e3o ao ato reacion\u00e1rio chamado pelo governo Bolsonaro para o dia 15\/3, que defende o fechamento do Congresso Nacional e do Supremo Tribunal Federal (STF).<\/p>\n<p>Neste sentido, os pap\u00e9is que cumpriram as dire\u00e7\u00f5es do PT e PCdoB foram o de atrasar a luta contra Bolsonaro. No Rio de Janeiro, por exemplo, a proposta destas dire\u00e7\u00f5es e seus aliados, na plen\u00e1ria de prepara\u00e7\u00e3o do 8M, foi fazer uma caminhada com feiras na praia de Copacabana, esvaziando o car\u00e1ter combativo, mobilizador e hist\u00f3rico que os atos devem ter, indo na contram\u00e3o do que as mulheres do mundo inteiro t\u00eam feito para combater o ajuste econ\u00f4mico e os governos de ultradireita. Em v\u00e1rios estados foram contra que no chamado aos atos aparecessem consignas contra Bolsonaro. Ao nosso ver, \u00e9 um erro imenso adiar a luta contra o governo, enquanto o presidente convoca sua base para atos de conte\u00fado reacion\u00e1rio no m\u00eas de mar\u00e7o. \u00c9 preciso unificar todos os lutadores e construir uma forte oposi\u00e7\u00e3o nas ruas, com atos e m\u00e9todos de a\u00e7\u00e3o direta, pois somente dessa forma \u00e9 poss\u00edvel enfraquecer e enterrar o projeto de Damares e Bolsonaro de ataques \u00e0s mulheres e aos trabalhadores.<\/p>\n<hr \/>\n<h6>Esta mat\u00e9ria est\u00e1 na edi\u00e7\u00e3o 106 do Jornal Combate Socialista<\/h6>\n<p><a href=\"https:\/\/www.cstuit.com\/home\/index.php\/2020\/03\/09\/a-primavera-feminista-continua-uma-onda-de-lutas-sacode-o-planeta\/\" target=\"_blank\" rel=\"noopener\"><img loading=\"lazy\" decoding=\"async\" class=\"aligncenter wp-image-5715 size-full\" src=\"https:\/\/www.cstuit.com\/home\/wp-content\/uploads\/2020\/03\/jornal_cs106_banner.jpg\" alt=\"\" width=\"1582\" height=\"512\" srcset=\"https:\/\/www.cstuit.com\/home\/wp-content\/uploads\/2020\/03\/jornal_cs106_banner.jpg 1582w, https:\/\/www.cstuit.com\/home\/wp-content\/uploads\/2020\/03\/jornal_cs106_banner-300x97.jpg 300w, https:\/\/www.cstuit.com\/home\/wp-content\/uploads\/2020\/03\/jornal_cs106_banner-768x249.jpg 768w, https:\/\/www.cstuit.com\/home\/wp-content\/uploads\/2020\/03\/jornal_cs106_banner-1024x331.jpg 1024w, https:\/\/www.cstuit.com\/home\/wp-content\/uploads\/2020\/03\/jornal_cs106_banner-50x16.jpg 50w, https:\/\/www.cstuit.com\/home\/wp-content\/uploads\/2020\/03\/jornal_cs106_banner-600x194.jpg 600w\" sizes=\"auto, (max-width: 1582px) 100vw, 1582px\" \/><\/a><\/p>\n","protected":false},"excerpt":{"rendered":"<p>por Mariana Borzino, Mulheres da CST-PSOL Mais de 400 dias de governo Bolsonaro e as mulheres seguem sendo atacadas. Seja pelo corte de verbas em todas as \u00e1reas sociais \u2013 e principalmente nas \u00e1reas relativas \u00e0 mulher \u2013 ou pelas declara\u00e7\u00f5es mis\u00f3ginas, que empoderam assediadores,<\/p>\n","protected":false},"author":1,"featured_media":5733,"comment_status":"open","ping_status":"open","sticky":false,"template":"","format":"standard","meta":{"footnotes":""},"categories":[55],"tags":[540,549,711,57],"class_list":["post-5732","post","type-post","status-publish","format-standard","has-post-thumbnail","hentry","category-mulheres","tag-8m","tag-bolsonaro","tag-damares","tag-mulheres"],"_links":{"self":[{"href":"https:\/\/www.cstuit.com\/home\/wp-json\/wp\/v2\/posts\/5732","targetHints":{"allow":["GET"]}}],"collection":[{"href":"https:\/\/www.cstuit.com\/home\/wp-json\/wp\/v2\/posts"}],"about":[{"href":"https:\/\/www.cstuit.com\/home\/wp-json\/wp\/v2\/types\/post"}],"author":[{"embeddable":true,"href":"https:\/\/www.cstuit.com\/home\/wp-json\/wp\/v2\/users\/1"}],"replies":[{"embeddable":true,"href":"https:\/\/www.cstuit.com\/home\/wp-json\/wp\/v2\/comments?post=5732"}],"version-history":[{"count":0,"href":"https:\/\/www.cstuit.com\/home\/wp-json\/wp\/v2\/posts\/5732\/revisions"}],"wp:featuredmedia":[{"embeddable":true,"href":"https:\/\/www.cstuit.com\/home\/wp-json\/wp\/v2\/media\/5733"}],"wp:attachment":[{"href":"https:\/\/www.cstuit.com\/home\/wp-json\/wp\/v2\/media?parent=5732"}],"wp:term":[{"taxonomy":"category","embeddable":true,"href":"https:\/\/www.cstuit.com\/home\/wp-json\/wp\/v2\/categories?post=5732"},{"taxonomy":"post_tag","embeddable":true,"href":"https:\/\/www.cstuit.com\/home\/wp-json\/wp\/v2\/tags?post=5732"}],"curies":[{"name":"wp","href":"https:\/\/api.w.org\/{rel}","templated":true}]}}