

	{"id":7706,"date":"2020-11-25T17:22:00","date_gmt":"2020-11-25T17:22:00","guid":{"rendered":"https:\/\/www.cstuit.com\/home\/?p=7706"},"modified":"2020-11-25T17:25:01","modified_gmt":"2020-11-25T17:25:01","slug":"sobre-a-frente-ampla-e-a-campanha-de-guilherme-boulos","status":"publish","type":"post","link":"https:\/\/www.cstuit.com\/home\/2020\/11\/25\/sobre-a-frente-ampla-e-a-campanha-de-guilherme-boulos\/","title":{"rendered":"Sobre a \u201cFrente Ampla\u201d e a campanha de Guilherme Boulos"},"content":{"rendered":"<p style=\"text-align: right;\"><em>Diego Vitello \u2013 Coordena\u00e7\u00e3o Nacional da CST e Diretor do Sindicato dos Metrovi\u00e1rios de S\u00e3o Paulo<\/em><\/p>\n<hr \/>\n<p>Sa\u00edmos do primeiro turno com um avan\u00e7o eleitoral do PSOL em todo pa\u00eds. A cidade que mais simbolizou esse avan\u00e7o sem d\u00favidas foi S\u00e3o Paulo. N\u00e3o apenas por ser a maior do pa\u00eds, mas sobretudo pelo expressivo resultado eleitoral. O PSOL passa de dois para seis vereadores na C\u00e2mara Municipal e ultrapassa os 20% dos votos para a prefeitura, chegando ao segundo turno.<\/p>\n<p>O PSOL consegue, mesmo com apenas 17 segundos de televis\u00e3o, capitalizar de forma muito positiva um voto contra a direita, contra Bolsonaro e em defesa dos setores oprimidos: negros, lgbts e mulheres.<\/p>\n<p>Todo esse expressivo resultado que renovou as esperan\u00e7as de centenas de milhares de jovens e trabalhadores e que comemoramos ao lado da milit\u00e2ncia do PSOL, se deu em uma alian\u00e7a eleitoral de independ\u00eancia de classe, ao lado do PCB e da UP.<\/p>\n<p>No segundo turno, esse marco de alian\u00e7as se ampliou, e vimos essa semana a apari\u00e7\u00e3o de Lula, Ciro, Marina e Fl\u00e1vio Dino no programa de TV do PSOL chamando voto em Boulos. Sobre essa amplia\u00e7\u00e3o queremos debater com todos companheiros que est\u00e3o conosco batalhando na campanha de Boulos.<\/p>\n<p><strong>\u00c9 necess\u00e1rio uma \u201cfrente ampla\u201d com PT, PDT, PCdoB e Rede?<\/strong><\/p>\n<p>Muitos companheiros e organiza\u00e7\u00f5es pol\u00edticas de dentro e de fora do PSOL viram como positivo a ida desses partidos ao programa de TV de Boulos. Que essa seria a f\u00f3rmula que nos permitiria ganhar a elei\u00e7\u00e3o de fato \u00e9 \u201cunir a esquerda\u201d.<\/p>\n<p>De nossa parte, n\u00e3o vemos assim.<\/p>\n<p>Infelizmente Lula, Ciro, Dino e Marina representam projetos de concilia\u00e7\u00e3o de classes ou at\u00e9 diretamente burgueses.<\/p>\n<p>Nem precisamos entrar nos 13 anos que PT e PCdoB governaram ao lado de partidos como o MDB, PL, \u00e9 onde o PSOL foi oposi\u00e7\u00e3o de esquerda a esses governos. Hoje mesmo, nos estados comandados por esses partidos vimos governos estaduais aplicando Reformas da Previd\u00eancia muito similares a de Paulo Guedes, vimos o governador Camilo Santana do PT do Cear\u00e1, ordenar a pol\u00edcia militar para reprimir manifesta\u00e7\u00e3o de professores. Como bem denunciou a Confedera\u00e7\u00e3o Nacional dos Trabalhadores em Educa\u00e7\u00e3o em nota do dia 18\/12\/2019: \u201cA Confedera\u00e7\u00e3o Nacional dos Trabalhadores em Educa\u00e7\u00e3o &#8211; CNTE, entidade representativa dos profissionais da educa\u00e7\u00e3o b\u00e1sica do setor p\u00fablico brasileiro, condena de forma veemente a viol\u00eancia empregada pela Pol\u00edcia Militar do Estado do Cear\u00e1, subordinada ao governador Camilo Santana (PT), contra a manifesta\u00e7\u00e3o leg\u00edtima e pac\u00edfica de um conjunto de movimentos sociais, sindicais e estudantis no dia de hoje (18\/12) em Fortaleza\/CE.\u201d<a href=\"#_ftn1\" name=\"_ftnref1\">[1]<\/a><\/p>\n<p>Denunciamos tamb\u00e9m que o Maranh\u00e3o de Fl\u00e1vio Dino foi um dos primeiros estados a ordenar a volta as aulas. Ao encarar \u00e0 pandemia (que nada mais \u00e9 do que a defesa da vida do povo) todos os dados apontam que a pol\u00edtica desses partidos nos estados onde governam nada diferiu dos estados governados por partidos abertamente de direita. \u00a0Poder\u00edamos elencar muitas pol\u00edticas mais desses partidos \u00e0 frente de governos estaduais e municipais nos \u00faltimos dois anos, por\u00e9m o que queremos colocar \u00e9 que esses projetos de governo n\u00e3o nos servem. O PSOL precisa trilhar o caminho do enfrentamento aos interesses das elites dominantes nas cidades onde governa.<\/p>\n<p>A ida de Lula, Ciro, Marina e Dino ao nosso programa eleitoral, tem centralmente o objetivos de \u201cmoderar\u201d a candidatura de Boulos e tentar impor que o \u201cm\u00e1ximo\u201d que se pode fazer em um governo \u00e9 o que eles fazem hoje em n\u00edvel estadual e municipal onde governam. Esse modelo n\u00e3o pode ser o do PSOL.<\/p>\n<p>A pol\u00edtica de frente ampla, tem levado setores do PSOL e partidos que defendem essa pol\u00edtica a chamarem voto na candidatura de Eduardo Paes do mesmo DEM de Rodrigo Maia no Rio de Janeiro, com o argumento fora da realidade que seria um voto para \u201cderrotar a extrema-direita\u201d.<\/p>\n<p>A rela\u00e7\u00e3o com o PT em S\u00e3o Paulo tamb\u00e9m fez com que, Mar\u00edlia de Andrade,<\/p>\n<p>multimilion\u00e1ria herdeira da construtora Andrade Gutierrez, que foi durante muitos anos filiada ao partido de Lula, fosse uma das principais doadoras da campanha de Boulos, fato bastante noticiado ontem.<\/p>\n<p>Por isso tudo que colocamos, opinamos que apesar de aparentar ser um \u201catalho\u201d, a pol\u00edtica da frente ampla \u00e9 na verdade uma armadilha para moderar o programa de governo do PSOL nos levando ao beco sem sa\u00edda da concilia\u00e7\u00e3o de classes.<\/p>\n<p><strong>Levar Boulos \u00e0 prefeitura virando votos \u00e9 a tarefa dos pr\u00f3ximos dias<\/strong><\/p>\n<p>Fazemos esses alertas para abrirmos debates que consideramos necess\u00e1rios na esquerda e no PSOL. Esses debates seguir\u00e3o, com certeza e n\u00e3o podemos fugir deles.<\/p>\n<p>Por\u00e9m, temos quatro dias pela frente ainda de campanha eleitoral. Dias decisivos onde podemos virar o jogo e impor uma derrota hist\u00f3rica aos tucanos em S\u00e3o Paulo levando nosso companheiro Guilherme Boulos \u00e0 prefeitura. A nossa campanha tem crescido e avan\u00e7ado. A virada \u00e9 poss\u00edvel. Uma vit\u00f3ria do PSOL na maior cidade do pa\u00eds significaria tamb\u00e9m um duro golpe para Bolsonaro e a extrema-direita, que j\u00e1 n\u00e3o sa\u00edram bem do primeiro turno e podem amargar ver uma lideran\u00e7a de movimentos sociais \u00e0 frente da prefeitura da capital paulista.<\/p>\n<p>A grande tarefa que temos pela frente \u00e9 estar nas ruas durante esses dias, virando votos, debatendo com a popula\u00e7\u00e3o e fortalecendo um projeto de esquerda para S\u00e3o Paulo e para o Brasil. Concomitantemente a isso, seguiremos fazendo os debates sobre os rumos da esquerda brasileira sabendo que ap\u00f3s as elei\u00e7\u00f5es temos que nos preparar para enfrentar nas ruas os ataques que os governos pretendem implementar na classe trabalhadora.<\/p>\n<p><a href=\"#_ftnref1\" name=\"_ftn1\">[1]<\/a> https:\/\/cnte.org.br\/index.php\/menu\/comunicacao\/posts\/mocoes\/72667-educadores-repudiam-violencia-da-policia-do-governo-do-ceara-contra-trabalhadores-e-estudantes<\/p>\n","protected":false},"excerpt":{"rendered":"<p>Diego Vitello \u2013 Coordena\u00e7\u00e3o Nacional da CST e Diretor do Sindicato dos Metrovi\u00e1rios de S\u00e3o Paulo Sa\u00edmos do primeiro turno com um avan\u00e7o eleitoral do PSOL em todo pa\u00eds. A cidade que mais simbolizou esse avan\u00e7o sem d\u00favidas foi S\u00e3o Paulo. N\u00e3o apenas por ser<\/p>\n","protected":false},"author":2,"featured_media":7707,"comment_status":"open","ping_status":"open","sticky":false,"template":"","format":"standard","meta":{"footnotes":""},"categories":[8],"tags":[378,1296,24,1564,37,1309,1520,236],"class_list":["post-7706","post","type-post","status-publish","format-standard","has-post-thumbnail","hentry","category-debates-socialistas","tag-boulos","tag-cst","tag-eleicoes","tag-esquerdasp","tag-psol","tag-psolsp","tag-sampa","tag-sp"],"_links":{"self":[{"href":"https:\/\/www.cstuit.com\/home\/wp-json\/wp\/v2\/posts\/7706","targetHints":{"allow":["GET"]}}],"collection":[{"href":"https:\/\/www.cstuit.com\/home\/wp-json\/wp\/v2\/posts"}],"about":[{"href":"https:\/\/www.cstuit.com\/home\/wp-json\/wp\/v2\/types\/post"}],"author":[{"embeddable":true,"href":"https:\/\/www.cstuit.com\/home\/wp-json\/wp\/v2\/users\/2"}],"replies":[{"embeddable":true,"href":"https:\/\/www.cstuit.com\/home\/wp-json\/wp\/v2\/comments?post=7706"}],"version-history":[{"count":0,"href":"https:\/\/www.cstuit.com\/home\/wp-json\/wp\/v2\/posts\/7706\/revisions"}],"wp:featuredmedia":[{"embeddable":true,"href":"https:\/\/www.cstuit.com\/home\/wp-json\/wp\/v2\/media\/7707"}],"wp:attachment":[{"href":"https:\/\/www.cstuit.com\/home\/wp-json\/wp\/v2\/media?parent=7706"}],"wp:term":[{"taxonomy":"category","embeddable":true,"href":"https:\/\/www.cstuit.com\/home\/wp-json\/wp\/v2\/categories?post=7706"},{"taxonomy":"post_tag","embeddable":true,"href":"https:\/\/www.cstuit.com\/home\/wp-json\/wp\/v2\/tags?post=7706"}],"curies":[{"name":"wp","href":"https:\/\/api.w.org\/{rel}","templated":true}]}}