

	{"id":8417,"date":"2021-06-25T20:33:51","date_gmt":"2021-06-25T20:33:51","guid":{"rendered":"https:\/\/www.cstuit.com\/home\/?p=8417"},"modified":"2021-06-28T18:38:39","modified_gmt":"2021-06-28T18:38:39","slug":"de-stonewell-ate-hoje-a-luta-internacional-das-dissidencias-sexoafetivas-e-de-geneos","status":"publish","type":"post","link":"https:\/\/www.cstuit.com\/home\/2021\/06\/25\/de-stonewell-ate-hoje-a-luta-internacional-das-dissidencias-sexoafetivas-e-de-geneos\/","title":{"rendered":"De Stonewall at\u00e9 hoje | A luta internacional das diversidades afetivo-sexuais e de g\u00eanero"},"content":{"rendered":"<p>O dia 28 de junho \u00e9 a data em que se comemora o dia de orgulho das diversidades afetivo-sexuais e de g\u00eanero, lembrando a revolta de Stonewall nos Estados Unidos, fato que marcou o surgimento do movimento moderno das diversidades.<\/p>\n<p>Nessa data, em 1969, em Nova York, se gerou um levante de l\u00e9sbicas, gays, travestis e trans, em protesto contra uma a\u00e7\u00e3o policial no bar Stonewall Inn.<\/p>\n<p>Durante tr\u00eas noites, centenas sa\u00edram \u00e0s ruas para lutar contra a criminaliza\u00e7\u00e3o e persegui\u00e7\u00e3o de ordens policiais, a ordem sexual existente, a monogamia imposta pela igreja, a patologiza\u00e7\u00e3o das orienta\u00e7\u00f5es sexuais e identidade de g\u00eaneros diversas, foram a ponta de lan\u00e7a do movimento. Os fatos tiveram repercuss\u00e3o internacional, e, a partir da\u00ed, come\u00e7aram a se organizar as primeiras marchas do orgulho, reconhecendo essa data como o dia do orgulho LGBTQIA+.<\/p>\n<p>A partir desse fato, o movimento das diversidades come\u00e7ou a ter protagonismo em todo o mundo. A luta pelo acesso a direitos como o matrim\u00f4nio, a identidade de g\u00eanero, ao trabalho, o acesso \u00e0 sa\u00fade, etc., s\u00e3o as bandeiras hist\u00f3ricas do movimento. Mas, a que encabe\u00e7a e segue vigente \u00e9 a luta contra a discrimina\u00e7\u00e3o que resulta em crimes de \u00f3dio, como a expuls\u00e3o de col\u00e9gios, locais de trabalho, ou eventos p\u00fablicos. Tamb\u00e9m, a viol\u00eancia corretiva que termina em abusos, estupros, e, no pior dos casos, na morte.<\/p>\n<p>No contexto da crise capitalista, a comunidade das diversidades segue sofrendo esses flagelos no mundo, em maior ou menor medida dependendo do pa\u00eds. Em alguns, com governos reacion\u00e1rios que impulsionam e promovem pol\u00edticas de discrimina\u00e7\u00e3o e margina\u00e7\u00e3o social. Em outros, que fazendo pose de progressistas, se aproveitam das lutas do movimento, cedendo \u00e0 press\u00e3o e outorgando direitos arrancados pela mobiliza\u00e7\u00e3o. Mas, que ainda s\u00e3o insuficientes para garantir a vida digna e plena das diversidades. Al\u00e9m disso, o sistema capitalista-imperialista que se aproveita do movimento tentando captar para o consumo e a gera\u00e7\u00e3o de lucro. Como a visibiliza\u00e7\u00e3o do movimento, o que se conhece como \u201cpinkwashing\u201d ou \u201ccapitalismo rosa\u201d, onde se retira profundidade da luta do movimento das diversidades.<\/p>\n<p>Por isso, \u00e9 necess\u00e1rio recuperar a luta do movimento, que vem sendo, no mundo, todo parte das grandes revoltas oper\u00e1rias e populares, como a do Chile ou da Col\u00f4mbia, ou das mobiliza\u00e7\u00f5es contra o racismo nos Estados Unidos, inclusive formando parte ativa e consciente das lutas do movimento feminista.<\/p>\n<p>Aos 52 anos da revolta de Stonewall, as diversidades seguem se organizando e lutando contra todos os governos e suas pol\u00edticas repressivas e discriminat\u00f3rias em todo o mundo. Durante esta pandemia, a crise tem agravado profudamente a situa\u00e7\u00e3o das diversidades. \u00c0 precariza\u00e7\u00e3o, ao trabalho inst\u00e1vel e ao desemprego, soma-se a discrimina\u00e7\u00e3o laboral que sofrem por orienta\u00e7\u00f5es afetivo-sexuais e identidades de g\u00eanero. A quarentena da Covid-19 s\u00f3 agravou essas condi\u00e7\u00f5es de precariedade e mis\u00e9ria em que os governos nos colocam.<\/p>\n<p>No marco deste m\u00eas do orgulho, a milit\u00e2ncia da UIT-QI impulsiona esta conversa virtual com organiza\u00e7\u00f5es das diversidades e militantes que fazem parte da constru\u00e7\u00e3o de organiza\u00e7\u00f5es revolucion\u00e1rias no mundo.<\/p>\n<p><img loading=\"lazy\" decoding=\"async\" class=\"size-medium wp-image-8420 alignleft\" src=\"https:\/\/www.cstuit.com\/home\/wp-content\/uploads\/2021\/06\/7465eae1-4f29-45f0-869b-bbc80ac5011e-300x300.jpg\" alt=\"\" width=\"300\" height=\"300\" srcset=\"https:\/\/www.cstuit.com\/home\/wp-content\/uploads\/2021\/06\/7465eae1-4f29-45f0-869b-bbc80ac5011e-300x300.jpg 300w, https:\/\/www.cstuit.com\/home\/wp-content\/uploads\/2021\/06\/7465eae1-4f29-45f0-869b-bbc80ac5011e-150x150.jpg 150w, https:\/\/www.cstuit.com\/home\/wp-content\/uploads\/2021\/06\/7465eae1-4f29-45f0-869b-bbc80ac5011e-768x768.jpg 768w, https:\/\/www.cstuit.com\/home\/wp-content\/uploads\/2021\/06\/7465eae1-4f29-45f0-869b-bbc80ac5011e-1024x1024.jpg 1024w, https:\/\/www.cstuit.com\/home\/wp-content\/uploads\/2021\/06\/7465eae1-4f29-45f0-869b-bbc80ac5011e-50x50.jpg 50w, https:\/\/www.cstuit.com\/home\/wp-content\/uploads\/2021\/06\/7465eae1-4f29-45f0-869b-bbc80ac5011e-600x600.jpg 600w, https:\/\/www.cstuit.com\/home\/wp-content\/uploads\/2021\/06\/7465eae1-4f29-45f0-869b-bbc80ac5011e.jpg 1080w\" sizes=\"auto, (max-width: 300px) 100vw, 300px\" \/><\/p>\n","protected":false},"excerpt":{"rendered":"<p>O dia 28 de junho \u00e9 a data em que se comemora o dia de orgulho das diversidades afetivo-sexuais e de g\u00eanero, lembrando a revolta de Stonewall nos Estados Unidos, fato que marcou o surgimento do movimento moderno das diversidades. Nessa data, em 1969, em<\/p>\n","protected":false},"author":1,"featured_media":8418,"comment_status":"open","ping_status":"open","sticky":false,"template":"","format":"standard","meta":{"footnotes":""},"categories":[56],"tags":[69,1673],"class_list":["post-8417","post","type-post","status-publish","format-standard","has-post-thumbnail","hentry","category-lgbt","tag-lgbt","tag-stonewall"],"_links":{"self":[{"href":"https:\/\/www.cstuit.com\/home\/wp-json\/wp\/v2\/posts\/8417","targetHints":{"allow":["GET"]}}],"collection":[{"href":"https:\/\/www.cstuit.com\/home\/wp-json\/wp\/v2\/posts"}],"about":[{"href":"https:\/\/www.cstuit.com\/home\/wp-json\/wp\/v2\/types\/post"}],"author":[{"embeddable":true,"href":"https:\/\/www.cstuit.com\/home\/wp-json\/wp\/v2\/users\/1"}],"replies":[{"embeddable":true,"href":"https:\/\/www.cstuit.com\/home\/wp-json\/wp\/v2\/comments?post=8417"}],"version-history":[{"count":0,"href":"https:\/\/www.cstuit.com\/home\/wp-json\/wp\/v2\/posts\/8417\/revisions"}],"wp:featuredmedia":[{"embeddable":true,"href":"https:\/\/www.cstuit.com\/home\/wp-json\/wp\/v2\/media\/8418"}],"wp:attachment":[{"href":"https:\/\/www.cstuit.com\/home\/wp-json\/wp\/v2\/media?parent=8417"}],"wp:term":[{"taxonomy":"category","embeddable":true,"href":"https:\/\/www.cstuit.com\/home\/wp-json\/wp\/v2\/categories?post=8417"},{"taxonomy":"post_tag","embeddable":true,"href":"https:\/\/www.cstuit.com\/home\/wp-json\/wp\/v2\/tags?post=8417"}],"curies":[{"name":"wp","href":"https:\/\/api.w.org\/{rel}","templated":true}]}}