

	{"id":8501,"date":"2021-08-03T15:00:15","date_gmt":"2021-08-03T15:00:15","guid":{"rendered":"https:\/\/www.cstuit.com\/home\/?p=8501"},"modified":"2021-08-03T15:01:06","modified_gmt":"2021-08-03T15:01:06","slug":"o-fora-bolsonaro-da-une-nao-pode-ser-da-boca-pra-fora","status":"publish","type":"post","link":"https:\/\/www.cstuit.com\/home\/2021\/08\/03\/o-fora-bolsonaro-da-une-nao-pode-ser-da-boca-pra-fora\/","title":{"rendered":"O Fora Bolsonaro da UNE n\u00e3o pode ser da boca pra fora  \u00a0"},"content":{"rendered":"<p>por <strong>Lucas Schlabendorff<\/strong>, DAQUIPALM UFSM e juventude Vamos \u00e0 Luta<\/p>\n<p>Durante os dias 14 e 18 de julho, ocorreu o Congresso Extraordin\u00e1rio da Uni\u00e3o Nacional dos Estudantes (UNE). Devido \u00e0 pandemia, o Congresso ocorreu de forma virtual e manteve em sua dire\u00e7\u00e3o a mesma proporcionalidade das for\u00e7as pol\u00edticas eleitas no 57\u00ba Congresso, realizado em 2019. O CONUNE Extraordin\u00e1rio aconteceu em um momento important\u00edssimo da conjuntura, onde temos a retomada das ruas pelo movimento de massas, ap\u00f3s os vitoriosos atos dos dias 29M, 19J e 3J pelo Fora Bolsonaro. A juventude e o movimento estudantil t\u00eam sido parte fundamental dos protestos e isso se refletiu nos debates que ocorreram durante o Congresso. N\u00e3o havia como debater a realidade dos estudantes brasileiros sem mencionar a gravidade dos ataques que as universidades p\u00fablicas v\u00eam sofrendo durante o governo Bolsonaro, com os cortes dos or\u00e7amentos, a evas\u00e3o de muitos estudantes pela falta de assist\u00eancia estudantil e pela precariedade do ensino remoto, o autoritarismo bolsonarista, com persegui\u00e7\u00f5es ideol\u00f3gicas e interven\u00e7\u00f5es nas reitorias, al\u00e9m do conjunto dos ataques \u00e0 classe trabalhadora e o genoc\u00eddio bolsonarista que j\u00e1 levou a vida de mais de 540 mil pessoas no pa\u00eds.<\/p>\n<p>Infelizmente, a forma como se deram os debates deixou muito a desejar, prejudicando a possibilidade de utilizar os espa\u00e7os do Congresso para mobilizar o movimento estudantil na luta contra Bolsonaro. Os espa\u00e7os abertos para a discuss\u00e3o pol\u00edtica tinham pouca amplitude, com n\u00famero limitado de falas e tempo de interven\u00e7\u00e3o, e dependendo que as for\u00e7as pol\u00edticas \u201ccorressem\u201d para conseguir inscrever-se antes das outras. O objetivo da dire\u00e7\u00e3o majorit\u00e1ria da UNE (UJS\/PCdoB, coletivos do PT e Levante) foi apenas de renovar sua dire\u00e7\u00e3o, ao mesmo tempo em que refor\u00e7aram a sua defesa da pol\u00edtica de frente ampla com setores burgueses para governar. Na mesa de abertura do Congresso, por exemplo, transmitida pelo YouTube, estiveram presentes parlamentares de direita, como Marcelo Castro (MDB), que votou a favor da Reforma da Previd\u00eancia de Bolsonaro. Al\u00e9m disso, a dire\u00e7\u00e3o majorit\u00e1ria da UNE, lamentavelmente, referendou sua defesa ao Ensino Remoto, afirmando que nenhum estudante ficou para atr\u00e1s em meio \u00e0 pandemia e \u201cesquecendo\u201d dos tantos colegas que abandonaram as universidades por n\u00e3o ter condi\u00e7\u00f5es de estudar pela internet.<\/p>\n<p>N\u00f3s, da juventude Vamos \u00e0 Luta, inscrevemos uma tese para o CONUNE chamada \u201c<em>Juventude nas ruas para derrubar Bolsonaro e lutar pelo direito ao futuro<\/em>\u201d (leia em <a href=\"https:\/\/vamosaluta.com.br\/\">vamosaluta.com.br\/<\/a>). Defendemos que o principal eixo do Congresso deveria ser preparar os estudantes para seguirmos nas ruas at\u00e9 derrotar Bolsonaro, construindo, com assembleias e plen\u00e1rias nas bases das universidades, os protestos do dia 24 de julho, pois consideramos que n\u00e3o podemos esperar at\u00e9 as pr\u00f3ximas elei\u00e7\u00f5es para derrubar o genocida corrupto. Foi com essa pol\u00edtica que intervimos nos espa\u00e7os do Congresso onde tivemos a possibilidade de falar, denunciando as interven\u00e7\u00f5es de Bolsonaro na UFRA e na UFSM, denunciando a evas\u00e3o de nossos colegas causada pelo Ensino Remoto e afirmando que, para combater a destrui\u00e7\u00e3o de nossas universidades p\u00fablicas, necessitamos derrubar Bolsonaro imediatamente e lutar por um programa econ\u00f4mico alternativo, que parta do n\u00e3o pagamento da d\u00edvida p\u00fablica e da taxa\u00e7\u00e3o das grandes fortunas, fazendo os capitalistas pagarem a conta da crise e, assim, garantir verbas para as universidades p\u00fablicas. Defendemos que o dia 11 de agosto, dia dos estudantes, seja a nova data nacional para a continuidade dos protestos do dia 24 de julho. Tamb\u00e9m defendemos e conseguimos aprovar mo\u00e7\u00f5es pela quebra de patentes das vacinas, em defesa da democracia universit\u00e1ria na UFRA e na UFSM e em solidariedade ao companheiro Milton Temer, fundador do PSOL, perseguido judicialmente por defender o povo palestino.<\/p>\n<p>A carta final aprovada pelo CONUNE, chamada Carta Brasil, aponta a necessidade de construir os protestos de 24 de julho e de 11 de agosto como nova data. \u00c9 preciso que esse calend\u00e1rio de lutas seja concretizado, com a realiza\u00e7\u00e3o de reuni\u00f5es, plen\u00e1rias e assembleias nas bases das universidades, junto com TAEs e docentes, para mobilizar efetivamente para os protestos. O Fora Bolsonaro da UNE n\u00e3o pode ser apenas uma palavra vazia. Al\u00e9m disso, \u00e9 preciso que a UNE fa\u00e7a o chamado para a campanha Fora Bolsonaro, as Frentes Brasil Popular e Povo Sem Medo e centrais sindicais como CUT e CTB pela continuidade dos protestos no dia 11 de agosto, um dia de semana que pode ser utilizado para mobilizar a classe trabalhadora em seus locais de trabalho, com paralisa\u00e7\u00f5es, atrasos de turno e greves, visando debilitar as bases econ\u00f4micas dos burgueses que apoiam Bolsonaro.<\/p>\n<p>Chamamos as lutadoras e lutadores da juventude e do movimento estudantil, que est\u00e3o de acordo com a necessidade de batalhar pela continuidade dos protestos para derrubar Bolsonaro e lutar pelo direito ao futuro, que conhe\u00e7am o Vamos \u00e0 Luta, uma juventude revolucion\u00e1ria que acredita que somente a luta unificada ao lado da classe trabalhadora pode mudar essa dram\u00e1tica realidade que estamos vivendo.<\/p>\n<p><strong>Isadora Bueno: diretora da UNE a servi\u00e7o das lutas e do Fora Bolsonaro<\/strong><\/p>\n<p><strong>\u00a0<\/strong>N\u00f3s, da juventude Vamos \u00e0 Luta, hav\u00edamos eleito uma cadeira na diretoria da UNE no 57\u00ba CONUNE, realizado em 2019, que estava ocupada pelo companheiro Eduardo Prot\u00e1zio. Como a propor\u00e7\u00e3o das for\u00e7as se manteve, continuamos com uma cadeira, que, nesta nova gest\u00e3o que se inicia, ser\u00e1 ocupada pela companheira Isadora Bueno. Isadora \u00e9 estudante de hist\u00f3ria da Universidade Federal de Uberl\u00e2ndia (UFU), militante da juventude Vamos \u00e0 Luta e da CST. \u00c9 conhecida por estar sempre nas lutas do movimento estudantil e ao lado da classe trabalhadora, apoiando greves e estando na linha de frente dos protestos.<\/p>\n<p>Na nova gest\u00e3o da UNE, Isadora colocar\u00e1 a sua cadeira de diretora a servi\u00e7o das lutas contra os cortes e as interven\u00e7\u00f5es e pela unidade dos estudantes com a classe trabalhadora para derrubar o governo genocida e corrupto de Bolsonaro. Nossa cadeira tamb\u00e9m estar\u00e1 a servi\u00e7o da unidade da Oposi\u00e7\u00e3o de Esquerda da UNE, para fazer um contraponto \u00e0 pol\u00edtica equivocada da dire\u00e7\u00e3o majorit\u00e1ria burocr\u00e1tica da entidade e construir um polo combativo que batalhe pela continuidade das mobiliza\u00e7\u00f5es, assim como temos feito a partir da iniciativa Povo na Rua.<\/p>\n<p><strong>Venha se organizar no Vamos \u00e0 Luta!<\/strong><\/p>\n<p><strong>\u00a0<\/strong>A juventude vem cumprindo um papel fundamental no enfrentamento ao governo genocida de Bolsonaro. Estamos nas ruas enfrentando os ataques, como fizemos no Tsunami da Educa\u00e7\u00e3o, em 2019, e agora n\u00e3o est\u00e1 sendo diferente nos atos contra os cortes nas universidades, por vacina e pelo Fora Bolsonaro. Estamos lado a lado dos\/as trabalhadores\/as que lutam contra as privatiza\u00e7\u00f5es dos Correios e da Eletrobras. Somos parte da juventude que vai \u00e0s ruas no mundo inteiro contra os governos, como fez a juventude no Chile, onde enviamos um companheiro para prestar solidariedade e participar dos atos gigantescos.<\/p>\n<p>N\u00f3s, do coletivo Vamos \u00e0 Luta, acreditamos que \u00e9 poss\u00edvel derrotar Bolsonaro e suas pol\u00edticas atrav\u00e9s das mobiliza\u00e7\u00f5es. N\u00e3o sa\u00edmos das ruas desde o dia 29 de maio porque acreditamos que, se lutarmos, o Bolsonaro cai. Seguiremos nas ruas nos dias 24 de julho e no dia 11 de agosto, demonstrando a disposi\u00e7\u00e3o de luta da juventude e da classe trabalhadora.<\/p>\n<p>O momento pol\u00edtico no pa\u00eds nos exige muita organiza\u00e7\u00e3o para enfrentar os ataques dos governos, como os cortes na educa\u00e7\u00e3o, interven\u00e7\u00f5es nas reitorias e o desemprego crescente. Por isso, convidamos voc\u00ea a se somar nas fileiras da juventude Vamos \u00e0 Luta. Somos estudantes de diversas partes do Brasil indignados\/as com a situa\u00e7\u00e3o pol\u00edtica atual. Precisamos construir uma alternativa de esquerda para a juventude, que esteja conectada \u00e0s nossas demandas. Essa alternativa precisa ser constru\u00edda agora, n\u00e3o podemos esperar at\u00e9 2022. Acreditamos que s\u00f3 a nossa luta muda nossas vidas.<\/p>\n<p>Quer conhecer mais do coletivo Vamos \u00e0 Luta? Visite nossas redes sociais @juventudevamosaluta ou entre em contato com um\/a dos\/as nossos\/as militantes. E a\u00ed, Vamos \u00e0 Luta?<\/p>\n","protected":false},"excerpt":{"rendered":"<p>por Lucas Schlabendorff, DAQUIPALM UFSM e juventude Vamos \u00e0 Luta Durante os dias 14 e 18 de julho, ocorreu o Congresso Extraordin\u00e1rio da Uni\u00e3o Nacional dos Estudantes (UNE). Devido \u00e0 pandemia, o Congresso ocorreu de forma virtual e manteve em sua dire\u00e7\u00e3o a mesma proporcionalidade<\/p>\n","protected":false},"author":2,"featured_media":8502,"comment_status":"open","ping_status":"open","sticky":false,"template":"","format":"standard","meta":{"footnotes":""},"categories":[7],"tags":[],"class_list":["post-8501","post","type-post","status-publish","format-standard","has-post-thumbnail","hentry","category-juventude"],"_links":{"self":[{"href":"https:\/\/www.cstuit.com\/home\/wp-json\/wp\/v2\/posts\/8501","targetHints":{"allow":["GET"]}}],"collection":[{"href":"https:\/\/www.cstuit.com\/home\/wp-json\/wp\/v2\/posts"}],"about":[{"href":"https:\/\/www.cstuit.com\/home\/wp-json\/wp\/v2\/types\/post"}],"author":[{"embeddable":true,"href":"https:\/\/www.cstuit.com\/home\/wp-json\/wp\/v2\/users\/2"}],"replies":[{"embeddable":true,"href":"https:\/\/www.cstuit.com\/home\/wp-json\/wp\/v2\/comments?post=8501"}],"version-history":[{"count":0,"href":"https:\/\/www.cstuit.com\/home\/wp-json\/wp\/v2\/posts\/8501\/revisions"}],"wp:featuredmedia":[{"embeddable":true,"href":"https:\/\/www.cstuit.com\/home\/wp-json\/wp\/v2\/media\/8502"}],"wp:attachment":[{"href":"https:\/\/www.cstuit.com\/home\/wp-json\/wp\/v2\/media?parent=8501"}],"wp:term":[{"taxonomy":"category","embeddable":true,"href":"https:\/\/www.cstuit.com\/home\/wp-json\/wp\/v2\/categories?post=8501"},{"taxonomy":"post_tag","embeddable":true,"href":"https:\/\/www.cstuit.com\/home\/wp-json\/wp\/v2\/tags?post=8501"}],"curies":[{"name":"wp","href":"https:\/\/api.w.org\/{rel}","templated":true}]}}