

	{"id":100,"date":"2012-02-04T01:01:00","date_gmt":"2012-02-04T01:01:00","guid":{"rendered":"https:\/\/www.cstuit.com\/home\/index.php\/2012\/02\/04\/arquivoid-9135\/"},"modified":"2012-02-04T01:01:00","modified_gmt":"2012-02-04T01:01:00","slug":"arquivoid-9135","status":"publish","type":"post","link":"https:\/\/www.cstuit.com\/home\/2012\/02\/04\/arquivoid-9135\/","title":{"rendered":"Ao povo da S\u00edria que luta contra a tirania"},"content":{"rendered":"<p>| CST<\/p>\n<p>J\u00e1 s\u00e3o dez meses que o povo da S\u00edria se levantou contra a feroz ditadura encabe\u00e7ada por Bashar Al-Assad e durante este tempo s\u00e3o incont\u00e1veis os m\u00e1rtires, os presos e os exilados.<\/p>\n<p>Queremos que voc\u00eas saibam que estamos de vosso lado e enviar nossa solidariedade na luta. Na S\u00edria n\u00e3o haver\u00e1 paz at\u00e9 que saia o assassino de Bashar e acabe seu regime repressivo, sejam libertados todos os presos e voltem os refugiados.<\/p>\n<p>Os que assinamos este texto somos conscientes da feroz repress\u00e3o que desde princ\u00edpios do ano passado est\u00e1 acontecendo em todo o pa\u00eds e especialmente nas prov\u00edncias de Homs, Idleb, Deraa e os sub\u00farbios de Damasco, e tudo frente aos olhos dos observadores da Liga \u00c1rabe. Mas n\u00e3o esque\u00e7am que somos muitos os que, no mundo \u00c1rabe, no Norte da \u00c1frica e em outros continentes estamos do lado de voc\u00eas, apoiando vossa luta para que Bashar saia imediatamente do poder.<\/p>\n<p>Tamb\u00e9m somos conscientes que as na\u00e7\u00f5es poderosas ignoram o povo s\u00edrio e olham para outro lado enquanto continuam os massacres, mas considerem que somos muitos os que no mundo todo estamos com voc\u00eas e renegamos da pol\u00edtica de colabora\u00e7\u00e3o de estas potencias e de seus governos com o regime de Bashar.<\/p>\n<p>Tamb\u00e9m sabemos que um setor da esquerda antiimperialista est\u00e1 dando as costas para a revolu\u00e7\u00e3o contra a ditadura de Bashar, negando inclusive os massacres do regime; de acordo com estes setores, tudo n\u00e3o passaria de uma provoca\u00e7\u00e3o do imperialismo e o povo s\u00edrio que luta estaria sendo manipulado por Israel. Os que assinamos esta nota rejeitamos de plano esta acusa\u00e7\u00e3o e lembramos que o regime assassino da S\u00edria tem reprimido os palestinos nos massacres do campo de refugiados de Tal Zaatar em 1976 realizada por Hafez Alassad, pai de Bashar. Tamb\u00e9m que segurou sempre as fronteiras com Israel e durante trinta anos n\u00e3o mexeu um dedo para recuperar o territ\u00f3rio ocupado nos altos do Gol\u00e3. Afirmar que tudo n\u00e3o passa de uma manipula\u00e7\u00e3o do imperialismo negando as mobiliza\u00e7\u00f5es que acontecem todo dia significa menosprezar o povo s\u00c3 \u00adrio que a di\u00e1rio arrisca a vida contra os tanques, os franco atiradores e as gangues pagas pelo regime de Bashar e despreciar os m\u00e1rtires da revolu\u00e7\u00e3o S\u00edria que doaram suas vidas pela liberdade e a democracia.<\/p>\n<p>Finalmente, tamb\u00e9m temos consci\u00eancia de que as grandes potencias ocidentais pretendem ganhar posi\u00e7\u00f5es nesta situa\u00e7\u00e3o e que nada de bom vir\u00e1 por parte do imp\u00e9rio estadunidense e dos governos ocidentais que nos EUA e na Europa est\u00e3o aplicando um ataque sem precedentes \u00e0s condi\u00e7\u00f5es de vida dos trabalhadores, multiplicando o desemprego, baixando os sal\u00e1rios e provocando uma mis\u00e9ria que cresce a cada dia. Estes mesmos governos n\u00e3o duvidam em resgatar os banqueiros com bilh\u00f5es de euros que tiram de todos n\u00f3s.<\/p>\n<p>N\u00e3o podemos confiar neles, pois o \u00fanico que querem \u00e9 fortalecer seus lucros e patrim\u00f4nios tirando dos trabalhadores e dos povos, na Europa, na Am\u00e9rica, na \u00c1frica e na \u00c1sia, como fizeram no Iraque e na L\u00edbia com seus bombardeios e como o fazem no Egito apoiando a assassina Junta Militar.<\/p>\n<p>Fazemos p\u00fablico este manifesto, para que chegue nossa solidariedade e assegurar a voc\u00eas, o povo s\u00edrio que resiste, que n\u00e3o est\u00e1 sozinho, que vossa luta \u00e9 justa e que milh\u00f5es de pessoas no mundo todo admiram vossa coragem, sentem vossa dor como pr\u00f3pria e receber\u00e3o vossa vit\u00f3ria como uma vit\u00f3ria de toda a humanidade contra a tirania. <\/p>\n<p>T\u00fanez: Hajji Hadia (madre de Manel Boullagni, m\u00e1rtir de la revoluci\u00f3n); Hajji Mounir (sindicalista), Hajji Adnane (sindicalista de Redeyef, dirigente de la insurrecci\u00f3n minera de 2008, prisionero pol\u00edtico bajo Ben Ali); Fahen Boukadous (preso pol\u00edtico de Ben Ali, militante del PCOT); Missaoni Hasna, Abidi Chadi y Haddad Yamina de la Asociaci\u00f3n de M\u00e1rtires de la Revoluci\u00f3n de Regueb; Hsini Chatha y Kahli Chatha, hijos de m\u00e1rtires de la revoluci\u00f3n; Mohamed Doggi (profesor universitario); Sadri Khiari (soci\u00f3logo); Ridha Redaoui (abogado de Gafsa); Amine Jlali, Akrni Wahiba, Koussi Alidi, Abidi Mouldi, Hajji Raouf, Rached Jaballi, Amatef Amri, Amri Amal, Sassi Lazreg, Nouha Amri, Tarek Amri, Henda Felhi, Amri Raja.<br \/>\nPalestina: Rim Banna (artista); Mazeh Salah;<br \/>\nComunidad Siria en el Estado espa\u00f1ol: Abdul Kader Yousfan; M. Nidal Najjar Malat, Razan Alzobi; Misham Yousfan; Ghaida Alhamwi; Almira del Holmo; Mowafak Kanfach; Moufafk Asaad Ammaar; Zaki Alrifai;  Raed Adjundi; Gabi Hassan; Amar Alwani; Mahmoud Alrisai; Heba Alrisai; F\u00e1tima Jamila; Nuria Elawab; Diana Altadmuri; Hana Krichati; Samar Uyom Alsoud; R. Alkhouli; Mumsin Mart\u00ednez; M.M Zairaa Damasla; Bachir Doghmoct; Zayed Dolchmoct; Ellachai Fouad; Mohamedd Alrifai; Ihab Alrifai; Ussama Jandali; Zinar Ala; Ziad Alrefai Alrifai; Maysaa Rifai; Bahaa Arefai.<br \/>\nTurqu\u00eda: Oktay Benol, Murat Yak&#305;n, Baran Turgut, Deniz Karadeniz, Sedat Durel, Yusuf Ekin Guvenceoglu, Ozan \u00c7ift\u00e7i, Cemre Sava, G\u00f6rkem Duru, Fuat Karan, Hakan Simsek y Semsi Gunes por \u00cfsc\u00efcephesi (Frente Obrero). Santiago Alba Rico (escritor); Pepe D\u00edaz S\u00e1nchez de la Blanca (militante de Lucha Internacionalista, Estado Espa\u00f1ol); Olga Rodr\u00edguez (periodista y escritora); Carlos Varea Gonz\u00e1lez (Profesor de la Universidad Aut\u00f3noma de Madrid); Ignacio Guti\u00e9rrez de Ter\u00e1n G\u00f3mez-Benita (UAM: dep. Estudios \u00c1rabes e Isl\u00e1micos); Diego Rej\u00f3n Bayo (miembro del comit\u00e9 de empresa de SEAT. Estado espa\u00f1ol); Miquel Blanch i Sol\u00e9 ; Liliana Olivero (diputada por C\u00f3rdoba -Argentina- de Izquierda Socialista y el Frente de Izquierda y los Trabajadores- FIT); Orlando Chirino (Coordinador Nacional de FADESS -Frente Aut\u00f3nomo en Defensa del Salario y la Seguridad Social- de Venezuela y de la corriente CCURA); Ang\u00e9lica Lagunas (diputada electa por Neuqu\u00e9n-Argentina- de Izquierda Socialista y el FIT, dirigente sindical docentes); Jos\u00e9 Castillo y Juan Carlos Giordano, por Izquierda  Socialista de Argentina); Rub\u00e9n \u201cPollo\u201d Sobrero y Edgardo Reynoso (dirigentes ferroviarios del Cuerpo de Delegados de Ramal TBA-Sarmiento de Argentina); Baba (ex-deputado federal, dirigente nacional do PSOL de Brasil); Douglas Diniz Fernandes, Michel Oliveira y Nancy de Oliveira Galvao, dirigentes del PSOL de Brasil;) Wellington Cabral, Joao Rosa e Davi Paolo de Souza Junior (dirigentes del Sindicato dos Quimicos de Sao Jose dos Campos, Sao Paulo- Brasil); Pedro Rosa Cabral, Lagia Antunes e Isabel Firmino (dirigentes del Sindicato dos trabalhadores da Universidade Federal Fulm\u00ednense, Rio de Janeiro-Brasil); Neide Solimaes, Cedacio Vasconcellos (dirigentes del Sindicato dos Servidores Publicos Federais del Estado de Para-Brasil); Mario Amaral e Reginaldo Cordeiro (dirigentes do Sindicado dos Rodoviarios de Ananindeua e Marituba, Para-Brasil); Carlos Rojas, Carlos Barrera y Miguel Lamas (La Protesta de Bolivia); Enrique Fern\u00e1ndez Chac\u00f3n (ex diputado nacional, dirigente  de Unidos en la Lucha de Per\u00fa); Rainier R\u00edos (dirigente MST \u2013 Chile); Mario Mendoza (Presidente Federaci\u00f3n Empleados Municipales Rural Costa- Chile); Carmen Moncada Secretaria Junta Vecinal Calderon de Ex presos Pol\u00edticos de Paine- Chile); Matias Mart\u00ednez (Vicepresidente Federaci\u00f3n Universitaria UMCE- Chile); Matias Sotomayor (Presidente de Centro de Estudiantes Filosof\u00eda Universidad Alberto Hurtado \u2013 Chile); Kina Hernandez (ex dirigenta Centro Estudiantes Filosof\u00eda Universidad de Valpara\u00edso \u2013 Chile); Jos\u00e9 Bodas (Secretario General de la Federaci\u00f3n Unitaria de Trabajadores Petroleros de Venezuela-FUTPV); Francisco Luna (integrante del Comit\u00e9 Ejecutivo de la FUTPV de Venezuela); Emilio Bastidas (dirigente de UNT de Aragua- Venezuela); Miguel Angel Hern\u00e1ndez (Secretario General de la Unidad Socialista de Izquierda-Partido Socialista y Libertad -USI-PSL- de Venezuela); Ricardo Georges Ibrahim (Estado espa\u00f1ol); Javier Mestre Marcotegui (escritor. Estado espa \u00f1ol); Jorge Riechmann (escritor. Estado espa\u00f1ol); Karlos Zurutuza (periodista. Estado espa\u00f1ol); Raquel Mercedes Arroyo (residente en Qatar); Luis Mart\u00edn-Cabrera (Profesor de Literatura, UC San Diego- EEUU); Gilberto L\u00f3pez y Rivas (Profesor-Investigador Instituto Nacional de Antropolog\u00eda e Historia, M\u00e9xico); John Brown (escritor, Bruselas); Javier Barreda Sureda (Dpto de Filolog\u00edas Integradas de la UAM, Estado espa\u00f1ol); Sinfo Fern\u00e1ndez Navarro; Karim el Otmani (por Via Democr\u00e1tica de Marruecos, en Catalunya); Manel M\u00e1rquez; Franck Gaudichaud (Francia), Carlos Fern\u00e1ndez Liria (Profesor de la UCM. Estado espa\u00f1ol); Jaime Pastor Verd\u00fa (Profesor de la UNED. Estado espa\u00f1ol), Carlos Azagra (dibujante, Estado espa\u00f1ol); Naomi Ram\u00edrez D\u00edaz (arabista, responsable de la p\u00e1gina Traductores de la Revoluci\u00f3n Siria. Estado espa\u00f1ol); Mar\u00eda del Mar Sangrador Salan; Blanca Camps Ferrer; Nieves Ortega Garc\u00eda; Josefa Hern\u00e1ndez; Joaqu\u00edn Bejarano; Albert Casals; Pujol Grau ; Cristina Mas (militante de Lucha Internacionalista); Luis Carlos G\u00f3mez-Pintado \u2013Luca- (delegado sindical de AENA, militante de Lucha Internacionalista); Raul Camargo, (Izquierda Anticapitalista -Madrid); Miguel Urban (Izquierda Anticapitalista -Madrid); Esther Vivas (activista -Barcelona); Josep Maria Antentas (profesor de sociolog\u00eda de la UAB); Cornella Sense Fronteres \u2013Estado espa\u00f1ol-; Jos\u00e9 del Valle Lavandera (Asturias, ex preso pol\u00edtico en el franquismo); Marcos Mart\u00edn Prior; Jos\u00e9 Mart\u00ednez Prieto; Elizabet Ruiz Romero; Raquel Pagadigorria; Dania Medina; Ernesto Arce; Arnaldo Troncoso; Naymas Naima; Yony M\u00e9ndez; Sergio Almir\u00f3n; Clea David; Juan Alonso Fern\u00e1ndez (militante de Lucha Internacionalista); Alberto Curiel; Lidia Curiel; Nerea Pescador; Albert Portillo; Daniel Utrera; Diego Mendoza; Mar\u00eda Luisa Montijano; Josep Llu\u00eds del Alc\u00e1zar (delegada sindical, militante de Lucha Internacionalista); Muhitin Karkin (delegado sindical, militante de Lucha Int ernacionalista); Maria Esther del Alc\u00e1zar i Fabregat (delegada sindical, militante de Lucha Internacionalista). Alvaro Saumeth (dirigente sindical docentes y de Alternativa Socialista, de Colombia); Priscila V\u00e1squez, (dirigente nacional de los Trabajadores del Seguro Social de Panam\u00e1); Virigilio Arauz (dirigente de Propuesta Socialista)<\/p>\n","protected":false},"excerpt":{"rendered":"<p>| CST J\u00e1 s\u00e3o dez meses que o povo da S\u00edria se levantou contra a feroz ditadura encabe\u00e7ada por Bashar Al-Assad e durante este tempo s\u00e3o incont\u00e1veis os m\u00e1rtires, os presos e os exilados. Queremos que voc\u00eas saibam que estamos de vosso lado e enviar<\/p>\n","protected":false},"author":1,"featured_media":0,"comment_status":"closed","ping_status":"open","sticky":false,"template":"","format":"standard","meta":{"footnotes":""},"categories":[2],"tags":[],"class_list":["post-100","post","type-post","status-publish","format-standard","hentry","category-arquivo"],"_links":{"self":[{"href":"https:\/\/www.cstuit.com\/home\/wp-json\/wp\/v2\/posts\/100","targetHints":{"allow":["GET"]}}],"collection":[{"href":"https:\/\/www.cstuit.com\/home\/wp-json\/wp\/v2\/posts"}],"about":[{"href":"https:\/\/www.cstuit.com\/home\/wp-json\/wp\/v2\/types\/post"}],"author":[{"embeddable":true,"href":"https:\/\/www.cstuit.com\/home\/wp-json\/wp\/v2\/users\/1"}],"replies":[{"embeddable":true,"href":"https:\/\/www.cstuit.com\/home\/wp-json\/wp\/v2\/comments?post=100"}],"version-history":[{"count":0,"href":"https:\/\/www.cstuit.com\/home\/wp-json\/wp\/v2\/posts\/100\/revisions"}],"wp:attachment":[{"href":"https:\/\/www.cstuit.com\/home\/wp-json\/wp\/v2\/media?parent=100"}],"wp:term":[{"taxonomy":"category","embeddable":true,"href":"https:\/\/www.cstuit.com\/home\/wp-json\/wp\/v2\/categories?post=100"},{"taxonomy":"post_tag","embeddable":true,"href":"https:\/\/www.cstuit.com\/home\/wp-json\/wp\/v2\/tags?post=100"}],"curies":[{"name":"wp","href":"https:\/\/api.w.org\/{rel}","templated":true}]}}