

	{"id":1005,"date":"2016-03-06T22:08:21","date_gmt":"2016-03-06T22:08:21","guid":{"rendered":"https:\/\/www.cstuit.com\/home\/?p=1005"},"modified":"2016-03-06T23:55:16","modified_gmt":"2016-03-06T23:55:16","slug":"nem-1303-com-psdb-nem-3103-com-pt-fora-todos-fora-dilma-temer-cunha-e-aecio-construir-um-terceiro-ato-da-esquerda-em-marco","status":"publish","type":"post","link":"https:\/\/www.cstuit.com\/home\/2016\/03\/06\/nem-1303-com-psdb-nem-3103-com-pt-fora-todos-fora-dilma-temer-cunha-e-aecio-construir-um-terceiro-ato-da-esquerda-em-marco\/","title":{"rendered":"Nem 13\/03 com PSDB, Nem 31\/03 com PT! Fora Todos! Fora Dilma, Temer, Cunha e A\u00e9cio! Construir um terceiro ato da esquerda em mar\u00e7o"},"content":{"rendered":"<p style=\"text-align: justify;\">Na \u00faltima sexta-feira, 04\/03, a Policia Federal levou o ex-presidente Lula para depor em meio a 24\u00aa fase da opera\u00e7\u00e3o Lava-jato. Em meio \u00e0 crise pol\u00edtica que vivemos, fica evidente que Lula e Dilma governam com os mesmos m\u00e9todos corruptos do PSDB ou do PMDB. O PT se tornou instrumento das empreiteiras, dos banqueiros e do agroneg\u00f3cio.<\/p>\n<p style=\"text-align: justify;\">Ao mesmo tempo que roubam as estatais para financiar campanhas eleitorais e enriquecer, eles aplicam medidas amargas contra o povo. O ajuste fiscal de Dilma aumenta o desemprego, o arrocho salarial, o desmonte das escolas e com epidemias como o Zika, fica mais evidente a debilidade da sa\u00fade no pa\u00eds. Agora, o governo Dilma anunciou um pacote que pode cancelar o aumento dos servidores e prepara uma reforma na previd\u00eancia para retirar direitos. Al\u00e9m de articular com Jos\u00e9 Serra (PSDB) a entrega do Pr\u00e9-Sal e mais desmontes na Petrobras.<\/p>\n<p style=\"text-align: justify;\">Os trabalhadores e a juventude est\u00e3o revoltados. Por isso ocorrem protestos em v\u00e1rios estados. Atualmente o maior exemplo desse enfrentamento \u00e9 a forte greve da educa\u00e7\u00e3o do Rio de Janeiro, que acaba de realizar uma manifesta\u00e7\u00e3o unificada com os secundaristas e outras categorias. Esse \u00e9 o caminho! Coordenar as lutas e construir uma greve geral para barrar os ataques e a corrup\u00e7\u00e3o.<\/p>\n<p style=\"text-align: justify;\"><strong>Chega de ajuste e corrup\u00e7\u00e3o! Construir uma alternativa da esquerda, contra PT e PSDB!<\/strong><\/p>\n<p style=\"text-align: justify;\">Dilma, Lula e o PT n\u00e3o t\u00eam moral para seguir governando, pois s\u00e3o repudiados pelos trabalhadores e jovens. Defendemos que essa indigna\u00e7\u00e3o se transforme em a\u00e7\u00f5es de rua, greves e ocupa\u00e7\u00f5es para acabar com o governo do PT. Por\u00e9m o Congresso Nacional de Cunha e Renan n\u00e3o possui legitimidade para realizar um impeachment. Principalmente quando o presidente da C\u00e2mara \u00e9 r\u00e9u na lava jato e o vice Michel Temer compartilha com Dilma o ajuste e a corrup\u00e7\u00e3o. Por outro lado criticamos a proposta de novas elei\u00e7\u00f5es, feita por A\u00e9cio, que visa o retorno do PSDB para a presid\u00eancia da rep\u00fablica. \u00c9 preciso construir uma sa\u00edda dos trabalhadores e do povo, organizada pela esquerda e os educadores, secundaristas, oper\u00e1rios e sem-teto em luta.<\/p>\n<p style=\"text-align: justify;\"><strong>Que o PSOL, a CSP-CONLUTAS e demais organiza\u00e7\u00f5es da esquerda convoquem uma manifesta\u00e7\u00e3o nacional!<\/strong><\/p>\n<p style=\"text-align: justify;\">O PSDB, juntamente com outros partidos, convoca uma manifesta\u00e7\u00e3o pelo impeachment no dia 13\/03. Sabemos que muitos trabalhadores come\u00e7aram a ver essa manifesta\u00e7\u00e3o como um canal para protestar contra Lula e Dilma. No entanto alertamos que essa atividade n\u00e3o \u00e9 uma alternativa para expressar nossa indigna\u00e7\u00e3o.\u00a0 Esse ato \u00e9 liderado por A\u00e9cio, Cunha, Bolsonaro, Caiado e outros empres\u00e1rios.\u00a0 Eles querem voltar para o poder e manter o ajuste fiscal e o roubo nas estatais, como fazem em S\u00e3o Paulo.<\/p>\n<p style=\"text-align: justify;\">O PT, juntamente com as dire\u00e7\u00f5es da CUT, UNE e MST, convoca uma manifesta\u00e7\u00e3o em defesa de Lula e Dilma para o dia 31\/03. O PT quer manter tudo como est\u00e1, para seguir governando contra o povo. Algo absurdo que deve ser repudiado. Infelizmente muitos setores da esquerda est\u00e3o construindo essa manifesta\u00e7\u00e3o governista, caso do MTST e da dire\u00e7\u00e3o da US-PSOL, o que \u00e9 um erro.<\/p>\n<p style=\"text-align: justify;\">Est\u00e1 nas m\u00e3os do PSOL, da CSP-CONLUTAS, liderar a organiza\u00e7\u00e3o de uma reuni\u00e3o nacional com o PSTU, PCB, PCR, a INTERSINDICAL, o Sindicato dos Metal\u00fargicos de Campinas, o SEPE\/RJ, o SINTEPP (Par\u00e1), sindicatos independentes e comando de greve para debater uma agenda para combater a crise e batalhar por uma greve geral.<\/p>\n<p style=\"text-align: justify;\">Nossa tarefa imediata \u00e9 a constru\u00e7\u00e3o de uma terceira manifesta\u00e7\u00e3o, alternativa ao dia 13\/03 do PSDB e ao 31\/03 do PT. N\u00f3s da CST-PSOL apresentamos essa proposta de um terceiro ato nacional nas reuni\u00f5es em que estivemos. Infelizmente n\u00e3o obtivemos o apoio das demais organiza\u00e7\u00f5es da esquerda. Seguimos chamado a unidade para construir uma manifesta\u00e7\u00e3o alternativa. Esperamos que essas dire\u00e7\u00f5es reavaliem sua postura e construam essa atividade nacional unificada.<\/p>\n<p style=\"text-align: justify;\">Defendemos a necessidade de lutar por um Governo de Esquerda, dos Trabalhadores e do Povo para aplicar um plano econ\u00f4mico contra as demiss\u00f5es, por reposi\u00e7\u00e3o das perdas salarias e redu\u00e7\u00e3o da jornada sem redu\u00e7\u00e3o do sal\u00e1rio. Por um plano de obras p\u00fablicas, de reconstru\u00e7\u00e3o dos servi\u00e7os estatais e de investimento nas \u00e1reas sociais custeado pela suspens\u00e3o do pagamento da d\u00edvida externa e interna. Por congelamento das tarifas e estatiza\u00e7\u00e3o dos transportes com tarifa zero pra popula\u00e7\u00e3o. Para punir os corruptos, estatizando as empreiteiras envolvidas na Lava-jato, transformando a Petrobras em uma empresa 100% estatal e sob controle dos trabalhadores.<\/p>\n<p style=\"text-align: justify;\">06\/03\/2016 |\u00a0Executivo Nacional da <strong>CST-PSOL<\/strong> (Corrente Socialista dos Trabalhadores \u2013 Tend\u00eancia do PSOL)<\/p>\n","protected":false},"excerpt":{"rendered":"<p>Na \u00faltima sexta-feira, 04\/03, a Policia Federal levou o ex-presidente Lula para depor em meio a 24\u00aa fase da opera\u00e7\u00e3o Lava-jato. Em meio \u00e0 crise pol\u00edtica que vivemos, fica evidente que Lula e Dilma governam com os mesmos m\u00e9todos corruptos do PSDB ou do PMDB.<\/p>\n","protected":false},"author":1,"featured_media":1009,"comment_status":"open","ping_status":"open","sticky":false,"template":"","format":"standard","meta":{"footnotes":""},"categories":[5],"tags":[11,145,58,44,22,144],"class_list":["post-1005","post","type-post","status-publish","format-standard","has-post-thumbnail","hentry","category-nacional","tag-ajuste-fiscal","tag-ato-nacional","tag-corrupcao","tag-fora-todos","tag-greve","tag-trabalhadores"],"_links":{"self":[{"href":"https:\/\/www.cstuit.com\/home\/wp-json\/wp\/v2\/posts\/1005","targetHints":{"allow":["GET"]}}],"collection":[{"href":"https:\/\/www.cstuit.com\/home\/wp-json\/wp\/v2\/posts"}],"about":[{"href":"https:\/\/www.cstuit.com\/home\/wp-json\/wp\/v2\/types\/post"}],"author":[{"embeddable":true,"href":"https:\/\/www.cstuit.com\/home\/wp-json\/wp\/v2\/users\/1"}],"replies":[{"embeddable":true,"href":"https:\/\/www.cstuit.com\/home\/wp-json\/wp\/v2\/comments?post=1005"}],"version-history":[{"count":0,"href":"https:\/\/www.cstuit.com\/home\/wp-json\/wp\/v2\/posts\/1005\/revisions"}],"wp:featuredmedia":[{"embeddable":true,"href":"https:\/\/www.cstuit.com\/home\/wp-json\/wp\/v2\/media\/1009"}],"wp:attachment":[{"href":"https:\/\/www.cstuit.com\/home\/wp-json\/wp\/v2\/media?parent=1005"}],"wp:term":[{"taxonomy":"category","embeddable":true,"href":"https:\/\/www.cstuit.com\/home\/wp-json\/wp\/v2\/categories?post=1005"},{"taxonomy":"post_tag","embeddable":true,"href":"https:\/\/www.cstuit.com\/home\/wp-json\/wp\/v2\/tags?post=1005"}],"curies":[{"name":"wp","href":"https:\/\/api.w.org\/{rel}","templated":true}]}}