

	{"id":10081,"date":"2023-01-18T20:53:33","date_gmt":"2023-01-18T20:53:33","guid":{"rendered":"https:\/\/www.cstuit.com\/home\/?p=10081"},"modified":"2023-01-18T20:53:33","modified_gmt":"2023-01-18T20:53:33","slug":"fora-dina-boluarte-prisao-para-os-assassinos","status":"publish","type":"post","link":"https:\/\/www.cstuit.com\/home\/2023\/01\/18\/fora-dina-boluarte-prisao-para-os-assassinos\/","title":{"rendered":"FORA DINA BOLUARTE! PRIS\u00c3O PARA OS ASSASSINOS!"},"content":{"rendered":"<p>O povo trabalhador do pa\u00eds n\u00e3o para de lutar e o governo assassino de Boluarte pretende se manter no poder matando os que lutam. Para isso, conta com o apoio das For\u00e7as Armadas, da Pol\u00edcia, do Congresso de direita, que lhe deu um voto de confian\u00e7a, al\u00e9m dos grandes empres\u00e1rios do pa\u00eds agrupados na CONFIEP. De fato, em sua \u00faltima mensagem \u00e0 na\u00e7\u00e3o, Dina Boluarte apresentou um falso pedido de desculpas por seus 47 assassinatos em um m\u00eas de governo. Por\u00e9m, ningu\u00e9m acreditou. Ela reafirmou a linha de criminalizar o protesto, de reprimir e perseguir os que lutam, e seguiu sustentando a armadilha da antecipa\u00e7\u00e3o das elei\u00e7\u00f5es para abril de 2024, de modo que nada mude e o poder fique com seus s\u00f3cios fujimoristas e demais aliados.<\/p>\n<p>Portanto, em todas as regi\u00f5es do pa\u00eds, a raiva s\u00f3 se ampliou. Depois da tr\u00e9gua para as festas de final de ano, a onda de lutas n\u00e3o parou de crescer e agora busca chegar a Lima, para demonstrar que o sofrimento dos pobres no Peru \u2013 o abandono, a posterga\u00e7\u00e3o das demandas populares, a explora\u00e7\u00e3o e a discrimina\u00e7\u00e3o \u2013 deve ser resolvido imediatamente. A partir de Andahuaylas, Cusco, Ayacucho, Puno e de outras regi\u00f5es do Centro e do Norte do pa\u00eds, est\u00e1 sendo preparada uma mobiliza\u00e7\u00e3o nacional, que deve receber o total apoio do povo de Lima, que j\u00e1 percebeu que Boluarte governa para os ricos contra o povo e que n\u00e3o est\u00e1 disposta a abrir m\u00e3o da repress\u00e3o e do assassinato, fazendo crescer as mobiliza\u00e7\u00f5es na capital.<\/p>\n<p>Por outro lado, um m\u00eas ap\u00f3s o massacre de Ayacucho, o governo promoveu o massacre de Juliaca e estendeu o estado de emerg\u00eancia, para permitir que as For\u00e7as Armadas e a Pol\u00edcia atuem com balas letais e com impunidade. A morte de cada companheiro e companheira pelas balas disparadas pelo governo, atrav\u00e9s da Pol\u00edcia ou do Ex\u00e9rcito, n\u00e3o pode ficar impune. O governo \u00e9 o respons\u00e1vel e deve ser punido pelos seus crimes! Dina Boluarte deve ser julgada e presa junto com todos os assassinos. Pris\u00e3o para os assassinos de nossos companheiros e companheiras!<\/p>\n<p><strong>SEGUIR MOBILIZADOS E UNIFICAR OS QUE LUTAM EM UMA GRANDE MARCHA DOS 4 SUYOS! [1]<\/strong><\/p>\n<p>O povo do Peru sabe muito bem que o caminho da luta \u00e9 longo e dif\u00edcil e que o sangue derramado n\u00e3o ser\u00e1 em v\u00e3o. Em outras palavras: devemos continuar mobilizando e construindo a coordena\u00e7\u00e3o das organiza\u00e7\u00f5es em luta para conseguir uma mobiliza\u00e7\u00e3o nacional com bloqueios de estradas, piquetes e outras a\u00e7\u00f5es em Lima e em todo o pa\u00eds. Tamb\u00e9m as comunidades camponesas e ind\u00edgenas de Puno, Cusco, Andahuaylas e de todo o Peru, junto com as frentes de defesa, os comit\u00eas de greve, os sindicatos, as organiza\u00e7\u00f5es estudantis e as novas organiza\u00e7\u00f5es que surgem no calor da luta, devem se unir para atacar com um s\u00f3 punho at\u00e9 derrotar o governo assassino. Realizar assembl\u00e9ias para desenvolver um plano de luta nacional at\u00e9 que Dina e seus c\u00famplices caiam \u00e9 a principal tarefa do povo do Peru. Os povos do interior est\u00e3o indicando o caminho e s\u00e3o um exemplo. Vamos criar comit\u00eas de greve em cada prov\u00edncia, em cada bairro, local de trabalho e estudo! Que a greve convocada pela CGTP e pela CUT n\u00e3o seja uma festa e uma sauda\u00e7\u00e3o \u00e0 bandeira, como se tornou comum nos \u00faltimos anos. Que seja o primeiro passo para construir uma greve nacional e um plano unificado de luta em todo o pa\u00eds! Para construir uma nova marcha dos 4 Suyos, mais de 20 anos depois da queda da ditadura de Fujimori, desta vez para dar um fim ao governo de Dina Boluarte e a todo o regime podre!<\/p>\n<p><strong>LUTAR POR UMA ASSEMBL\u00c9IA CONSTITUINTE E POR UM GOVERNO DOS TRABALHADORES E DAS ORGANIZA\u00c7\u00d5ES EM LUTA!<\/strong><\/p>\n<p>A queda do governo Dina \u00e9 o objetivo comum de milhares de peruanos mobilizados. O triunfo do povo trabalhador \u00e9 poss\u00edvel e abre enormes possibilidades para conquistar uma Assembleia Constituinte livre e soberana, que sepulte a Constitui\u00e7\u00e3o de Fujimori, apoiada por todos os governos, e a partir da\u00ed discuta todas as medidas necess\u00e1rias e a favor do pa\u00eds, como a anula\u00e7\u00e3o de todo o cap\u00edtulo econ\u00f3mico para colocar os recursos nacionais a servi\u00e7o das necessidades do povo. Temos que derrubar a assassina Dina Boluarte e o Congresso corrupto, que ap\u00f3ia obscuras \u201ctransi\u00e7\u00f5es democr\u00e1ticas\u201d para n\u00e3o mudar nada e beneficiar os mesmos de sempre. Vamos remover Dina Boluarte para que governem os \u00fanicos que podem tirar o pa\u00eds da crise: os trabalhadores, as organiza\u00e7\u00f5es camponesas e ind\u00edgenas, que hoje est\u00e3o em luta para promover medidas de fundo para que os exploradores capitalistas paguem pela crise e n\u00e3o o povo empobrecido! Vamos fazer um aumento geral emergencial de sal\u00e1rios e aposentadorias, sem AFP. Chega de informalidade, CAS e precariza\u00e7\u00e3o! Congelamento dos pre\u00e7os, san\u00e7\u00e3o aos especuladores e nacionaliza\u00e7\u00e3o dos Bancos para estancar a infla\u00e7\u00e3o! Impostos sobre as grandes fortunas j\u00e1! Dinheiro para trabalho, sa\u00fade e educa\u00e7\u00e3o para o povo e n\u00e3o para o FMI! Por moradia digna para todas as pessoas! Nacionaliza\u00e7\u00e3o dos recursos naturais sob controle dos trabalhadores! Nova reforma agr\u00e1ria; Basta de recoloniza\u00e7\u00e3o da terra! Por um plano agroalimentar que garanta comida nas grandes cidades! Basta de repress\u00e3o aos que lutam!<\/p>\n<p>Partido das Trabalhadoras e dos Trabalhadores \u2013 Un\u00edos, se\u00e7\u00e3o peruana da UIT-CI<\/p>\n<p>Segunda-feira, 16 de janeiro de 2023<\/p>\n<p><strong>Notas:<\/strong><\/p>\n<p>[1] <a href=\"https:\/\/www.cstuit.com\/home\/index.php\/2020\/09\/09\/historia-a-marcha-de-los-cuatro-suyos-derrotou-a-ditadura-fujimorista-so-a-mobilizacao-derrotara-ao-governo-e-suas-politicas-neoliberais\/\">A Marcha de los 4 Suyos<\/a> foi uma mobiliza\u00e7\u00e3o popular realizada no Peru nos dias 26, 27 e 28 de julho de 2000, denunciando a fraudulenta terceira elei\u00e7\u00e3o consecutiva de Alberto Fujimori como presidente do pa\u00eds. O movimento foi fundamental para desgastar a ditadura fujimorista, abrindo o caminho para a sua queda.<\/p>\n<p>&nbsp;<\/p>\n<hr \/>\n<blockquote class=\"wp-embedded-content\" data-secret=\"i45hJH6mnt\"><p><a href=\"https:\/\/www.cstuit.com\/home\/2022\/12\/13\/peru-abaixo-o-estado-de-emergencia-tomar-as-ruas-ate-que-se-vao-todos-agora\/\">Peru: ABAIXO O ESTADO DE EMERG\u00caNCIA! TOMAR AS RUAS AT\u00c9 QUE SE V\u00c3O TODOS! AGORA!<\/a><\/p><\/blockquote>\n<p><iframe loading=\"lazy\" class=\"wp-embedded-content\" sandbox=\"allow-scripts\" security=\"restricted\" style=\"position: absolute; clip: rect(1px, 1px, 1px, 1px);\" title=\"&#8220;Peru: ABAIXO O ESTADO DE EMERG\u00caNCIA! TOMAR AS RUAS AT\u00c9 QUE SE V\u00c3O TODOS! AGORA!&#8221; &#8212; CST-UIT\" src=\"https:\/\/www.cstuit.com\/home\/2022\/12\/13\/peru-abaixo-o-estado-de-emergencia-tomar-as-ruas-ate-que-se-vao-todos-agora\/embed\/#?secret=497HhYMMc9#?secret=i45hJH6mnt\" data-secret=\"i45hJH6mnt\" width=\"600\" height=\"338\" frameborder=\"0\" marginwidth=\"0\" marginheight=\"0\" scrolling=\"no\"><\/iframe><\/p>\n<blockquote class=\"wp-embedded-content\" data-secret=\"hluHloJuM4\"><p><a href=\"https:\/\/www.cstuit.com\/home\/2022\/12\/23\/10056\/\">Peru: Todo apoio e solidariedade \u00e0s mobiliza\u00e7\u00f5es das e dos trabalhadores e camponeses!<\/a><\/p><\/blockquote>\n<p><iframe loading=\"lazy\" class=\"wp-embedded-content\" sandbox=\"allow-scripts\" security=\"restricted\" style=\"position: absolute; clip: rect(1px, 1px, 1px, 1px);\" title=\"&#8220;Peru: Todo apoio e solidariedade \u00e0s mobiliza\u00e7\u00f5es das e dos trabalhadores e camponeses!&#8221; &#8212; CST-UIT\" src=\"https:\/\/www.cstuit.com\/home\/2022\/12\/23\/10056\/embed\/#?secret=jvFO6I79EV#?secret=hluHloJuM4\" data-secret=\"hluHloJuM4\" width=\"600\" height=\"338\" frameborder=\"0\" marginwidth=\"0\" marginheight=\"0\" scrolling=\"no\"><\/iframe><\/p>\n","protected":false},"excerpt":{"rendered":"<p>O povo trabalhador do pa\u00eds n\u00e3o para de lutar e o governo assassino de Boluarte pretende se manter no poder matando os que lutam. Para isso, conta com o apoio das For\u00e7as Armadas, da Pol\u00edcia, do Congresso de direita, que lhe deu um voto de<\/p>\n","protected":false},"author":2,"featured_media":10082,"comment_status":"open","ping_status":"open","sticky":false,"template":"","format":"standard","meta":{"footnotes":""},"categories":[6],"tags":[],"class_list":["post-10081","post","type-post","status-publish","format-standard","has-post-thumbnail","hentry","category-internacional"],"_links":{"self":[{"href":"https:\/\/www.cstuit.com\/home\/wp-json\/wp\/v2\/posts\/10081","targetHints":{"allow":["GET"]}}],"collection":[{"href":"https:\/\/www.cstuit.com\/home\/wp-json\/wp\/v2\/posts"}],"about":[{"href":"https:\/\/www.cstuit.com\/home\/wp-json\/wp\/v2\/types\/post"}],"author":[{"embeddable":true,"href":"https:\/\/www.cstuit.com\/home\/wp-json\/wp\/v2\/users\/2"}],"replies":[{"embeddable":true,"href":"https:\/\/www.cstuit.com\/home\/wp-json\/wp\/v2\/comments?post=10081"}],"version-history":[{"count":0,"href":"https:\/\/www.cstuit.com\/home\/wp-json\/wp\/v2\/posts\/10081\/revisions"}],"wp:featuredmedia":[{"embeddable":true,"href":"https:\/\/www.cstuit.com\/home\/wp-json\/wp\/v2\/media\/10082"}],"wp:attachment":[{"href":"https:\/\/www.cstuit.com\/home\/wp-json\/wp\/v2\/media?parent=10081"}],"wp:term":[{"taxonomy":"category","embeddable":true,"href":"https:\/\/www.cstuit.com\/home\/wp-json\/wp\/v2\/categories?post=10081"},{"taxonomy":"post_tag","embeddable":true,"href":"https:\/\/www.cstuit.com\/home\/wp-json\/wp\/v2\/tags?post=10081"}],"curies":[{"name":"wp","href":"https:\/\/api.w.org\/{rel}","templated":true}]}}