

	{"id":101,"date":"2012-02-05T13:07:00","date_gmt":"2012-02-05T13:07:00","guid":{"rendered":"https:\/\/www.cstuit.com\/home\/index.php\/2012\/02\/05\/arquivoid-9136\/"},"modified":"2012-02-05T13:07:00","modified_gmt":"2012-02-05T13:07:00","slug":"arquivoid-9136","status":"publish","type":"post","link":"https:\/\/www.cstuit.com\/home\/2012\/02\/05\/arquivoid-9136\/","title":{"rendered":"Mobiliza\u00e7\u00e3o em solidariedade ao Pinheirinho, re\u00fane 4 mil em SJC"},"content":{"rendered":"<p>| Priscila Guedes<\/p>\n<p>Cerca de 4 mil pessoas estiveram presentes ontem, dia 02\/02, em S\u00e3o Jos\u00e9 dos Campos\/SP, no Ato Nacional em solidariedade as fam\u00edlias do Pinheirinho que foram brutalmente reprimidas e retiradas de suas casas pelos governos do PSDB Cury e Alckmin.<\/p>\n<p>Entre os manifestantes estiveram presentes delega\u00e7\u00f5es e companheiros de diversos estados e cidades de S\u00e3o Paulo, entidades do movimento popular, do movimento sindical e estudantil que se somaram \u00e0 luta dos companheiros de Pinheirinho.<\/p>\n<p>Ato se iniciou \u00e0s 9 horas da manh\u00e3 na pra\u00e7a Afonso Pena e depois partiu em marcha, passando por diversos pontos da cidade, inclusive a C\u00e2mara dos Vereadores, at\u00e9 a Prefeitura de S\u00e3o Jos\u00e9 dos Campos. <\/p>\n<p>\u201cEssa manifesta\u00e7\u00e3o de hoje, que reuniu diversas centrais sindicais, movimentos sociais e partidos pol\u00edticos que vieram protestar a favor do Pinheirinho, n\u00e3o se prende apenas a quest\u00e3o da moradia, mas a melhores sal\u00e1rios, educa\u00e7\u00e3o e sa\u00fade para toda a classe trabalhadora\u201d, afirmou Nancy Galv\u00e3o, coordenadora do F\u00f3rum de Resist\u00eancia do Pinheirinho e representante do F\u00f3rum de Lutas do Vale, composto por diversos sindicatos e impulsionado pela Unidos pra Lutar.<\/p>\n<p>Diversos partidos pol\u00edticos tamb\u00e9m estiveram presentes na manifesta\u00e7\u00e3o, como PT, PCR, PCB, PSTU e PSOL.<\/p>\n<p>O deputado federal, Chico Alencar (PSOL-RJ), tamb\u00e9m cobrou uma a\u00e7\u00e3o concreta do governo federal e prometeu levar o massacre do Pinheirinho aos trabalhos da Comiss\u00e3o de Direitos Humanos da C\u00e2mara dos Deputados. \u201cA \u00fanica repara\u00e7\u00e3o da presid\u00eancia da Republica \u00e9 a desapropria\u00e7\u00e3o do Pinheirinho\u201d. J\u00e1 o deputado Ivan Valente (PSOL-SP), acusou o executivo por omiss\u00e3o nas semanas que precederam a desocupa\u00e7\u00e3o. <\/p>\n<p>A Corrente Socialista dos Trabalhadores (CST-PSOL) participou do ato com uma boa coluna, muita aguerrida, cantando muitas palavras de ordem, junto com o Sintuff, Sindicato dos Qu\u00edmicos de S\u00e3o Jos\u00e9 dos Campos, Alimenta\u00e7\u00e3o, Sintsep-PA, Municipais de Jacare\u00ed e o Coletivo Nacional Vamos \u00e0 Luta. A caravana do Rio de Janeiro foi organiza pelo Sintuff, que contou com representantes de diversas entidades como DCE-UFF, Sindiacto dos Municip\u00e1rios de Itaocara, Professores do Estado e desabrigados de Niter\u00f3i.<\/p>\n<p>O momento mais emocionante de nossa caravana foi a visita ao Pinheirinho, ou o que restou da ocupa\u00e7\u00e3o ap\u00f3s a a\u00e7\u00e3o truculenta da prefeitura de S\u00e3o Jos\u00e9 dos Campos e do estado de S\u00e3o Paulo. Todas as casas foram destru\u00eddas junto com os pertences das fam\u00edlias: sof\u00e1s, camas, utens\u00edlios dom\u00e9sticos, brinquedos, roupas, carrinhos de beb\u00ea, etc.<\/p>\n<p>Durante a visita encontramos com uma moradora de Pinheirinho Erica, hoje em um dos abrigos do Estado, que voltou ao terreno para levar ra\u00e7\u00e3o para os cachorros que ainda estavam por l\u00e1. Ela nos contou que no dia da a\u00e7\u00e3o da pol\u00edcia, ela ouviu o som do helicoptero da pol\u00edcia e s\u00f3 teve tempo de olhar pela janela e mandar seus filhos correrem. Saiu da sua casa apenas com a roupa do corpo.<\/p>\n<p>Em um dos abrigos onde agora as fam\u00edlias est\u00e3o alojadas, de crian\u00e7as de colo, \u00e0 gr\u00e1vidas e senhores de idade, todas enfrentam muitas dificuldades, desde banho \u00e0 alimenta\u00e7\u00e3o. Muitos nos contaram que a comida enviada pelo governo j\u00e1 vem estragada, causando diarr\u00e9ia em adultos e crian\u00e7as. Ou se come e passa mal, ou n\u00e3o come e passa fome. Do lado de fora, agentes da prefeitura vigiam tudo. Nos abrigos do governo, cada pessoa \u00e9 marcada com uma pulseirinha, para serem melhor controlados, e reprimidos, pelo governo. <\/p>\n<p>Esse \u00e9 o tratamento que a prefeitura de S\u00e3o Jos\u00e9 dos Campos e o governo do Estado de S\u00e3o Paulo destina aos trabalhadores para poder entregar o terreno, pr\u00f3ximo a uma \u00e1rea nobre, \u00e0 especula\u00e7\u00e3o imobili\u00e1ria.<\/p>\n<p>No Rio de Janeiro, visitamos o jornalista Pedro Rios que faz uma greve de fome acorrentado em frente \u00e0 sede da Rede Globo contra o bloqueio da imprensa para tratar o caso.<\/p>\n<p>Sou Pinheirinho N\u00e3o abro m\u00e3o Imediata desapropria\u00e7\u00e3o!<\/p>\n<p>Desde 2004, quando se iniciou a ocupa\u00e7\u00e3o, o governo federal n\u00e3o se posicionou ao lados das fam\u00edlias de Pinheirinho para regularizar sua situa\u00e7\u00e3o. O terreno pertence \u00e0 empresa falida Selecta S\/A, do empres\u00e1rio liban\u00eas Naji Nahas, que tem d\u00edvidas em mais de 11 milh\u00f5es de reais com a Uni\u00e3o. Mesmo assim, tanto com Lula, quanto com Dilma, o governo federal escolheu o lado da corrup\u00e7\u00e3o e do empresariado contra a classe trabalhadora.<\/p>\n<p>Defendemos que a Secret\u00e1ria Nacional de Direitos Humanos, Maria do Ros\u00e1rio, visite Pinheirinho e os abrigos e veja o que foi feito da vida das pessoas e a realidade que essas fam\u00edlias est\u00e3o passando.<\/p>\n<p>Nos solizarizamos com as fam\u00edlias de Pinheirinho e vamos seguir apoiando e participando de sua luta. Por isso, exigimos que o governo Dilma desaproprie e devolva o terreno aos moradores e reconstrua suas casas e que se forme uma comiss\u00e3o de entidades e dirtigentes para irem \u00e0 Brasilia cobrar do governo essa proposta. Al\u00e9m de uma comiss\u00e3o de sindicalistas e parlamentres para entrar nos abrigos nos quais a entrada ainda \u00e9 proibida pela prefeitura.<\/p>\n<p>A mobiliza\u00e7\u00e3o n\u00e3o pode parar!<\/p>\n<p>Somos todos Pinheirinho!<\/p>\n","protected":false},"excerpt":{"rendered":"<p>| Priscila Guedes Cerca de 4 mil pessoas estiveram presentes ontem, dia 02\/02, em S\u00e3o Jos\u00e9 dos Campos\/SP, no Ato Nacional em solidariedade as fam\u00edlias do Pinheirinho que foram brutalmente reprimidas e retiradas de suas casas pelos governos do PSDB Cury e Alckmin. Entre os<\/p>\n","protected":false},"author":1,"featured_media":0,"comment_status":"closed","ping_status":"open","sticky":false,"template":"","format":"standard","meta":{"footnotes":""},"categories":[2],"tags":[],"class_list":["post-101","post","type-post","status-publish","format-standard","hentry","category-arquivo"],"_links":{"self":[{"href":"https:\/\/www.cstuit.com\/home\/wp-json\/wp\/v2\/posts\/101","targetHints":{"allow":["GET"]}}],"collection":[{"href":"https:\/\/www.cstuit.com\/home\/wp-json\/wp\/v2\/posts"}],"about":[{"href":"https:\/\/www.cstuit.com\/home\/wp-json\/wp\/v2\/types\/post"}],"author":[{"embeddable":true,"href":"https:\/\/www.cstuit.com\/home\/wp-json\/wp\/v2\/users\/1"}],"replies":[{"embeddable":true,"href":"https:\/\/www.cstuit.com\/home\/wp-json\/wp\/v2\/comments?post=101"}],"version-history":[{"count":0,"href":"https:\/\/www.cstuit.com\/home\/wp-json\/wp\/v2\/posts\/101\/revisions"}],"wp:attachment":[{"href":"https:\/\/www.cstuit.com\/home\/wp-json\/wp\/v2\/media?parent=101"}],"wp:term":[{"taxonomy":"category","embeddable":true,"href":"https:\/\/www.cstuit.com\/home\/wp-json\/wp\/v2\/categories?post=101"},{"taxonomy":"post_tag","embeddable":true,"href":"https:\/\/www.cstuit.com\/home\/wp-json\/wp\/v2\/tags?post=101"}],"curies":[{"name":"wp","href":"https:\/\/api.w.org\/{rel}","templated":true}]}}