

	{"id":1017,"date":"2016-03-08T00:33:29","date_gmt":"2016-03-08T00:33:29","guid":{"rendered":"https:\/\/www.cstuit.com\/home\/?p=1017"},"modified":"2016-03-08T00:49:30","modified_gmt":"2016-03-08T00:49:30","slug":"de-direita-e-o-governo-dilma-abaixo-as-calunias-e-os-ataques-dos-governistas-contra-o-psol","status":"publish","type":"post","link":"https:\/\/www.cstuit.com\/home\/2016\/03\/08\/de-direita-e-o-governo-dilma-abaixo-as-calunias-e-os-ataques-dos-governistas-contra-o-psol\/","title":{"rendered":"DE DIREITA \u00c9 O GOVERNO DILMA | Abaixo as cal\u00fanias e os ataques dos governistas contra o PSOL!"},"content":{"rendered":"<p>Fomos surpreendidos, na manh\u00e3 de segunda-feira (07 de mar\u00e7o), pela fachada da sede do Diret\u00f3rio Estadual do PSOL\/RS pichada. Como aponta a foto, estava escrito &#8220;Povo com Lula&#8221; e &#8220;CST \u00e9 de direita&#8221;. N\u00e3o \u00e9 a primeira vez que se desenvolve uma campanha de cal\u00fanias e ataques contra o PSOL, suas correntes pol\u00edticas e militantes por parte de setores governistas. Os agentes do governo Dilma n\u00e3o v\u00e3o calar e nem intimidar o PSOL!<\/p>\n<p><strong>Uma trajet\u00f3ria \u00e0 esquerda dos governos do PT<\/strong><\/p>\n<p>A Corrente Socialista dos Trabalhadores (CST) \u00e9 uma corrente fundadora do PSOL. Quando Lula ainda era &#8220;o cara&#8221; no in\u00edcio do seu governo, a milit\u00e2ncia da CST n\u00e3o se deslumbrou com os &#8220;encantos&#8221; dos pal\u00e1cios, e junto com Bab\u00e1, Luciana Genro e v\u00e1rias correntes internas e outras organiza\u00e7\u00f5es de fora do PT, mantivemos a coer\u00eancia e a independ\u00eancia de classe e nos recusamos a votar contra os trabalhadores na Reforma da Previd\u00eancia proposta por Lula em 2003. Tal fato levou \u00e0 nossa expuls\u00e3o do PT, expuls\u00e3o da qual nos orgulhamos. O PSOL \u00e9 um partido plural, com diversas correntes de diferentes tradi\u00e7\u00f5es, e vem se convertendo em uma pedra no sapato do governo do PT\/PMDB\/PCdoB. A CST tem uma trajet\u00f3ria pol\u00edtica irretoc\u00e1vel de oposi\u00e7\u00e3o de esquerda intransigente aos governos do PT e todos sabem disso.<\/p>\n<p><strong>O \u00f3dio dos burocratas n\u00e3o nos surpreende<\/strong><\/p>\n<p>O PT e o seu projeto de Frente Popular vivem uma crise hist\u00f3rica. A combina\u00e7\u00e3o de crise econ\u00f4mica com crise pol\u00edtica colocou Dilma e Lula no centro dos esc\u00e2ndalos de corrup\u00e7\u00e3o da Lava-Jato. O povo n\u00e3o est\u00e1 com Lula, derrete-se cada vez mais aquela velha autoridade pol\u00edtica petista, e n\u00e3o s\u00f3 entre as categorias organizadas de trabalhadores, mas no conjunto do povo do pa\u00eds. A a\u00e7\u00e3o desesperada de pichar a sede do PSOL, provavelmente por parte dos setores governistas, demonstra que a pol\u00edtica do nosso partido transformou-se em um obst\u00e1culo para o governismo em decomposi\u00e7\u00e3o. Chamamos ao conjunto da esquerda a combater esses m\u00e9todos estalinistas de cal\u00fania, amea\u00e7as e agress\u00f5es por parte do governismo.<\/p>\n<p><strong>Corrente Socialista dos Trabalhadores<\/strong> | tend\u00eancia interna do PSOL &#8211; 07 de mar\u00e7o de 2016<\/p>\n","protected":false},"excerpt":{"rendered":"<p>Fomos surpreendidos, na manh\u00e3 de segunda-feira (07 de mar\u00e7o), pela fachada da sede do Diret\u00f3rio Estadual do PSOL\/RS pichada. Como aponta a foto, estava escrito &#8220;Povo com Lula&#8221; e &#8220;CST \u00e9 de direita&#8221;. N\u00e3o \u00e9 a primeira vez que se desenvolve uma campanha de cal\u00fanias<\/p>\n","protected":false},"author":1,"featured_media":1018,"comment_status":"open","ping_status":"open","sticky":false,"template":"","format":"standard","meta":{"footnotes":""},"categories":[8],"tags":[146,147,37],"class_list":["post-1017","post","type-post","status-publish","format-standard","has-post-thumbnail","hentry","category-debates-socialistas","tag-calunias","tag-governistas","tag-psol"],"_links":{"self":[{"href":"https:\/\/www.cstuit.com\/home\/wp-json\/wp\/v2\/posts\/1017","targetHints":{"allow":["GET"]}}],"collection":[{"href":"https:\/\/www.cstuit.com\/home\/wp-json\/wp\/v2\/posts"}],"about":[{"href":"https:\/\/www.cstuit.com\/home\/wp-json\/wp\/v2\/types\/post"}],"author":[{"embeddable":true,"href":"https:\/\/www.cstuit.com\/home\/wp-json\/wp\/v2\/users\/1"}],"replies":[{"embeddable":true,"href":"https:\/\/www.cstuit.com\/home\/wp-json\/wp\/v2\/comments?post=1017"}],"version-history":[{"count":0,"href":"https:\/\/www.cstuit.com\/home\/wp-json\/wp\/v2\/posts\/1017\/revisions"}],"wp:featuredmedia":[{"embeddable":true,"href":"https:\/\/www.cstuit.com\/home\/wp-json\/wp\/v2\/media\/1018"}],"wp:attachment":[{"href":"https:\/\/www.cstuit.com\/home\/wp-json\/wp\/v2\/media?parent=1017"}],"wp:term":[{"taxonomy":"category","embeddable":true,"href":"https:\/\/www.cstuit.com\/home\/wp-json\/wp\/v2\/categories?post=1017"},{"taxonomy":"post_tag","embeddable":true,"href":"https:\/\/www.cstuit.com\/home\/wp-json\/wp\/v2\/tags?post=1017"}],"curies":[{"name":"wp","href":"https:\/\/api.w.org\/{rel}","templated":true}]}}