

	{"id":103,"date":"2012-02-06T19:59:00","date_gmt":"2012-02-06T19:59:00","guid":{"rendered":"https:\/\/www.cstuit.com\/home\/index.php\/2012\/02\/06\/arquivoid-9138\/"},"modified":"2012-02-06T19:59:00","modified_gmt":"2012-02-06T19:59:00","slug":"arquivoid-9138","status":"publish","type":"post","link":"https:\/\/www.cstuit.com\/home\/2012\/02\/06\/arquivoid-9138\/","title":{"rendered":"Na greve das pol\u00edcias da Bahia e no leil\u00e3o dos aeroportos, PT se iguala ao PSDB"},"content":{"rendered":"<p>| Coordena\u00e7\u00e3o Nacional da CST\/PSOL<\/p>\n<p>&#8206;&quot;Para n\u00f3s, este \u00e9 um governo Democr\u00e1tico e Popular. N\u00e3o da forma idealizada como querem alguns, mas com as concess\u00f5es necess\u00e1rias para uma ampla alian\u00e7a. O PDP deu nisto. Nesse sentido, nossas organiza\u00e7\u00f5es foram vitoriosas quanto ao que se propuseram. E n\u00f3s contribu\u00edmos com este processo, no entanto hoje percebemos que esta estrat\u00e9gia n\u00e3o leva ao Socialismo, ao contr\u00e1rio, transforma as organiza\u00e7\u00f5es da classe em colaboradoras da expans\u00e3o e acumula\u00e7\u00e3o do capital. O que se apresenta como uma vit\u00f3ria para nossas organiza\u00e7\u00f5es, na perspectiva da luta de classe, \u00e9 uma derrota.&quot;<br \/>\n    Fragmento da carta de ruptura de militantes do MST, MTD, Consulta Popular e Via Campesina (2011).<\/p>\n<p>Ap\u00f3s a Reforma da Previd\u00eancia em 2003 e o mensal\u00e3o em 2005 nos acostumamos a n\u00e3o nos assustar com as bizarrices e contradi\u00e7\u00f5es do modo petista de governar. A incorpora\u00e7\u00e3o da l\u00f3gica da governabilidade corrupta; o cumprimento exemplar dos planos de austeridade do FMI; a burocratiza\u00e7\u00e3o de antigos dirigentes da classe s\u00e3o algumas das marcas do governo federal desde a posse de Lula.<br \/>\nPor\u00e9m, cerca de nove anos depois, o PT ainda consegue causar frisson na arte de rasgar sua pr\u00f3pria hist\u00f3ria. Hoje, segunda-feira dia 06 de fevereiro, o PT apunhala com viol\u00eancia dois de seus princ\u00edpios fundacionais: o apoio \u00e0s greves de trabalhadores e o combate ao neoliberalismo &#8211; bandeiras que muitos ainda acham que o PT defende.<br \/>\nDesde as primeiras horas da manh\u00e3 o governador da Bahia, Jaques Wagner (PT), juntamente com o Ministro da Justi\u00e7a Jos\u00e9 Eduardo Cardoso (PT), a mando de Dilma, cercam com a For\u00e7a Nacional o pr\u00e9dio da Assembl\u00e9ia Legislativa da Bahia que est\u00e1 ocupado pelos policiais militares em greve. O governador, fundador da CUT, do PT e ex-dirigente sindical petroqu\u00edmico, foi enf\u00e1tico: \u201cn\u00e3o negocio com grevistas!\u201d. \u00c9 f\u00e1cil imaginar que Jaques Wagner deva ter ouvido essa frase muitas vezes do patronato petroqu\u00edmico nas her\u00f3icas greves do in\u00edcio da d\u00e9cada de 80. Vale a pena tamb\u00e9m conferirmos as palavras de um ex-dirigente oper\u00e1rio sobre a greve deste mesmo setor tamb\u00e9m na Bahia:<br \/>\n\u201cA Pol\u00edcia Militar pode fazer greve. Minha tese \u00e9 de que todas as categorias de trabalhadores que s\u00e3o consideradas atividades essenciais s\u00f3 podem ser proibidas de fazer greve se tiverem tamb\u00e9m sal\u00e1rio essencial. Se considero a atividade essencial, mas pago sal\u00e1rio micho, esse cidad\u00e3o tem direito a fazer greve. Na Su\u00e9cia, at\u00e9 o Ex\u00e9rcito pode fazer greve fora da \u00e9poca de guerra.\u201d (Folha-26\/07\/2001)<br \/>\nIncrivelmente as palavras s\u00e3o de Lula, que se empenhou para impedir a PEC-300. A diferen\u00e7a \u00e9 que o ano era 2001 e quem governava a Bahia era C\u00e9sar Borges do antigo PFL. Corretamente, Lula completou: \u201cAcho que, no caso da Bahia, o pr\u00f3prio governo articulou os chamados arrast\u00f5es para criar p\u00e2nico na sociedade. Veja, o que o governo tentou vender? A impress\u00e3o que passava era de que, se n\u00e3o houvesse policial na rua, todo o baiano era bandido\u201d. E hoje, qual a posi\u00e7\u00e3o de Lula, do PT e da CUT?<br \/>\nA tens\u00e3o neste momento rodeia todo o Estado da Bahia e a viol\u00eancia nas ruas infelizmente atinge os mais pobres. A responsabilidade \u00e9 do governo do Estado e do Governo Federal e n\u00e3o dos PM\u00b4s em greve como tentam passar a m\u00eddia e o governo.<br \/>\nSomente essa postura em rela\u00e7\u00e3o \u00e0 greve j\u00e1 seria suficiente para um ju\u00edzo correto sobre os interesses que o PT representa desde que chegou ao poder. Por\u00e9m, n\u00e3o para por a\u00ed.<\/p>\n<p>H\u00e1 outra grande incoer\u00eancia que observamos perplexos. Leiamos com aten\u00e7\u00e3o as palavras a seguir, devidamente entre aspas:<br \/>\n\u201cN\u00e3o permitirei, se tiver for\u00e7as para isto, que o patrim\u00f4nio nacional, representado por suas riquezas naturais e suas empresas p\u00fablicas, seja dilapidado e partido em peda\u00e7os. Tenham certeza de que nunca, jamais me ver\u00e3o tomando decis\u00f5es ou assumindo posi\u00e7\u00f5es que signifiquem a entrega das riquezas nacionais a quem quer que seja\u201d (Folha de S\u00e3o Paulo 10\/04\/2010 palavras da ent\u00e3o candidata Dilma). No entanto, o que vimos hoje foi o leil\u00e3o de tr\u00eas grandes aeroportos do pa\u00eds (Cumbica, Viracopos e Bras\u00edlia). Uma privatiza\u00e7\u00e3o cl\u00e1ssica, sem maquiagens e mais delongas.<\/p>\n<p>Estas s\u00e3o duas contradi\u00e7\u00f5es muito agudas e que hoje muitos militantes amortecidos, petistas e do campo \u201cdemocr\u00e1tico e popular\u201d n\u00e3o percebem mais. Alegam na defensiva que \u201cfaz parte do jogo\u201d, que \u201cna disputa de hegemonia avan\u00e7amos e retrocedemos posi\u00e7\u00f5es\u201d, e por a\u00ed vai. De nossa parte, louvamos a conclus\u00e3o sobre estrat\u00e9gia a que chegaram os militantes da ep\u00edgrafe deste texto, pois o debate de fundo \u00e9 sobre  <br \/>estrat\u00e9gia<\/br>. Em todos os lugares, sem exce\u00e7\u00e3o alguma, os partidos e movimentos que apostaram em governos \u201cdemocr\u00e1ticos e populares\u201d, que n\u00e3o rompem com a burguesia e com sua ordem (pois esta \u00e9 a sua l\u00f3gica), acabaram sendo os maiores algozes da popula\u00e7\u00e3o pobre. N\u00e3o existem \u201cgovernos para todos\u201d, ou se governa para os de cima, ou para os de baixo. Em n\u00edveis obviamente diferentes \u00e9 o que a experi\u00eancia da Venezuela tem demonstrado, com Ch\u00e1vez reprimindo e atacando cada vez mais e com menos choques pol\u00edticos contra o imperialismo. \u00c9 o que a experi\u00eancia da Bol\u00edvia tem demonstrado tamb\u00e9m, pois o ind\u00edgena Evo Morales preferiu ficar ao lado das transnacionais do que de seus irm\u00e3os trabalhadores dos povos origin\u00e1rios, ao tentar construir uma rodovia por dentro das reservas. Neste caso, o movimento de massas o derrotou.<\/p>\n<p>\u00c9 assim, dessa forma, que se torna mais n\u00edtido que o centro da disputa pol\u00edtica hoje para os socialistas \u00e9 contra o governo federal, pois \u00e9 quem ataca, \u00e9 quem reprime, \u00e9 quem privatiza e quem corta verbas das \u00e1reas sociais (em 2011, 51 bilh\u00f5es; em 2012, 60 bilh\u00f5es). Em s\u00edntese, \u00e9 quem aplica os planos e projetos do imperialismo e da burguesia com maestria de dar inveja aos tucanos.<\/p>\n<p>Para todas as tarefas burguesas, a de privatizar, a de reprimir, a de arrochar, PT e PSDB s\u00e3o parceiros org\u00e2nicos. H\u00e1 apenas revezamento: na barb\u00e1rie do Pinheirinho quem reprimiu foram Alckmin e Cury do PSDB, e ao governo federal, Dilma e Maria do Ros\u00e1rio (Direitos Humanos!), sobrou o papel de concordar com sil\u00eancio f\u00fanebre. Nada mais c\u00f4modo e perverso. Dilma poderia evitar o banho de sangue em S\u00e3o Jos\u00e9 dos Campos, mas nada fez. Est\u00e1 claro que o planalto deixou correr a repress\u00e3o para capitalizar o desgaste do PSDB nas elei\u00e7\u00f5es e, ao mesmo tempo, dar uma \u201cli\u00e7\u00e3o\u201d nos movimentos sociais que est\u00e3o crescendo e se radicalizando desde a rebeli\u00e3o em Jirau e a greve dos Bombeiros no Rio de Janeiro, ano passado. Por isso, a nossa tarefa central e imediata, de todos os psolistas, \u00e9 o total e irrestrito apoio \u00e0s greves dos militares da Bahia. A repress\u00e3o j\u00e1 come\u00e7ou efetivamente e h\u00e1 grevistas feridos. <\/p>\n<p>No Rio de Janeiro, dia 09\/02, ocorrer\u00e1 uma grande manifesta\u00e7\u00e3o com indicativo de greve que envolve a PM, o Corpo de Bombeiros e a Pol\u00edcia Civil. H\u00e1 not\u00edcias de mobiliza\u00e7\u00f5es em outros estados como Pernambuco e Rio Grande do Sul. As mobiliza\u00e7\u00f5es vitoriosas do Cear\u00e1 e do Maranh\u00e3o agitaram as tropas em todo o pa\u00eds, que seguem o exemplo de que lutando \u00e9 poss\u00edvel conseguir vit\u00f3rias. Os pra\u00e7as perderam o medo de se mobilizar e a tarefa do PSOL \u00e9 ser um ponto de apoio aos justos rebelados. Hoje no pa\u00eds este \u00e9 o setor que enfrenta de forma concreta e aguda o arrocho salarial e a pol\u00edtica econ\u00f4mica nefasta do governo federal e dos governos estaduais. \u00c9 neste embate que o PSOL tem que se localizar para ajudar as mobiliza\u00e7\u00f5es a avan\u00e7ar e ser uma resposta nacional, exigindo do governo federal a aprova\u00e7\u00e3o da PEC-300, dos governos estaduais reajustes dignos e exigir a desmilitariza\u00e7\u00e3o das pol\u00edcias e o seu direito \u00e0 sindicaliza\u00e7\u00e3o. Somente desta forma vamos combater a velha e a nova direita.<\/p>\n","protected":false},"excerpt":{"rendered":"<p>| Coordena\u00e7\u00e3o Nacional da CST\/PSOL &#8206;&quot;Para n\u00f3s, este \u00e9 um governo Democr\u00e1tico e Popular. N\u00e3o da forma idealizada como querem alguns, mas com as concess\u00f5es necess\u00e1rias para uma ampla alian\u00e7a. O PDP deu nisto. Nesse sentido, nossas organiza\u00e7\u00f5es foram vitoriosas quanto ao que se propuseram.<\/p>\n","protected":false},"author":1,"featured_media":0,"comment_status":"closed","ping_status":"open","sticky":false,"template":"","format":"standard","meta":{"footnotes":""},"categories":[2],"tags":[],"class_list":["post-103","post","type-post","status-publish","format-standard","hentry","category-arquivo"],"_links":{"self":[{"href":"https:\/\/www.cstuit.com\/home\/wp-json\/wp\/v2\/posts\/103","targetHints":{"allow":["GET"]}}],"collection":[{"href":"https:\/\/www.cstuit.com\/home\/wp-json\/wp\/v2\/posts"}],"about":[{"href":"https:\/\/www.cstuit.com\/home\/wp-json\/wp\/v2\/types\/post"}],"author":[{"embeddable":true,"href":"https:\/\/www.cstuit.com\/home\/wp-json\/wp\/v2\/users\/1"}],"replies":[{"embeddable":true,"href":"https:\/\/www.cstuit.com\/home\/wp-json\/wp\/v2\/comments?post=103"}],"version-history":[{"count":0,"href":"https:\/\/www.cstuit.com\/home\/wp-json\/wp\/v2\/posts\/103\/revisions"}],"wp:attachment":[{"href":"https:\/\/www.cstuit.com\/home\/wp-json\/wp\/v2\/media?parent=103"}],"wp:term":[{"taxonomy":"category","embeddable":true,"href":"https:\/\/www.cstuit.com\/home\/wp-json\/wp\/v2\/categories?post=103"},{"taxonomy":"post_tag","embeddable":true,"href":"https:\/\/www.cstuit.com\/home\/wp-json\/wp\/v2\/tags?post=103"}],"curies":[{"name":"wp","href":"https:\/\/api.w.org\/{rel}","templated":true}]}}