

	{"id":104,"date":"2012-02-07T10:18:00","date_gmt":"2012-02-07T10:18:00","guid":{"rendered":"https:\/\/www.cstuit.com\/home\/index.php\/2012\/02\/07\/arquivoid-9139\/"},"modified":"2012-02-07T10:18:00","modified_gmt":"2012-02-07T10:18:00","slug":"arquivoid-9139","status":"publish","type":"post","link":"https:\/\/www.cstuit.com\/home\/2012\/02\/07\/arquivoid-9139\/","title":{"rendered":"TODO APOIO \u00c0 GREVE DOS MILITARES DA BAHIA"},"content":{"rendered":"<p>| Nota do Comando de Mobiliza\u00e7\u00e3o dos Militares do PA e Unidos Pra Lutar<\/p>\n<p>O ano de 2012 iniciou com um processo importante de reivindica\u00e7\u00e3o de policiais militares e bombeiros em diversos estados como no Rio de Janeiro, Cear\u00e1, Maranh\u00e3o, Par\u00e1, Esp\u00edrito Santo e, nesse momento, em especial a Bahia.<br \/>\nAs reivindica\u00e7\u00f5es s\u00e3o as m\u00ednimas como maiores sal\u00e1rios e condi\u00e7\u00f5es de trabalho, seguindo o exemplo de todos os servidores p\u00fablicos que precisam fazer greve para serem atendidos. Os militares, em especial os pra\u00e7as, ou n\u00e3o oficiais, padecem dos mesmos problemas da maioria dos trabalhadores. A eles tamb\u00e9m lhes falta seguran\u00e7a, moram em locais com pouca estrutura, por vezes suas casas v\u00e3o para debaixo d \u00e1gua com as chuvas de in\u00edcio do ano e seus filhos estudam tamb\u00e9m nas escolas p\u00fablicas que vem sendo sucateadas pelos governos.<br \/>\nUma das principais medidas que ajudaria a resolu\u00e7\u00e3o dos trabalhadores da seguran\u00e7a p\u00fablica \u00e9 a aprova\u00e7\u00e3o da PEC 300, garantindo sal\u00e1rios dignos aos trabalhadores. No entanto, o Governo Federal e sua base aliada atuam para impedir a sua aprova\u00e7\u00e3o. Diante do achatamento salarial a \u00fanica alternativa \u00e9 a greve.<br \/>\nHoje o ponto mais alto das mobiliza\u00e7\u00f5es dos militares \u00e9 a Bahia. Neste estado, o governo de Jaques Wagner do PT nega entre outras reivindica\u00e7\u00f5es inclusive a anistia de todos os manifestantes e j\u00e1 prendeu uma das principais lideran\u00e7as, o soldado dirigente da Associa\u00e7\u00e3o dos policiais e bombeiros e de seus familiares \u2013 ASPRA, acusado de forma\u00e7\u00e3o de quadrilha e roubo de Patrim\u00f4nio P\u00fablico. H\u00e1 mais 12 ordens de pris\u00e3o.<br \/>\n Ap\u00f3s a assembl\u00e9ia realizada na sede do sindicato dos Banc\u00e1rios, os militares decidiram ocupar o pr\u00e9dio da Assembl\u00e9ia Legislativa da Bahia. Segundo a imprensa 600 homens do ex\u00e9rcito e 40 agentes do Comando de Opera\u00e7\u00f5es T\u00e1ticas (COT) cercam o pr\u00e9dio da AL. O Governo Dilma tamb\u00e9m j\u00e1 disponibilizou, a pedido do governador, cerca de 650 agentes da For\u00e7a Nacional para intimidar os grevistas e parte deles tamb\u00e9m j\u00e1 cercam a Assembl\u00e9ia Legislativa.<br \/>\nO di\u00e1logo que o governador da Bahia prop\u00f5e \u00e9 a base de bala de borracha e inclusive muni\u00e7\u00e3o comum foi encontrada ap\u00f3s os confrontos.<br \/>\n O impasse \u00e9 culpa da intransig\u00eancia do governo estadual e tamb\u00e9m responsabilidade da presidenta Dilma, que acaba de anunciar o corte de R$ 60 bilh\u00f5es no or\u00e7amento de 2012, estrangulando ainda mais os or\u00e7amentos dos Estados e Munic\u00edpios.<br \/>\n Os que decidem enfrentar o ass\u00e9dio dos altos comandos militares, j\u00e1 mereciam, por si s\u00f3 todo nosso apoio. No entanto, est\u00e1 em curso uma gigantesca opera\u00e7\u00e3o do governo federal e dos governos estaduais para isolar, criminalizar e impedir o triunfo das greves dos militares.<br \/>\n O an\u00fancio de que o ex\u00e9rcito ir\u00e1 desocupar o pr\u00e9dio da Assembl\u00e9ia Legislativa da Bahia, representar\u00e1 um banho de sangue, que ter\u00e1 dois respons\u00e1veis, Jaques Wagner e Dilma. Chamamos a todos os sindicatos, associa\u00e7\u00f5es e centrais sindicais a se solidarizar com essa justa luta.<br \/>\n Prestamos aqui nosso apoio incondicional com a greve dos militares da Bahia. Nesse momento enviaremos uma brigada de apoio \u00e0 Bahia com sindicalista da Unidos Pra Lutar dos sindicatos de Qu\u00edmicos de SJC\/SP, de servidores da Universidade Federal Fluminense SINTUFF-RJ e Rodovi\u00e1rios do Par\u00e1, para fortalecer o triunfo desta mobiliza\u00e7\u00e3o.<br \/>\nPela imediata abertura de negocia\u00e7\u00e3o, atendimento da pauta dos grevistas militares e pela anistia de todos os manifestantes.<br \/>\nBasta de Repress\u00e3o! Lutar por melhores sal\u00e1rios e condi\u00e7\u00f5es de trabalho n\u00e3o \u00e9 crime!<\/p>\n<p>ASSOCIA\u00c7\u00c3O NACIONAL DE SINDICATOS INDEPENDENTES UNIDOS PRA LUTAR<br \/>\nCOMANDO DE MOBILIZA\u00c7\u00c3O EM DEFESA DOS DIREITOS DOS MILITARES DO PAR\u00c1<\/p>\n","protected":false},"excerpt":{"rendered":"<p>| Nota do Comando de Mobiliza\u00e7\u00e3o dos Militares do PA e Unidos Pra Lutar O ano de 2012 iniciou com um processo importante de reivindica\u00e7\u00e3o de policiais militares e bombeiros em diversos estados como no Rio de Janeiro, Cear\u00e1, Maranh\u00e3o, Par\u00e1, Esp\u00edrito Santo e, nesse<\/p>\n","protected":false},"author":1,"featured_media":0,"comment_status":"closed","ping_status":"open","sticky":false,"template":"","format":"standard","meta":{"footnotes":""},"categories":[2],"tags":[],"class_list":["post-104","post","type-post","status-publish","format-standard","hentry","category-arquivo"],"_links":{"self":[{"href":"https:\/\/www.cstuit.com\/home\/wp-json\/wp\/v2\/posts\/104","targetHints":{"allow":["GET"]}}],"collection":[{"href":"https:\/\/www.cstuit.com\/home\/wp-json\/wp\/v2\/posts"}],"about":[{"href":"https:\/\/www.cstuit.com\/home\/wp-json\/wp\/v2\/types\/post"}],"author":[{"embeddable":true,"href":"https:\/\/www.cstuit.com\/home\/wp-json\/wp\/v2\/users\/1"}],"replies":[{"embeddable":true,"href":"https:\/\/www.cstuit.com\/home\/wp-json\/wp\/v2\/comments?post=104"}],"version-history":[{"count":0,"href":"https:\/\/www.cstuit.com\/home\/wp-json\/wp\/v2\/posts\/104\/revisions"}],"wp:attachment":[{"href":"https:\/\/www.cstuit.com\/home\/wp-json\/wp\/v2\/media?parent=104"}],"wp:term":[{"taxonomy":"category","embeddable":true,"href":"https:\/\/www.cstuit.com\/home\/wp-json\/wp\/v2\/categories?post=104"},{"taxonomy":"post_tag","embeddable":true,"href":"https:\/\/www.cstuit.com\/home\/wp-json\/wp\/v2\/tags?post=104"}],"curies":[{"name":"wp","href":"https:\/\/api.w.org\/{rel}","templated":true}]}}