

	{"id":105,"date":"2012-02-10T16:30:00","date_gmt":"2012-02-10T16:30:00","guid":{"rendered":"https:\/\/www.cstuit.com\/home\/index.php\/2012\/02\/10\/arquivoid-9140\/"},"modified":"2012-02-10T16:30:00","modified_gmt":"2012-02-10T16:30:00","slug":"arquivoid-9140","status":"publish","type":"post","link":"https:\/\/www.cstuit.com\/home\/2012\/02\/10\/arquivoid-9140\/","title":{"rendered":"Todo apoio \u00e0 greve dos policiais e bombeiros na BA e no RJ!"},"content":{"rendered":"<p>Liberdade para Daciolo, Prisco e todas as lideran\u00e7as presas! Pela aprova\u00e7\u00e3o da PEC-300! | Pedro Rosa &#8211; Coord. SINTUFFe Fasubra<\/p>\n<p>Estivemos durante dois dias sem Salvador-BA, levando nosso apoio aos valorosos Policiais Militares em greve. Uma delega\u00e7\u00e3o da Associa\u00e7\u00e3o Nacional de Sindicatos \u201cUnidos pra Lutar\u201d composta pelos dirigentes do Sindicato dos Qu\u00edmicos de S\u00e3o Jos\u00e9 e Vale do Para\u00edba (SP) Wellington Cabral; por Reginaldo Cordeiro, dirigente do Sindicato dos Rodovi\u00e1rios de Ananindeua e Marituba (PA) e por Pedro Rosa, Coordenador do Sindicato dos Trabalhadores da Universidade Federal Fluminense (RJ).<br \/>\nSua luta, assim como a das policias do Cear\u00e1 no come\u00e7o do ano, ou a dos bombeiros do Rio no ano passado \u00e9 mais do que justa: eles reivindicam um sal\u00e1rio digno e condi\u00e7\u00f5es de trabalho humanas. Logo eles, que arriscam sua vida como os bombeiros nas sucessivas enchentes, nos desabamentos de morros e pr\u00e9dios, nos inc\u00eandios que se repetem. Ou como os policiais que colocam em risco sua vida enfrentando todo tipo de bandidos.<br \/>\nNos emocionamos falando com grevistas, esposas e filhos que corajosamente acompanham seus familiares na luta. E nos indignamos com o discurso e a atitude terrorista do governador Jaques Wagner do PT e da presidente Dilma, que mandaram o ex\u00e9rcito, tanques e helic\u00f3pteros para fazer cerco e reprimir os grevistas, trabalhadores da seguran\u00e7a p\u00fablica, que ocupavam a Assembl\u00e9ia Legislativa.<br \/>\nLevamos nosso apoio e nossa solidariedade sindical, pol\u00edtica, material e moral. Ouvimos lideran\u00e7as de outros estados, tamb\u00e9m policiais, apoiando seus camaradas.  E sa\u00edmos de Salvador ap\u00f3s a assembl\u00e9ia, onde em que pese \u00e0 pris\u00e3o das lideran\u00e7as, os policiais ratificaram que a greve continua.<br \/>\nVoltei para o Rio a tempo de participar da Assembl\u00e9ia conjunta dos policiais civis, militares e bombeiros do Estado, que aguardaram at\u00e9 o ultimo momento antes de deflagrar a greve alguma sinaliza\u00e7\u00e3o de negocia\u00e7\u00e3o decente por parte do governo. A Cinel\u00e2ndia estava lotada, eram mais de sete mil vozes que cantavam: \u201cLibertem Daciolo e prendam o Cabral\u201d e \u201cGreve Geral, a culpa \u00e9 do Cabral! Quando a esposa do prisioneiro pol\u00edtico Daciolo falou, se fez um grande silencio e foi grande a emo\u00e7\u00e3o que comoveu todos na Cinel\u00e2ndia.<br \/>\nEram recebidas com aplausos as delega\u00e7\u00f5es das UPP\u2019s que se somaram \u00e0 greve, como a da Providencia, Cidade de Deus, Turano, entre outras. A Rede Globo foi duramente criticada e vaiada, pela sua desavergonhada cobertura manipulada dos fatos, apoiando descaradamente o governo, insistindo junto com a Justi\u00e7a na \u201cilegalidade da greve\u201d.<br \/>\nJusti\u00e7a? Enquanto policiais e bombeiros s\u00e3o presos por defender seu direito a um sal\u00e1rio digno, o mega especulador Naji Nahas festeja o despejo violento do Pinheirinho a mando do governo do PSDB.  O mais revoltante \u00e9 que nove dias ap\u00f3s o despejo a Prefeitura tucana reduziu o IPTU sobre o terreno e o que era uma d\u00edvida de R$ 2 milh\u00f5es foi gentilmente reduzida para R$ 400 mil!<br \/>\nJusti\u00e7a? Prendem o Daciolo no Rio e Marcos Prisco na Bahia, assim como outras lideran\u00e7as que foram presas ou est\u00e3o com mandado de pris\u00e3o, mas o banqueiro Daniel Dantas, acusado de lavagem de dinheiro e evas\u00e3o de divisas foi premiado: a Justi\u00e7a Federal suspendeu o sequestro de todo o complexo agropecu\u00e1rio \u2013 27 fazendas e 450 mil cabe\u00e7as de gado, patrim\u00f4nio que estava sob regime de arresto desde julho de 2009 quando ocorreu opera\u00e7\u00e3o da Policia Federal pelas acusa\u00e7\u00f5es de lavagem e evas\u00e3o de divisas.<br \/>\nO que est\u00e1 em jogo nesta greve \u00e9 a pol\u00edtica do governo federal e dos governos estaduais, sejam do PT, do PMDB, do PSB, ou dos tucanos de um ajuste que cai nas costas dos trabalhadores, e especialmente sobre os servidores p\u00fablicos dos tr\u00eas setores: federal, estadual e municipal.<br \/>\nAo dedicar 50% do or\u00e7amento para o pagamento dos juros e amortiza\u00e7\u00f5es da d\u00edvida p\u00fablica, o governo corta e corta despesas sociais. Por isso os professores, funcion\u00e1rios da sa\u00fade, da seguran\u00e7a p\u00fablica, servidores das universidades e de outros \u00f3rg\u00e3os e servi\u00e7os tem seus sal\u00e1rios congelados, seus servi\u00e7os sucateados e sua aposentadoria sob o iminente perigo de ser privatizada.<br \/>\nMas Dilma e o PT se elegeram entre outras coisas porque na \u00e9poca defenderam a PEC-300 que garante um piso nacional para policiais e bombeiros, que \u00e9 reivindica\u00e7\u00e3o da categoria. Compromisso que logo em seguida tra\u00edram, e agora, da mesma forma que os tucanos, criminalizam e perseguem os trabalhadores que lutam pelo sal\u00e1rio.<br \/>\nCabe a todos os lutadores honestos do pa\u00eds, aos partidos que se reivindicam de esquerda, \u00e0 juventude que luta pelos seus direitos, estarem lado a lado hoje com os policiais e bombeiros que na Bahia e no Rio lutam pela sua dignidade, pela liberdade de seus lideres presos, pelo sal\u00e1rio. Da mesma forma, cabe ajudar a articular os policiais, os trabalhadores da sa\u00fade e da educa\u00e7\u00e3o, para todos juntos unificar a luta dos servidores p\u00fablicos em prol do aumento salarial que com toda raz\u00e3o reivindicam. A vit\u00f3ria destas lutas ser\u00e1 o enfraquecimento do plano de ajuste destes governos e isso impulsionar\u00e1 novas categorias a lutarem.<br \/>\nMerece da nossa parte especial destaque o papel da dirigente do PSOL, dirigente sindical da sa\u00fade e hoje Deputada Estadual do PSOL do RJ, Janira Rocha. N\u00e3o aceitamos os ataques a que est\u00e1 sendo submetida pela imprensa e por parlamentares inescrupulosos, como Cidinha Campos do PDT, que a acusou de ter quebrado o \u201cdecoro parlamentar\u201d. Vergonha! Quando 99% dos parlamentares do pa\u00eds utilizam seu mandato para neg\u00f3cios particulares e os partidos viraram legendas para proteger e enriquecer pol\u00edticos servis ao capital, Janira teve um comportamento exemplar que nos orgulha. Por isso, tamb\u00e9m estamos na sua defesa para o que for necess\u00e1rio.<br \/>\nPedro Rosa Cabral \u2013 Coordenador Sintuff e da FASUBRA (Servidores da Universidade Federal Fluminense) e dirigente da Associa\u00e7\u00e3o de Sindicatos Independentes Unidos pra Lutar.<br \/>\n10 de Fevereiro de 2012<\/p>\n","protected":false},"excerpt":{"rendered":"<p>Liberdade para Daciolo, Prisco e todas as lideran\u00e7as presas! Pela aprova\u00e7\u00e3o da PEC-300! | Pedro Rosa &#8211; Coord. SINTUFFe Fasubra Estivemos durante dois dias sem Salvador-BA, levando nosso apoio aos valorosos Policiais Militares em greve. Uma delega\u00e7\u00e3o da Associa\u00e7\u00e3o Nacional de Sindicatos \u201cUnidos pra Lutar\u201d<\/p>\n","protected":false},"author":1,"featured_media":0,"comment_status":"closed","ping_status":"open","sticky":false,"template":"","format":"standard","meta":{"footnotes":""},"categories":[2],"tags":[],"class_list":["post-105","post","type-post","status-publish","format-standard","hentry","category-arquivo"],"_links":{"self":[{"href":"https:\/\/www.cstuit.com\/home\/wp-json\/wp\/v2\/posts\/105","targetHints":{"allow":["GET"]}}],"collection":[{"href":"https:\/\/www.cstuit.com\/home\/wp-json\/wp\/v2\/posts"}],"about":[{"href":"https:\/\/www.cstuit.com\/home\/wp-json\/wp\/v2\/types\/post"}],"author":[{"embeddable":true,"href":"https:\/\/www.cstuit.com\/home\/wp-json\/wp\/v2\/users\/1"}],"replies":[{"embeddable":true,"href":"https:\/\/www.cstuit.com\/home\/wp-json\/wp\/v2\/comments?post=105"}],"version-history":[{"count":0,"href":"https:\/\/www.cstuit.com\/home\/wp-json\/wp\/v2\/posts\/105\/revisions"}],"wp:attachment":[{"href":"https:\/\/www.cstuit.com\/home\/wp-json\/wp\/v2\/media?parent=105"}],"wp:term":[{"taxonomy":"category","embeddable":true,"href":"https:\/\/www.cstuit.com\/home\/wp-json\/wp\/v2\/categories?post=105"},{"taxonomy":"post_tag","embeddable":true,"href":"https:\/\/www.cstuit.com\/home\/wp-json\/wp\/v2\/tags?post=105"}],"curies":[{"name":"wp","href":"https:\/\/api.w.org\/{rel}","templated":true}]}}