

	{"id":106,"date":"2012-02-16T08:45:00","date_gmt":"2012-02-16T08:45:00","guid":{"rendered":"https:\/\/www.cstuit.com\/home\/index.php\/2012\/02\/16\/arquivoid-9141\/"},"modified":"2012-02-16T08:45:00","modified_gmt":"2012-02-16T08:45:00","slug":"arquivoid-9141","status":"publish","type":"post","link":"https:\/\/www.cstuit.com\/home\/2012\/02\/16\/arquivoid-9141\/","title":{"rendered":"SAUDA\u00c7\u00c3O AO ENCONTRO NACIONAL DE &quot;LA PROTESTA&quot;"},"content":{"rendered":"<p>BOLIVIA |<\/p>\n<p>Rio de Janeiro\/Brasil &#8211; 09 de fevereiro de 2012<\/p>\n<p>Ao Encontro Nacional de La Protesta<\/p>\n<p>Prezados Companheiros\/as<\/p>\n<p>Com grande entusiasmo queremos saudar esse importante acontecimento pol\u00edtico que significar\u00e1 o Primeiro Encontro Nacional de La Protesta. O mesmo estar\u00e1 se desenvolvendo no marco de uma importante crise econ\u00f4mica mundial que o imperialismo e seus governos nacionais capachos pretendem descarregar nas costas dos trabalhadores. Neste sentido, as resolu\u00e7\u00f5es deste Encontro ser\u00e3o de grande valia para os setores explorados.<\/p>\n<p>Desde Brasil, acompanhamos o processo pol\u00edtico que vive a Bol\u00edvia. Nesse sentido, na tentativa de aprofundar nosso entendimento e as nossas rela\u00e7\u00f5es com os trabalhadores\/as desse pa\u00eds, temos participamos de atividades conjuntas.  Na gloriosa luta pelo TIPNIS, destacamos os companheiros\/as  Neide Solim\u00f5es e Eduardo Magno, dois importantes dirigentes sindicais que se somaram aos momentos finais da Marcha. Por outra parte, recebemos a visita de dirigentes de La Protesta como foi o caso dos companheiros Carlos Rojas e Jaime Solares  no encontro \u201cOs desafios do sindicalismo na Am\u00e9rica Latina\u201d organizado pela corrente sindical Unidos pra Lutar e a CST, e mais recentemente de Adolfo Moye no Semin\u00e1rio Internacional do PSOL.<\/p>\n<p>Desse intercambio, do qual todos nos enriquecemos, constatamos que os trabalhadores e o povo pobre de nossos pa\u00edses t\u00eam objetivos de luta comuns e enfrentam inimigos muito parecidos. As her\u00f3icas \u201cguerra do g\u00e1s\u201d e \u201cda \u00e1gua\u201d para impedir a desnacionaliza\u00e7\u00e3o das riquezas naturais apontam ao mesmo objetivo de nossa luta contra as privatiza\u00e7\u00f5es, contra a constru\u00e7\u00e3o de hidroel\u00e9tricas como Belo Monte que afetar\u00e1 a vida de milhares de fam\u00edlias ribeirinhas e pela nacionaliza\u00e7\u00e3o 100% da Petrobr\u00e1s. A luta pela terra simbolizada na Marcha do TIPNIS se reproduz em nosso pa\u00eds pelos movimentos de trabalhadores sem terra. E as greves e mobiliza\u00e7\u00f5es dos educadores, dos trabalhadores da sa\u00fade e dos mineiros contra as demiss\u00f5es, por melhores sal\u00e1rios e condi\u00e7\u00f5es de trabalho dignas, s\u00e3o as mesmas que protagonizam os assalariados brasileiros e que nestes dias se manifesta nas greves das pol\u00edcias e dos bombeiros estaduais.<\/p>\n<p>Enquanto ao inimigo que enfrentamos, um deles, \u00e9 o mesmo de sempre: os patr\u00f5es nacionais e as multinacionais. Infelizmente, nos \u00faltimos anos, as velhas e hist\u00f3ricas dire\u00e7\u00f5es do movimento t\u00eam tra\u00eddo nossas bandeiras de luta e se voltado contra elas colocando-se ao servi\u00e7o dos banqueiros, dos latifundi\u00e1rios e das multinacionais. Com mais ou menos elementos, estes s\u00e3o os rasgos caracter\u00edsticos atuais do PT e dos governos de Lula e Dilma. O mesmo conclu\u00edmos em rela\u00e7\u00e3o ao governo Evo Morales e seu partido, o MAS, que privilegiaram as rela\u00e7\u00f5es com a velha oligarquia traindo bandeiras como a Agenda de Outubro e impedindo o avan\u00e7o da luta dos trabalhadores, dos ind\u00edgenas e dos camponeses por suas reivindica\u00e7\u00f5es hist\u00f3ricas.<\/p>\n<p>Nessas circunstancias, \u00e9 altamente positivo que La Protesta, coincidentemente com recentes resolu\u00e7\u00f5es da COB e declara\u00e7\u00f5es de lideran\u00e7as sociais,  tenham adotado a importante decis\u00e3o de construir um instrumento pol\u00edtico da classe. Esse projeto \u00e9 parte das mais urgentes tarefas frente \u00e0 trai\u00e7\u00e3o de Evo Morales e o MAS. Os fatos hist\u00f3ricos colocam a Bol\u00edvia como  o povo que mais mostras de a\u00e7\u00f5es her\u00f3icas e revolucionarias protagonizou em nosso continente.  As derrubadas de presidentes, a revolu\u00e7\u00e3o de 1952 derrotando at\u00e9 o ex\u00e9rcito burgu\u00eas e os acontecimentos dos \u00faltimos anos, demonstram que a pesar da her\u00f3ica disposi\u00e7\u00e3o de luta, os trabalhadores bolivianos n\u00e3o conseguem derrotar de vez \u00e0 burguesia e seus agentes pela falta de uma dire\u00e7\u00e3o revolucion\u00e1ria.  <\/p>\n<p>A luta pela libera\u00e7\u00e3o nacional e social na Bol\u00edvia exige a concretiza\u00e7\u00e3o da Agenda de Outubro e de outras Agendas populares, oper\u00e1rias, ind\u00edgenas e camponesas que La Protesta adota como parte de seu programa, \u00e9 a \u00fanica forma de avan\u00e7ar nas conquistas do povo pobre e trabalhador. Apoiamos este Encontro Nacional de La Protesta, porque ser\u00e1, junto com outras organiza\u00e7\u00f5es e lideran\u00e7as sociais, uma das partes que ajudar\u00e1 a desenvolver uma nova dire\u00e7\u00e3o revolucionaria. Fraternalmente, e com o mesmo esp\u00edrito internacionalista com que se est\u00e1 construindo La Protesta, nos colocamos \u00e0 disposi\u00e7\u00e3o da constru\u00e7\u00e3o deste importante projeto na convic\u00e7\u00e3o de que os avan\u00e7os dos trabalhadores bolivianos ser\u00e3o nossos pr\u00f3prios avan\u00e7os.  <\/p>\n<p>Viva a luta do povo trabalhador boliviano!<\/p>\n<p>Vivam as lutas da classe trabalhadora latino-americana e mundial!<\/p>\n<p>Viva La Protesta!<\/p>\n<p>Viva la UIT!<\/p>\n<p>Coordena\u00e7\u00e3o Nacional da CST \u2013 Corrente Socialista dos Trabalhadores<\/p>\n<p>Corrente Interna do PSOL &#8211; se\u00e7\u00e3o brasileira da UIT-CI<\/p>\n","protected":false},"excerpt":{"rendered":"<p>BOLIVIA | Rio de Janeiro\/Brasil &#8211; 09 de fevereiro de 2012 Ao Encontro Nacional de La Protesta Prezados Companheiros\/as Com grande entusiasmo queremos saudar esse importante acontecimento pol\u00edtico que significar\u00e1 o Primeiro Encontro Nacional de La Protesta. O mesmo estar\u00e1 se desenvolvendo no marco de<\/p>\n","protected":false},"author":1,"featured_media":0,"comment_status":"closed","ping_status":"open","sticky":false,"template":"","format":"standard","meta":{"footnotes":""},"categories":[2],"tags":[],"class_list":["post-106","post","type-post","status-publish","format-standard","hentry","category-arquivo"],"_links":{"self":[{"href":"https:\/\/www.cstuit.com\/home\/wp-json\/wp\/v2\/posts\/106","targetHints":{"allow":["GET"]}}],"collection":[{"href":"https:\/\/www.cstuit.com\/home\/wp-json\/wp\/v2\/posts"}],"about":[{"href":"https:\/\/www.cstuit.com\/home\/wp-json\/wp\/v2\/types\/post"}],"author":[{"embeddable":true,"href":"https:\/\/www.cstuit.com\/home\/wp-json\/wp\/v2\/users\/1"}],"replies":[{"embeddable":true,"href":"https:\/\/www.cstuit.com\/home\/wp-json\/wp\/v2\/comments?post=106"}],"version-history":[{"count":0,"href":"https:\/\/www.cstuit.com\/home\/wp-json\/wp\/v2\/posts\/106\/revisions"}],"wp:attachment":[{"href":"https:\/\/www.cstuit.com\/home\/wp-json\/wp\/v2\/media?parent=106"}],"wp:term":[{"taxonomy":"category","embeddable":true,"href":"https:\/\/www.cstuit.com\/home\/wp-json\/wp\/v2\/categories?post=106"},{"taxonomy":"post_tag","embeddable":true,"href":"https:\/\/www.cstuit.com\/home\/wp-json\/wp\/v2\/tags?post=106"}],"curies":[{"name":"wp","href":"https:\/\/api.w.org\/{rel}","templated":true}]}}