

	{"id":10621,"date":"2023-08-14T09:07:21","date_gmt":"2023-08-14T12:07:21","guid":{"rendered":"http:\/\/www.cstuit.com\/home\/?p=10621"},"modified":"2023-08-14T09:07:40","modified_gmt":"2023-08-14T12:07:40","slug":"unificar-as-lutas-parciais-num-unico-movimento-da-classe-trabalhadora-e-juventude","status":"publish","type":"post","link":"https:\/\/www.cstuit.com\/home\/2023\/08\/14\/unificar-as-lutas-parciais-num-unico-movimento-da-classe-trabalhadora-e-juventude\/","title":{"rendered":"Unificar as lutas parciais num \u00fanico movimento da classe trabalhadora e juventude"},"content":{"rendered":"\n<p>O m\u00eas de agosto come\u00e7ou com mobiliza\u00e7\u00f5es. Protestos ainda setoriais, mas que merecem aten\u00e7\u00e3o e apoio. Os servidores e servidoras federais, sobretudo das \u00e1reas da educa\u00e7\u00e3o, realizaram um dia de luta nacional com paralisa\u00e7\u00f5es de v\u00e1rios \u00f3rg\u00e3os no dia 10. Os estudantes comemoram nas ruas o Dia do Estudante no dia 11, muitos deles lembrando seus m\u00e1rtires assassinados na \u00faltima ditadura militar. Os protestos de servidores e jovens, ainda agrupando uma vanguarda mais ativa e politizada, cobravam a aus\u00eancia de respostas na campanha salarial do federais e criticavam o corte de verbas na educa\u00e7\u00e3o e sa\u00fade recentemente anunciado por Lula\/Alckmin. Outras pautas tamb\u00e9m apareceram nessas manifesta\u00e7\u00f5es: a revoga\u00e7\u00e3o do NEM, da reforma da previd\u00eancia e trabalhista, a&nbsp;pris\u00e3o e puni\u00e7\u00e3o de Bolsonaro (agora envolvido em mais um esc\u00e2ndalo no caso da venda das joias do acervo presidencial) e dos golpistas,&nbsp;bem como o combate \u00e0 pol\u00edtica econ\u00f4mica expressa no arcabou\u00e7o fiscal de Lula\/Alckmin. Esse movimento, ainda inicial, expressa um caminho correto para exigir e conquistar nossas pautas, sem nos perder ou render a pura e simplesmente blindar o governo.<\/p>\n\n\n\n<h2 class=\"wp-block-heading\"><strong>Exigir da CUT, MTST e UNE: unificar o movimento numa \u00fanica luta<\/strong><\/h2>\n\n\n\n<p>\u00c9 fundamental que esses movimentos localizados se unifiquem e se coordenem num movimento comum e \u00fanico agrupando o conjunto da classe trabalhadora, dos estudantes e setores populares. Devemos fazer essa batalha, pois as maiores lideran\u00e7as das centrais, federa\u00e7\u00f5es, entidades estudantis, ligadas \u00e0s dire\u00e7\u00f5es majorit\u00e1rias do PT, PCdoB e PSOL, desestimulam as lutas, boicotam paralisa\u00e7\u00f5es (caso da Articula\u00e7\u00e3o\/CNB-PT na FASUBRA e CONDSEF) ou passeatas (caso da UJS\/PCdoB na UNE) e protestos (como a dire\u00e7\u00e3o do PSOL no MTST).&nbsp; Estamos atuando nas bases para construir uma nova dire\u00e7\u00e3o democr\u00e1tica e de luta para nossas entidades e mobiliza\u00e7\u00f5es e nossa movimenta\u00e7\u00e3o \u00e9 para exigir da CUT, CTB, MTST, UNE, UBES e Coaliza\u00e7\u00e3o Negra uma jornada nacional. Defendemos uma plen\u00e1ria nacional das lutas populares, como as que realizamos em anos anteriores, para coordenar esses protestos, lutas e campanhas salariais que est\u00e3o ainda desconectados. E isso \u00e9 importante pois o governo Lula\/Alckmin tem outras prioridades e n\u00e3o s\u00e3o as nossas quest\u00f5es, nem nossos problemas. A CSP-CONLUTAS deve apostar na convocat\u00f3ria e organiza\u00e7\u00e3o de f\u00f3runs que unifiquem os setores dispostos a enfrentar as medidas contra a classe trabalhadora.<\/p>\n\n\n\n<h2 class=\"wp-block-heading\"><strong>O PAC n\u00e3o vai solucionar os problemas da classe trabalhadora e da juventude<\/strong><\/h2>\n\n\n\n<p>No fechamento dessa edi\u00e7\u00e3o, o governo Lula\/Alckmin anunciava o \u201cnovo PAC\u201d. Ao seu lado estavam governadores bolsonaristas, como Claudio Castro, e lideran\u00e7as da extrema direita, como o presidente da C\u00e2mara Arthur Lira, companhias que nada de bom apresentam para a classe trabalhadora. Havia ainda muitos empres\u00e1rios que ficaram felizes com a fala de Lula sobre \u201cEstado empresarial\u201d, bem ao estilo do que a direita sempre defendeu (a ladainha da Rede Globo em sua eterna campanha contra os servi\u00e7os p\u00fablicos estatais), com recursos p\u00fablicos sendo canalizados para a iniciativa privada. Al\u00e9m de Lula, o vice Alckmin e os ministros do PT deixaram expl\u00edcito que os projetos ser\u00e3o por meio de concess\u00f5es e parcerias p\u00fablico-privadas (PPPs). No discurso, o \u201cnovo PAC\u201d teria uma \u201cpreocupa\u00e7\u00e3o\u201d ambiental, mas o fato \u00e9 que o programa inclui um estudo de licenciamento ambiental para a constru\u00e7\u00e3o de uma ferrovia que liga o munic\u00edpio de Sinop (MT) ao de Miritituba (PA), o que pode impactar o Parque Nacional Jamanxim (PA), unidade de conserva\u00e7\u00e3o j\u00e1 muito atacada por fazendeiros e madeireiros. H\u00e1 ainda previstos recursos para equipar o Ex\u00e9rcito, Marinha e Aeron\u00e1utica, for\u00e7as que protagonizaram recentemente a intentona golpista do 8 de janeiro e que, al\u00e9m de n\u00e3o serem punidas, s\u00e3o premiadas.<\/p>\n\n\n\n<p>Numa pr\u00f3xima edi\u00e7\u00e3o vamos nos deter nos projetos, todos recentemente lan\u00e7ados, mas nunca \u00e9 demais lembrar que a primeira vers\u00e3o do PAC favoreceu empresas de constru\u00e7\u00e3o civil, como a Odebrecht, OAS, Camargo Correa e projetos como as hidrel\u00e9tricas de Jirau, com superexplora\u00e7\u00e3o dos oper\u00e1rios, Belo Monte contra os povos ind\u00edgenas, obras fara\u00f4nicas da Copa do Mundo da FIFA e as Olimp\u00edadas, cujo \u201clegado\u201d foram remo\u00e7\u00f5es e crise social. N\u00e3o podemos, portanto, nos iludir com os novos discursos lan\u00e7ados agora nesse \u201cnovo PAC\u201d.<\/p>\n\n\n\n<h2 class=\"wp-block-heading\"><strong>Exigir uma jornada nacional de lutas por sal\u00e1rios, mais verbas para sa\u00fade educa\u00e7\u00e3o e contra viol\u00eancia policial<\/strong><\/h2>\n\n\n\n<p>J\u00e1 vimos que h\u00e1 uma s\u00e9rie de pautas pelas quais v\u00e1rios setores est\u00e3o se mobilizando, mesmo que de forma ainda fragmentada. Por outro lado, no mesmo momento, o presidente Lula \u2013 ao lado de bolsonaristas, empres\u00e1rios que nos exploram e da velha direita \u2013 anuncia projetos que n\u00e3o respondem as nossas reivindica\u00e7\u00f5es. Nada falou sobre o sal\u00e1rio dos servidores ou de revogar o corte de verbas da educa\u00e7\u00e3o, por exemplo.&nbsp;N\u00f3s exigimos que as centrais sindicais, sindicatos, movimento estudantil, feminista e demais movimentos sociais convoquem uma jornada nacional de lutas contra o Arcabou\u00e7o Fiscal, pelo atendimento das pautas dos servidores, contra o corte de verbas da sa\u00fade e educa\u00e7\u00e3o e contra as chacinas policiais. Exigimos reposi\u00e7\u00e3o das perdas salariais, os pisos salariais da educa\u00e7\u00e3o e enfermagem, revoga\u00e7\u00e3o das medidas bolsonaristas, a revoga\u00e7\u00e3o do Novo Ensino M\u00e9dio. E para garantir recursos para as \u00e1reas sociais defendemos a taxa\u00e7\u00e3o dos bilion\u00e1rios e o n\u00e3o pagamento da d\u00edvida ao sistema financeiro.&nbsp;<\/p>\n\n\n\n<h2 class=\"wp-block-heading\"><strong>Seja militante! Participe das reuni\u00f5es da CST, ajude a divulgar e financiar nosso jornal!<\/strong><\/h2>\n\n\n\n<p>Ao mesmo tempo que batalhamos pela luta unificada nas ruas, defendemos a constru\u00e7\u00e3o de uma esquerda classista e combativa forte, que lute contra os ataques e n\u00e3o compactue com os patr\u00f5es. Somos combatentes que se esfor\u00e7am para construir um governo da classe trabalhadora, sem patr\u00f5es, que aplique um plano econ\u00f4mico alternativo, oper\u00e1rio e popular. Um governo dos de baixo, que rompa com o capitalismo e a explora\u00e7\u00e3o imperialista para satisfazer nossas necessidades. A CST (Corrente Socialista de Trabalhadores e Trabalhadoras) \u00e9 uma organiza\u00e7\u00e3o socialista e revolucion\u00e1ria independente a servi\u00e7o dessa tarefa. Venha debater essas propostas, participe de nossas reuni\u00f5es, ajude a divulgar nosso jornal e financiar nossa organiza\u00e7\u00e3o. Seja militante e fortale\u00e7a a unidade dos revolucion\u00e1rios na luta por um Brasil Socialista.<\/p>\n","protected":false},"excerpt":{"rendered":"<p>O m\u00eas de agosto come\u00e7ou com mobiliza\u00e7\u00f5es. Protestos ainda setoriais, mas que merecem aten\u00e7\u00e3o e apoio. Os servidores e servidoras federais, sobretudo das \u00e1reas da educa\u00e7\u00e3o, realizaram um dia de luta nacional com paralisa\u00e7\u00f5es de v\u00e1rios \u00f3rg\u00e3os no dia 10. Os estudantes comemoram nas ruas<\/p>\n","protected":false},"author":1,"featured_media":10622,"comment_status":"open","ping_status":"open","sticky":false,"template":"","format":"standard","meta":{"footnotes":""},"categories":[135],"tags":[],"class_list":["post-10621","post","type-post","status-publish","format-standard","has-post-thumbnail","hentry","category-editorial"],"_links":{"self":[{"href":"https:\/\/www.cstuit.com\/home\/wp-json\/wp\/v2\/posts\/10621","targetHints":{"allow":["GET"]}}],"collection":[{"href":"https:\/\/www.cstuit.com\/home\/wp-json\/wp\/v2\/posts"}],"about":[{"href":"https:\/\/www.cstuit.com\/home\/wp-json\/wp\/v2\/types\/post"}],"author":[{"embeddable":true,"href":"https:\/\/www.cstuit.com\/home\/wp-json\/wp\/v2\/users\/1"}],"replies":[{"embeddable":true,"href":"https:\/\/www.cstuit.com\/home\/wp-json\/wp\/v2\/comments?post=10621"}],"version-history":[{"count":0,"href":"https:\/\/www.cstuit.com\/home\/wp-json\/wp\/v2\/posts\/10621\/revisions"}],"wp:featuredmedia":[{"embeddable":true,"href":"https:\/\/www.cstuit.com\/home\/wp-json\/wp\/v2\/media\/10622"}],"wp:attachment":[{"href":"https:\/\/www.cstuit.com\/home\/wp-json\/wp\/v2\/media?parent=10621"}],"wp:term":[{"taxonomy":"category","embeddable":true,"href":"https:\/\/www.cstuit.com\/home\/wp-json\/wp\/v2\/categories?post=10621"},{"taxonomy":"post_tag","embeddable":true,"href":"https:\/\/www.cstuit.com\/home\/wp-json\/wp\/v2\/tags?post=10621"}],"curies":[{"name":"wp","href":"https:\/\/api.w.org\/{rel}","templated":true}]}}