

	{"id":10633,"date":"2023-08-15T20:57:43","date_gmt":"2023-08-15T23:57:43","guid":{"rendered":"http:\/\/www.cstuit.com\/home\/?p=10633"},"modified":"2023-08-15T20:57:51","modified_gmt":"2023-08-15T23:57:51","slug":"milei-venceu-o-peronismo-da-up-desmoronou-e-a-lista-encabecada-por-myriam-bregman-venceu-a-interna-da-fit-unidad","status":"publish","type":"post","link":"https:\/\/www.cstuit.com\/home\/2023\/08\/15\/milei-venceu-o-peronismo-da-up-desmoronou-e-a-lista-encabecada-por-myriam-bregman-venceu-a-interna-da-fit-unidad\/","title":{"rendered":"Milei venceu, o peronismo da UP desmoronou e a lista encabe\u00e7ada por Myriam Bregman venceu a interna da FIT Unidad"},"content":{"rendered":"\n<p>Javier Milei foi o mais votado nas PASO [Prim\u00e1rias, Abertas, Simult\u00e2neas e Obrigat\u00f3rias], canalizando boa parte da revolta popular. Massa-Grabois ficaram em terceiro lugar, atr\u00e1s de Patricia Bullrich, que tamb\u00e9m n\u00e3o correspondeu \u00e0s expectativas de Juntos por el Cambio [Juntos pela Mudan\u00e7a]. O voto em Milei \u00e9 um voto de protesto completamente errado, j\u00e1 que ele \u00e9 um pol\u00edtico de extrema direita e reacion\u00e1rio, que s\u00f3 pode oferecer menos direitos, mais fome e submiss\u00e3o com seu plano moto-serra contra a classe trabalhadora, as mulheres, as dissid\u00eancias e a juventude. Que Milei tenha obtido mais votos se explica pelo desastre a que nos conduziu o governo peronista nestes quatro anos. Tal governo pediu apoio \u201ccontra a direita\u201d para, em troca, pactar com o FMI, levando-nos a uma infla\u00e7\u00e3o galopante, mais pobreza, tarifas exorbitantes e uma enorme redu\u00e7\u00e3o de sal\u00e1rios e aposentadorias. Isso gerou uma grande decep\u00e7\u00e3o que, infelizmente, foi canalizada eleitoralmente para a oposi\u00e7\u00e3o patronal.<\/p>\n\n\n\n<p>Neste quadro \u2013 em que as tr\u00eas for\u00e7as patronais juntas alcan\u00e7aram 86% dos votos -, a Frente de Izquierda Unidad [Frente de Esquerda Unidade] obteve valiosos 630.000 votos para presidente. A lista encabe\u00e7ada por Myriam Bregman e Del Ca\u00f1o foi a grande vencedora da interna da FITU em todo o pa\u00eds. Na estrat\u00e9gica prov\u00edncia de Buenos Aires, a candidatura de \u201cPollo\u201d Sobrero para governador obteve uma grande vota\u00e7\u00e3o nos bairros populares e oper\u00e1rios, como em La Matanza e em outros distritos. A mesma coisa aconteceu nas demais prov\u00edncias, com destaque para as amplas vit\u00f3rias em C\u00f3rdoba, Jujuy e Neuqu\u00e9n, entre outras. A \u00fanica exce\u00e7\u00e3o foi na pol\u00eamica elei\u00e7\u00e3o para Chefe de Governo realizada em CABA, sem rela\u00e7\u00e3o com a elei\u00e7\u00e3o nacional.<\/p>\n\n\n\n<p>A lista PTS &#8211; IZQUIERDA SOCIALISTA venceu com 70% dos votos contra 30% da lista divisionista do PO-MST encabe\u00e7ada por Solano-Ripoll, que rompeu a unidade da FITU nas PASO numa luta descabida por cargos, dedicando-se a atacar nossa lista com acusa\u00e7\u00f5es infundadas em vez de enfrentar os candidatos do ajuste.<\/p>\n\n\n\n<p>Conclamamos agora os\/as lutadores\/as e o restante da esquerda a se juntarem a n\u00f3s no desafio que se abre de enfrentarmos todos os candidatos patronais nas elei\u00e7\u00f5es gerais de outubro, apoiando as candidaturas da Frente de Izquierda Unidad encabe\u00e7adas por Bregman. Continuaremos a levantar de maneira consequente um programa de fundo, como fizemos nas PASO, pela ruptura com o FMI; o n\u00e3o pagamento da d\u00edvida; em apoio \u00e0s lutas oper\u00e1rias e populares, como as de Jujuy e da educa\u00e7\u00e3o; em defesa dos direitos das mulheres, das dissid\u00eancias e da juventude; contra a destrui\u00e7\u00e3o ambiental; e em rep\u00fadio \u00e0 repress\u00e3o e \u00e0 viol\u00eancia policial.<\/p>\n\n\n\n<p>Saudamos toda a nossa abnegada milit\u00e2ncia, que tornou poss\u00edvel este grande passo. Redobraremos agora o enfrentamento a Milei, Bullrich e Massa, chamando a uni\u00e3o e o fortalecimento da FIT Unidad para enfrentar os candidatos do ajuste, da pilhagem e da submiss\u00e3o ao FMI. E fortalecendo uma alternativa oper\u00e1ria e socialista para lutar por um governo da esquerda e dos\/as trabalhadores\/as.<\/p>\n","protected":false},"excerpt":{"rendered":"<p>Javier Milei foi o mais votado nas PASO [Prim\u00e1rias, Abertas, Simult\u00e2neas e Obrigat\u00f3rias], canalizando boa parte da revolta popular. Massa-Grabois ficaram em terceiro lugar, atr\u00e1s de Patricia Bullrich, que tamb\u00e9m n\u00e3o correspondeu \u00e0s expectativas de Juntos por el Cambio [Juntos pela Mudan\u00e7a]. O voto em<\/p>\n","protected":false},"author":1,"featured_media":10635,"comment_status":"open","ping_status":"open","sticky":false,"template":"","format":"standard","meta":{"footnotes":""},"categories":[6],"tags":[40],"class_list":["post-10633","post","type-post","status-publish","format-standard","has-post-thumbnail","hentry","category-internacional","tag-argentina"],"_links":{"self":[{"href":"https:\/\/www.cstuit.com\/home\/wp-json\/wp\/v2\/posts\/10633","targetHints":{"allow":["GET"]}}],"collection":[{"href":"https:\/\/www.cstuit.com\/home\/wp-json\/wp\/v2\/posts"}],"about":[{"href":"https:\/\/www.cstuit.com\/home\/wp-json\/wp\/v2\/types\/post"}],"author":[{"embeddable":true,"href":"https:\/\/www.cstuit.com\/home\/wp-json\/wp\/v2\/users\/1"}],"replies":[{"embeddable":true,"href":"https:\/\/www.cstuit.com\/home\/wp-json\/wp\/v2\/comments?post=10633"}],"version-history":[{"count":0,"href":"https:\/\/www.cstuit.com\/home\/wp-json\/wp\/v2\/posts\/10633\/revisions"}],"wp:featuredmedia":[{"embeddable":true,"href":"https:\/\/www.cstuit.com\/home\/wp-json\/wp\/v2\/media\/10635"}],"wp:attachment":[{"href":"https:\/\/www.cstuit.com\/home\/wp-json\/wp\/v2\/media?parent=10633"}],"wp:term":[{"taxonomy":"category","embeddable":true,"href":"https:\/\/www.cstuit.com\/home\/wp-json\/wp\/v2\/categories?post=10633"},{"taxonomy":"post_tag","embeddable":true,"href":"https:\/\/www.cstuit.com\/home\/wp-json\/wp\/v2\/tags?post=10633"}],"curies":[{"name":"wp","href":"https:\/\/api.w.org\/{rel}","templated":true}]}}