

	{"id":10640,"date":"2023-08-15T21:20:14","date_gmt":"2023-08-16T00:20:14","guid":{"rendered":"http:\/\/www.cstuit.com\/home\/?p=10640"},"modified":"2023-08-15T21:20:29","modified_gmt":"2023-08-16T00:20:29","slug":"contribuicao-da-corrente-sindical-combate-ao-v-congresso-da-csp-conlutas","status":"publish","type":"post","link":"https:\/\/www.cstuit.com\/home\/2023\/08\/15\/contribuicao-da-corrente-sindical-combate-ao-v-congresso-da-csp-conlutas\/","title":{"rendered":"Contribui\u00e7\u00e3o da Corrente Sindical Combate ao V Congresso da CSP-Conlutas"},"content":{"rendered":"\n<p><strong>Introdu\u00e7\u00e3o<\/strong><\/p>\n\n\n\n<p>Chegamos ao V Congresso de nossa central. Manter uma central sindical e popular com independ\u00eancia de classe frente a governos e patr\u00f5es \u00e9 por si s\u00f3 de imensa import\u00e2ncia e positivo, mas vemos tamb\u00e9m debilidades e contradi\u00e7\u00f5es na central das quais falaremos mais adiante.<\/p>\n\n\n\n<p>Em um cen\u00e1rio onde todas as outras centrais sindicais apoiam o atual governo de concilia\u00e7\u00e3o de classes Lula-Alckmin, \u00e9 e ser\u00e1 um desafio resistir as enormes press\u00f5es que a burocracia sindical exerce no dia a dia sobre a CSP-Conlutas.<\/p>\n\n\n\n<p>Nossa classe passou nos \u00faltimos anos por duros ataques contra seus direitos. De fato, retrocessos enormes foram impostos pela burguesia contra os trabalhadores. Dois dos mais importantes foram a Reforma Trabalhista e da Previd\u00eancia. Passamos ainda por uma pandemia que matou sobretudo pessoas da classe trabalhadora e do povo pobre. Apesar disso, lutas seguiram, seja por emprego, direitos e sal\u00e1rio, seja contra o projeto nefasto da extrema-direita bolsonarista. Podemos dizer que em diversas dessas lutas as organiza\u00e7\u00f5es, sindicatos, minorias, oposi\u00e7\u00f5es e movimentos que fazem parte da nossa central cumpriram um papel importante e, \u00e0s vezes, dirigente.<\/p>\n\n\n\n<p>Pensar o futuro, em um pa\u00eds em crise e com medidas j\u00e1 sendo tomadas pelo governo federal contra a classe trabalhadora ser\u00e1 o principal desafio do nosso Congresso.<\/p>\n\n\n\n<p><strong>Governo Lula-Alckmin mant\u00e9m a pol\u00edtica econ\u00f4mica neoliberal<\/strong><\/p>\n\n\n\n<p>N\u00e3o demorou nem meio ano para o governo encabe\u00e7ado pelo PT come\u00e7ar sua pol\u00edtica de ataques contra nossa classe. O Arcabou\u00e7o Fiscal, apoiado pelos capitalistas, pelo governo e pela burocracia sindical, foi a sinaliza\u00e7\u00e3o de que Lula e Haddad querem seguir com o plano neoliberal na sua ess\u00eancia como o norte da pol\u00edtica econ\u00f4mica. Toda essa medida gira em torno do pagamento da d\u00edvida p\u00fablica, mecanismo que drena recursos p\u00fablicos para garantir rentabilidades absurdas pros banqueiros e o capital internacional. Al\u00e9m de assegurar que os investimentos p\u00fablicos em \u00e1reas como sa\u00fade, educa\u00e7\u00e3o, saneamento b\u00e1sico e moradia, n\u00e3o possam crescer quase nada (m\u00e1ximo de 2,5% ao ano), o governo ainda amea\u00e7a os servidores p\u00fablicos com congelamento de sal\u00e1rios e paralisia de concursos p\u00fablicos caso as metas fiscais para o pagamento da ileg\u00edtima d\u00edvida p\u00fablica n\u00e3o sejam atingidos.<\/p>\n\n\n\n<p>Ap\u00f3s o Arcabou\u00e7o, veio a proposta de Reforma Tribut\u00e1ria. Articulada centralmente por Haddad, Lira e o governador bolsonarista de S\u00e3o Paulo, Tarc\u00edsio, a medida mant\u00e9m toda a desigualdade tribut\u00e1ria brasileira, onde os pobres pagam muito mais impostos que os ricos. Para exemplificar, de acordo com dados do ILAESE, em 2021 a classe trabalhadora, somente atrav\u00e9s do imposto de renda, pagou R$583,5 bi de impostos. Enquanto isso as 72 maiores empresas que atuam no Brasil pagaram R$112 bi. Para piorar a situa\u00e7\u00e3o, os impostos indiretos pagos pelos trabalhadores e pela classe m\u00e9dia at\u00e9 para comer, somaram mais de R$1,2 tri. Al\u00e9m do apoio de uma parte expressiva do bolsonarismo, a Reforma conta com o aval do mercado financeiro e da grande m\u00eddia capitalista, que ficaram euf\u00f3ricos ap\u00f3s sua apresenta\u00e7\u00e3o.<\/p>\n\n\n\n<p><strong>Seguir a luta contra a extrema-direita bolsonarista<\/strong><\/p>\n\n\n\n<p>Ap\u00f3s a tentativa frustrada de golpe no dia 8 de janeiro, o bolsonarismo n\u00e3o conseguiu retomar a ofensiva pol\u00edtica. Isso n\u00e3o significa que esteja \u201cmorto\u201d ou tenha deixado de existir e ter for\u00e7a na realidade. At\u00e9 o momento, pouco mais de 200 pessoas seguem presas pela participa\u00e7\u00e3o na tentativa de golpe e Bolsonaro foi declarado ineleg\u00edvel por 8 anos. N\u00e3o temos d\u00favidas de que ainda \u00e9 muito pouco. Primeiramente \u00e9 preciso que se prendam os empres\u00e1rios que financiaram a intentona golpista. At\u00e9 o momento, nenhum deles est\u00e1 preso. Al\u00e9m disso, a pris\u00e3o de Bolsonaro segue sendo fundamental para que avancemos contra a extrema-direita.<\/p>\n\n\n\n<p>A pol\u00edtica do governo Lula-Alckmin tem sido mais de pactos com setores da extrema-direita, como no caso de Tarc\u00edsio na Reforma Tribut\u00e1ria, do que de enfrentamento. Tanto o governo federal quanto as dire\u00e7\u00f5es majorit\u00e1rias do movimento sindical e estudantil, d\u00e3o carta branca para o STF encabe\u00e7ar a \u201cluta\u201d contra a extrema-direita. A recente apari\u00e7\u00e3o do Ministro Barroso no Congresso da UNE, ou ent\u00e3o o apoio declarado de setores da esquerda institucional ao Ministro Alexandre de Moraes, mostram o caminho que est\u00e3o tomando.<\/p>\n\n\n\n<p>O fato \u00e9 que a puni\u00e7\u00e3o que a extrema-direita merece n\u00e3o vir\u00e1 do STF, nem de nenhuma das institui\u00e7\u00f5es do atual regime pol\u00edtico. \u00c9 fundamental que a nossa central siga levantando a necessidade de mobiliza\u00e7\u00e3o para derrotar nas ruas a extrema-direita, prender Bolsonaro e os golpistas do 8J.<\/p>\n\n\n\n<p><strong>O papel da burocracia sindical<\/strong><\/p>\n\n\n\n<p>Se formos fazer uma breve balan\u00e7o do papel das maiores centrais sindicais (CUT, For\u00e7a, CTB e UGT) nos \u00faltimos anos, veremos seu papel funcional para que os ataques da classe dominante e dos governos contra a classe trabalhadora e o povo pobre passassem. Lembramos que ap\u00f3s a poderosa greve geral de 28 de abril de 2017 (a maior j\u00e1 registrada na hist\u00f3ria do Brasil), as centrais majorit\u00e1rias se empenharam em desmontar todo o calend\u00e1rio de lutas que culminaria em uma nova greve em junho do mesmo ano. Temer tinha 3% de popularidade e estava na berlinda. S\u00f3 n\u00e3o caiu um ano e meio antes de completar seu mandato, pelo papel jogado pelas centrais majorit\u00e1rias. Jogaram toda a confian\u00e7a em que nas elei\u00e7\u00f5es de 2018 os problemas do Brasil se resolveriam com a volta do PT ao governo. Em outubro daquele ano, vimos no que deu. Durante o governo Bolsonaro cumpriram um papel determinante para que os atos pelo \u201cFora Bolsonaro\u201d parassem antes do final de 2021. No seu in\u00edcio, estiveram completamente ausentes. Ao ver que os atos, impulsionados inicialmente pela frente Povo na Rua, moveram centenas de milhares por todo o Brasil, a burocracia se relocalizou e desmontou os atos poucos meses depois. Afinal, o fim do bolsonarismo estava pr\u00f3ximo, em outubro de 2022. Como vemos na realidade atual, o bolsonarismo est\u00e1 longe de acabar e suas medidas nefastas seguem vigentes com Lula se negando a revogar qualquer medida econ\u00f4mica do governo de extrema-direita.<\/p>\n\n\n\n<p>Por\u00e9m, nos pr\u00f3ximos anos o papel da burocracia ser\u00e1 ainda pior. Diferentemente dos governos de Temer e Bolsonaro, agora os dirigentes das maiores centrais fazem parte do governo. O Minist\u00e9rio do Trabalho est\u00e1 nas m\u00e3os de um ex-presidente da CUT. O papel da burocracia nos pr\u00f3ximos anos ser\u00e1 de conter qualquer luta, seja contra o governo federal, mas tamb\u00e9m contra os governos estaduais, inclusive os comandados por bolsonaristas. Nas recentes greves da educa\u00e7\u00e3o no DF e RJ, que enfrentaram bravamente os governadores da extrema-direita Ibaneis e Cl\u00e1udio Castro, vimos esse papel. Deixaram as greves isoladas, sem apoio nem da CNTE e manobraram para termin\u00e1-las o quanto antes. Enquanto a CUT e a CTB desmontavam a greve da educa\u00e7\u00e3o do RJ, por exemplo, Haddad pousava ao lado do bolsonarista Tarc\u00edsio sorridente com a articula\u00e7\u00e3o feita por ambos em defesa da Reforma Tribut\u00e1ria. Al\u00e9m disso, apoiam e apoiar\u00e3o medidas diretamente medidas de ataque como o Arcabou\u00e7o Fiscal e a Reforma Tribut\u00e1ria.<\/p>\n\n\n\n<p><strong>Sobre as chapas sindicais com a burocracia e a atua\u00e7\u00e3o cotidiana da CSP-Conlutas<\/strong><\/p>\n\n\n\n<p>A necessidade de lutar por uma nova dire\u00e7\u00e3o para o movimento sindical no Brasil \u00e9 a principal raz\u00e3o de ser da nossa central. O papel nefasto da burocracia sindical na luta de classes seja frente a governos de extrema-direita ou de concilia\u00e7\u00e3o de classes est\u00e1 evidente. A batalha por uma nova dire\u00e7\u00e3o deve se dar na disputa pol\u00edtica geral do pa\u00eds, a partir de posi\u00e7\u00f5es que expressem as necessidades da classe trabalhadora e sua independ\u00eancia pol\u00edtica, mas tamb\u00e9m \u00e9 imprescind\u00edvel que se d\u00ea em cada categoria, em cada local de trabalho.<\/p>\n\n\n\n<p>Nesse sentido vemos alguns equ\u00edvocos pol\u00edticos da nossa central, ou de setores dela, nos \u00faltimos anos. A primeira \u00e9 que em muitos setores a central n\u00e3o atua de forma unit\u00e1ria. N\u00e3o h\u00e1 f\u00f3runs onde nas categorias a central possa discutir suas posi\u00e7\u00f5es. Al\u00e9m disso, em greves importantes, como a de metrovi\u00e1rios esse ano, a maioria da central equivocadamente defendeu a sa\u00edda da greve de forma antecipada. Para fortalecer nosso combate \u00e0 burocracia, acreditamos que \u00e9 preciso dar um passo \u00e0 frente nesse ponto, onde a central tenha, em cada setor de atua\u00e7\u00e3o, reuni\u00f5es para debater e buscar unificar posi\u00e7\u00f5es pol\u00edticas para apresentar na base.<\/p>\n\n\n\n<p>No que diz respeito \u00e0s chapas diretamente com a burocracia sindical, infelizmente, temos alguns exemplos. O chamado a votar na chapa da burocracia no SINDIUTE em MG. A composi\u00e7\u00e3o, ao lado da ArtSind (corrente que dirige h\u00e1 40 anos a CUT), de uma chapa em Banc\u00e1rios do RJ. A recente chapa com um setor da ArtSind na Federa\u00e7\u00e3o dos Correios. Todas essas pol\u00edticas foram levadas adiante pelo setor majorit\u00e1rio da nossa central, o PSTU. Recentemente tivemos tamb\u00e9m um setor de nossa central, Unidos pra Lutar, que no maior Sindicato do pa\u00eds (APEOESP) fechou chapa com a ArtSind em uma elei\u00e7\u00e3o marcada por fraudes brutais em centenas de urnas. Nesses casos acima estamos falando de setores da burocracia que est\u00e3o h\u00e1 d\u00e9cadas a frente de sindicatos e federa\u00e7\u00f5es traindo as lutas da classe trabalhadora. N\u00e3o existe nenhuma ruptura progressiva no seio da burocracia em nenhum desses setores, pelo contr\u00e1rio. O que existe \u00e9 uma pol\u00edtica consciente da burocracia para evitar que surjam setores combativos que se coloquem frontalmente contra sua pol\u00edtica e ganhem espa\u00e7o em cima do descontentamento da base com as dire\u00e7\u00f5es dos sindicatos. Para isso, a melhor forma para eles nesses casos, foi oferecer meia d\u00fazia de cargos nos aparatos sindicais para evitar que a oposi\u00e7\u00e3o ganhe peso. Ter consci\u00eancia da forma como atua a burocracia \u00e9 fundamental para postular em cada categoria a CSP-Conlutas como Alternativa.<\/p>\n\n\n\n<p>Felizmente temos diversos exemplos positivos tamb\u00e9m na central. Dentre eles, citaremos dois: a chapa que apoiamos oficialmente nas elei\u00e7\u00f5es da APEOESP (chapa 2) foi um exemplo categ\u00f3rico de batalha por uma nova dire\u00e7\u00e3o para as professoras e professores de S\u00e3o Paulo. Ou ent\u00e3o a recente vit\u00f3ria que tivemos no SINTUFF (principal sindicato dirigido pela central no RJ), derrotando de forma acachapante as chapas da CUT e da CTB, tamb\u00e9m \u00e9 um exemplo a ser seguido.<\/p>\n\n\n\n<p><strong>Lutar com independ\u00eancia por um Programa da Classe Trabalhadora<\/strong><\/p>\n\n\n\n<p>A independ\u00eancia pol\u00edtica da CSP-Conlutas frente ao novo governo de concilia\u00e7\u00e3o de classes \u00e9 com certeza o grande trunfo pol\u00edtico que temos. Resistir as enormes press\u00f5es em uma conjuntura onde todas as demais centrais e a ampla maioria das organiza\u00e7\u00f5es que se reivindicam de esquerda e at\u00e9 revolucion\u00e1rias apoiam e comp\u00f5e o governo, \u00e9 algo a ser muito valorizado.<\/p>\n\n\n\n<p>Mantendo nossa total independ\u00eancia de classe, devemos tamb\u00e9m levantar nesse congresso medidas emergenciais para tirar o pa\u00eds da crise:<\/p>\n\n\n\n<p>&#8211; Revoga\u00e7\u00e3o da Reforma Trabalhista, da Previd\u00eancia e do Novo Ensino M\u00e9dio!<\/p>\n\n\n\n<p>&#8211; Pela reestatiza\u00e7\u00e3o de todas as empresas que foram privatizadas!<\/p>\n\n\n\n<p>&#8211; Pelo fim das terceiriza\u00e7\u00f5es!<\/p>\n\n\n\n<p>&#8211; Direitos trabalhistas para os trabalhadores e trabalhadoras de aplicativo!<\/p>\n\n\n\n<p>&#8211; N\u00e3o ao pagamento da d\u00edvida p\u00fablica aos banqueiros! Reforma tribut\u00e1ria para taxar os super ricos e as multinacionais!<\/p>\n\n\n\n<p>&#8211; Dinheiro para sa\u00fade, educa\u00e7\u00e3o e sal\u00e1rio! Dobrar imediatamente o sal\u00e1rio m\u00ednimo (R$2.640,00), rumo ao sal\u00e1rio m\u00ednimo do DIEESE (R$6.676,11)!<\/p>\n\n\n\n<p>&#8211; Por um Governo da classe trabalhadora e do povo pobre! Por um Brasil Socialista!<\/p>\n","protected":false},"excerpt":{"rendered":"<p>Introdu\u00e7\u00e3o Chegamos ao V Congresso de nossa central. Manter uma central sindical e popular com independ\u00eancia de classe frente a governos e patr\u00f5es \u00e9 por si s\u00f3 de imensa import\u00e2ncia e positivo, mas vemos tamb\u00e9m debilidades e contradi\u00e7\u00f5es na central das quais falaremos mais adiante.<\/p>\n","protected":false},"author":1,"featured_media":10641,"comment_status":"open","ping_status":"open","sticky":false,"template":"","format":"standard","meta":{"footnotes":""},"categories":[17],"tags":[1851],"class_list":["post-10640","post","type-post","status-publish","format-standard","has-post-thumbnail","hentry","category-sindical","tag-csp-conlutas-2"],"_links":{"self":[{"href":"https:\/\/www.cstuit.com\/home\/wp-json\/wp\/v2\/posts\/10640","targetHints":{"allow":["GET"]}}],"collection":[{"href":"https:\/\/www.cstuit.com\/home\/wp-json\/wp\/v2\/posts"}],"about":[{"href":"https:\/\/www.cstuit.com\/home\/wp-json\/wp\/v2\/types\/post"}],"author":[{"embeddable":true,"href":"https:\/\/www.cstuit.com\/home\/wp-json\/wp\/v2\/users\/1"}],"replies":[{"embeddable":true,"href":"https:\/\/www.cstuit.com\/home\/wp-json\/wp\/v2\/comments?post=10640"}],"version-history":[{"count":0,"href":"https:\/\/www.cstuit.com\/home\/wp-json\/wp\/v2\/posts\/10640\/revisions"}],"wp:featuredmedia":[{"embeddable":true,"href":"https:\/\/www.cstuit.com\/home\/wp-json\/wp\/v2\/media\/10641"}],"wp:attachment":[{"href":"https:\/\/www.cstuit.com\/home\/wp-json\/wp\/v2\/media?parent=10640"}],"wp:term":[{"taxonomy":"category","embeddable":true,"href":"https:\/\/www.cstuit.com\/home\/wp-json\/wp\/v2\/categories?post=10640"},{"taxonomy":"post_tag","embeddable":true,"href":"https:\/\/www.cstuit.com\/home\/wp-json\/wp\/v2\/tags?post=10640"}],"curies":[{"name":"wp","href":"https:\/\/api.w.org\/{rel}","templated":true}]}}