

	{"id":107,"date":"2012-02-17T16:41:00","date_gmt":"2012-02-17T16:41:00","guid":{"rendered":"https:\/\/www.cstuit.com\/home\/index.php\/2012\/02\/17\/arquivoid-9142\/"},"modified":"2012-02-17T16:41:00","modified_gmt":"2012-02-17T16:41:00","slug":"arquivoid-9142","status":"publish","type":"post","link":"https:\/\/www.cstuit.com\/home\/2012\/02\/17\/arquivoid-9142\/","title":{"rendered":"A verdade sobre os \u201cdist\u00farbios\u201d em Atenas:"},"content":{"rendered":"<p>| laclase.info<\/p>\n<p>A verdade sobre os \u201cdist\u00farbios\u201d em Atenas: o povo somente se defende da viol\u00eancia policial e institucional<br \/>\n13\/02\/2012<br \/>\nPor: Integrantes &quot;Marcha a Atenas&quot;<br \/>\nCOMUNICADO DE INTEGRANTES DA MARCHA A ATENAS QUE EST\u00c3O ATUALMENTE NA  GRECIA:<\/p>\n<p>Os meios de comunica\u00e7\u00e3o internacionais noticiaram sobre a noite passada na Gr\u00e9cia. Falaram sobre o fogo, o caos e a viol\u00eancia. Falam das 100.000 pessoas reunidas na Pra\u00e7a Sintagma, mas n\u00e3o das 200.000 que realmente estavam no local, nem das 300.000 que n\u00e3o puderam chegar \u00e0 pra\u00e7a, porque as ruas e o metr\u00f4 foram bloqueados pela pol\u00edcia.<br \/>\nN\u00e3o falaram de como a pol\u00edcia provocou o inicio dos tumultos que come\u00e7ou \u00e0s 17h00min atirando g\u00e1s lacrimog\u00eaneo, indiscriminadamente, por toda a Pra\u00e7a Sintagma, dispersando os manifestantes por todo o centro de Atenas, para que n\u00e3o perturbassem em frente ao parlamento.<br \/>\nA m\u00eddia falou de destrui\u00e7\u00e3o indiscriminada, espalharam o boato de que a Biblioteca Nacional de Atenas estava em chamas. Falso. Queimaram bancos, cafeterias  e lojas, franquias de ind\u00fastrias multimilion\u00e1rias que levaram a Gr\u00e9cia a esta situa\u00e7\u00e3o.<br \/>\nOs meios de comunica\u00e7\u00e3o falam de jovens antissistema, mas n\u00e3o falam que tamb\u00e9m havia mulheres e idosos com suas m\u00e1scaras anti- g\u00e1s mostrando seu apoio durante horas, batendo ritmicamente nas fachadas dos bancos e multinacionais com  m\u00e3os e p\u00e9s, assobiando e gritando em apoio \u00e0s primeiras linhas que resistiam aos obst\u00e1culos colocados pela policia, em ruas cheias de g\u00e1s lacrimog\u00eaneo e fogos, aplaudindo quando viram as chamas no Alphabank e Eurobank.<br \/>\nFalam que a viol\u00eancia n\u00e3o vai resolver a situa\u00e7\u00e3o da Gr\u00e9cia, mas n\u00e3o falam da Assembl\u00e9ia interbairros realizada na semana passada na Universidade de Pantios, n\u00e3o disseram que a ocupa\u00e7\u00e3o da Universidade de Nomiki tinha como objetivo ser um lugar de troca e debate entre os diferentes movimentos gregos,  n\u00e3o falam sobre os restaurantes livres e mercados de escambo que ocorrem semanalmente nos bairros.<br \/>\nO que a m\u00eddia n\u00e3o dir\u00e1, \u00e9 que ap\u00f3s a \u00faltima expropria\u00e7\u00e3o massiva num supermercado, e a distribui\u00e7\u00e3o de alimentos em um bairro de trabalhadores em Sal\u00f3nica, os velhas diziam que n\u00e3o tinha chegado a tempo, que volt\u00e1ssemos a entrar, e ainda que pelo momento elas n\u00e3o entrem, sabem onde est\u00e1 seu povo.<br \/>\nO que n\u00e3o dir\u00e3o \u00e9 que enquanto caminh\u00e1vamos por um bairro de trabalhadores, em uma pequena manifesta\u00e7\u00e3o longe do centro, as pessoas olhavam para fora da sacada erguendo o punho, e a manifesta\u00e7\u00e3o multiplicou sua aflu\u00eancia, as pessoas saiam de suas casas, se somavam, as anci\u00e3s apareciam nas sacadas aplaudindo, os idosos&#8230; Os idosos cantavam hinos antigos, eu n\u00e3o entendia nada, mas voc\u00eas n\u00e3o imaginam, n\u00e3o fazem ideia o que isso significava, e isso os meios de comunica\u00e7\u00e3o n\u00e3o dir\u00e3o, mas nos dizemos.<br \/>\nAqui, em Atenas, sabem que n\u00e3o est\u00e3o sozinhos, que toda Europa continua no mesmo caminho, o que n\u00e3o sabem \u00e9 que estamos fazendo algo para todos&#8230; Sim estamos fazendo algo para toda Europa. N\u00e3o estamos vendo somente o presente da Gr\u00e9cia, estamos vendo nosso futuro, o futuro da Europa.<\/p>\n","protected":false},"excerpt":{"rendered":"<p>| laclase.info A verdade sobre os \u201cdist\u00farbios\u201d em Atenas: o povo somente se defende da viol\u00eancia policial e institucional 13\/02\/2012 Por: Integrantes &quot;Marcha a Atenas&quot; COMUNICADO DE INTEGRANTES DA MARCHA A ATENAS QUE EST\u00c3O ATUALMENTE NA GRECIA: Os meios de comunica\u00e7\u00e3o internacionais noticiaram sobre a<\/p>\n","protected":false},"author":1,"featured_media":0,"comment_status":"closed","ping_status":"open","sticky":false,"template":"","format":"standard","meta":{"footnotes":""},"categories":[2],"tags":[],"class_list":["post-107","post","type-post","status-publish","format-standard","hentry","category-arquivo"],"_links":{"self":[{"href":"https:\/\/www.cstuit.com\/home\/wp-json\/wp\/v2\/posts\/107","targetHints":{"allow":["GET"]}}],"collection":[{"href":"https:\/\/www.cstuit.com\/home\/wp-json\/wp\/v2\/posts"}],"about":[{"href":"https:\/\/www.cstuit.com\/home\/wp-json\/wp\/v2\/types\/post"}],"author":[{"embeddable":true,"href":"https:\/\/www.cstuit.com\/home\/wp-json\/wp\/v2\/users\/1"}],"replies":[{"embeddable":true,"href":"https:\/\/www.cstuit.com\/home\/wp-json\/wp\/v2\/comments?post=107"}],"version-history":[{"count":0,"href":"https:\/\/www.cstuit.com\/home\/wp-json\/wp\/v2\/posts\/107\/revisions"}],"wp:attachment":[{"href":"https:\/\/www.cstuit.com\/home\/wp-json\/wp\/v2\/media?parent=107"}],"wp:term":[{"taxonomy":"category","embeddable":true,"href":"https:\/\/www.cstuit.com\/home\/wp-json\/wp\/v2\/categories?post=107"},{"taxonomy":"post_tag","embeddable":true,"href":"https:\/\/www.cstuit.com\/home\/wp-json\/wp\/v2\/tags?post=107"}],"curies":[{"name":"wp","href":"https:\/\/api.w.org\/{rel}","templated":true}]}}