

	{"id":108,"date":"2012-03-05T10:55:00","date_gmt":"2012-03-05T10:55:00","guid":{"rendered":"https:\/\/www.cstuit.com\/home\/index.php\/2012\/03\/05\/arquivoid-9143\/"},"modified":"2012-03-05T10:55:00","modified_gmt":"2012-03-05T10:55:00","slug":"arquivoid-9143","status":"publish","type":"post","link":"https:\/\/www.cstuit.com\/home\/2012\/03\/05\/arquivoid-9143\/","title":{"rendered":"Johnson ataca livre-organiza\u00e7\u00e3o dos trabalhadores"},"content":{"rendered":"<p>Campanha em solidariede aos Quimicos de S. Jos\u00e9 dos Campos | www.unidospralutar.blogspot.com<\/p>\n<p>Tr\u00eas dirigentes do Sindicato dos Qu\u00edmicos e Farmac\u00eauticos de S\u00e3o Jos\u00e9 dos Campos e regi\u00e3o foram demitidos sem motivo. Ainda permanecem outros dois dirigentes sindicais demitidos por justa causa na greve de 2008. A Johnson &#038; Johnson est\u00e1 com uma pol\u00edtica absurda de ataque e persegui\u00e7\u00e3o \u00e0 livre-organiza\u00e7\u00e3o dos trabalhadores, ao direito de greve, \u00e0 representa\u00e7\u00e3o sindical. A linha adotada pela empresa nos \u00faltimos cinco anos, \u00e9 colocar a tropa de choque do estado na porta da empresa para impedir greve, ao mesmo tempo em que ataca a estabilidade trabalhista dos dirigentes sindicais, prevista na Constitui\u00e7\u00e3o. A multinacional americana, uma das 10 maiores empresas do mundo emprega 118 mil trabalhadores em 250 companhias em 57 pa\u00edses. Em S\u00e3o Jos\u00e9 dos Campos\/SP trabalham 4 mil funcion\u00e1rios.<\/p>\n<p>Em 2008 e em 2011, a multinacional disp\u00f4s como quis de todo o aparato de repress\u00e3o da PM para agredir trabalhadores, desmontar assembleias e atropelar o piquete de greve, direito tamb\u00e9m garantido na Constitui\u00e7\u00e3o. Nesse conluio entre empresa e tropa de choque, os trabalhadores foram agredidos com g\u00e1s de efeito moral e balas de borracha. Em 2008 Wellington Cabral foi demitido e meses depois reintegrado pela justi\u00e7a. Hoje o RH comunicou verbalmente que sua carta de demiss\u00e3o est\u00e1 pronta e amea\u00e7ou com uma nova lista de demitidos.<\/p>\n<p>Depois de anos de tentativas jur\u00eddicas, os empres\u00e1rios conseguiram uma ju\u00edza que deu ganho de causa \u00e0 patronal se aproveitou de uma cl\u00e1usula retr\u00f3grada da CLT (Consolida\u00e7\u00e3o das Leis do Trabalho) que prev\u00ea estabilidade apenas para 14 dirigentes sindicais. A base qu\u00edmica conta com 150 empresas e 10 mil trabalhadores disseminados em mais de 8 cidades. A grande maioria dos mais de 7 mil sindicatos em todo o pa\u00eds t\u00eam mais de 14 dirigentes. Sindicatos de base estadual, por exemplo, elegem 130 sindicalistas al\u00e9m dos que comp\u00f5em as regionais ou subsedes. Esse artigo da CLT contraria a Constitui\u00e7\u00e3o Federal, que garante o direito \u00e0 livre organiza\u00e7\u00e3o sindical, assim como os estatutos sindicais, que devidamente legalizados determinam o n\u00famero de diretores de cada Sindicato.<\/p>\n<p>O momento em que a multinacional lan\u00e7a m\u00e3o dessa persegui\u00e7\u00e3o \u00e9 justamente o in\u00edcio da Campanha Salarial do setor farmac\u00eautico da categoria, em n\u00edvel estadual. Tamb\u00e9m come\u00e7am as negocia\u00e7\u00f5es de PLR nas multinacionais do setor. Na hora em que os trabalhadores reclamam direitos, os patr\u00f5es partem para demiss\u00f5es. Este \u00e9 um movimento articulado da Johnson e v\u00e1rios sindicatos patronais do setor qu\u00edmico da FIESP. Eles est\u00e3o pressionando as empresas da regi\u00e3o a tomar atitude similar.<\/p>\n<p>A a\u00e7\u00e3o da patronal \u00e9 uma barbaridade contra a democracia, contra os direitos trabalhistas conquistados com muito suor e sangue pela classe trabalhadora ao longo dos anos. N\u00e3o \u00e9 aceit\u00e1vel que a patronal queira impor o modelo chin\u00eas de explora\u00e7\u00e3o, em que a legisla\u00e7\u00e3o trabalhista n\u00e3o protege ningu\u00e9m e a explora\u00e7\u00e3o rola solta. Basta de persegui\u00e7\u00e3o aos que lutam! Trata-se de mais um cap\u00edtulo da criminaliza\u00e7\u00e3o da protesta, por parte da patronal e dos governos como vimos no caso do Pinheirinho, da USP e das greves dos policiais militares.<\/p>\n<p>Os trabalhadores da Johnson pararam por duas horas e disseram claramente: Johnson, a China n\u00e3o \u00e9 aqui! N\u00e3o vamos aceitar que a patronal e a falsa justi\u00e7a atropelem os direitos dos trabalhadores e as garantias constitucionais para impor a explora\u00e7\u00e3o desenfreada. Atacam o Sindicato para poder atacar as conquistas. Em direitos do trabalhador n\u00e3o se mexe!<\/p>\n<p>Esta sendo preparado um ato nacional e novas paralisa\u00e7\u00f5es. Como parte desta luta, solicitamos a todas os movimentos sociais e democr\u00e1ticas se pronunciar enviando uma nota de exig\u00eancia \u00e0 empresa e as autoridades p\u00fablicas.<\/p>\n<p>\u00c0 Johnson &#038; Johnson<br \/>\nAo Minist\u00e9rio P\u00fablico do Trabalho<br \/>\nPor meio desta, exigimos a imediata reintegra\u00e7\u00e3o dos dirigentes sindicais demitidos por essa empresa, assim como condenamos o ataque aos direitos dos trabalhadores e o uso da viol\u00eancia de policiais e seguran\u00e7as armados nas assembleias democr\u00e1ticas de trabalhadores.<br \/>\nExigimos tamb\u00e9m que cessem os ataques judiciais por parte desta e outras empresas do ramo contra o livre-direito de organiza\u00e7\u00e3o contido na Constitui\u00e7\u00e3o Federal brasileira.<br \/>\nSolicitamos as autoridades p\u00fablicas proceder \u00e0 defesa dos trabalhadores e seus representantes agredidos por estas atitudes das empresas e seus sindicatos patronais.<\/p>\n<p>Enviar para:<br \/>\nRH Alcides: asuliman@its.jnj.com<br \/>\nRH Douglas: dsene@its.jnj.com<br \/>\nJohnson &#038; Johnson S\u00e3o Jos\u00e9 dos Campos: 12-3932-3100<\/p>\n<p>Facebook da Johnson internacional<br \/>\nhttp:\/\/www.facebook.com\/jnj<\/p>\n<p>Minist\u00e9rio P\u00fablico do Trabalho:<br \/>\npgtprocuradoriageraldotrabalho.ascom@mpt.gov.br<\/p>\n<p>Copia para: quimicosjc@gmail.com<\/p>\n<p>Mais informa\u00e7\u00f5es:<br \/>\nDavi Paulo, Secret\u00e1rio de Imprensa do Sindicato dos Qu\u00edmicos: (12) 7820-7633<br \/>\nNancy Galv\u00e3o, assessora pol\u00edtica: (12) 7820-9254<br \/>\nEmerson Jos\u00e9, assessor de imprensa: (12) 7820-9464<br \/>\nWellington Luiz Cabral, Secretario Geral do Sindicato dos Qu\u00edmicos: (12) 9744-651<\/p>\n","protected":false},"excerpt":{"rendered":"<p>Campanha em solidariede aos Quimicos de S. Jos\u00e9 dos Campos | www.unidospralutar.blogspot.com Tr\u00eas dirigentes do Sindicato dos Qu\u00edmicos e Farmac\u00eauticos de S\u00e3o Jos\u00e9 dos Campos e regi\u00e3o foram demitidos sem motivo. Ainda permanecem outros dois dirigentes sindicais demitidos por justa causa na greve de 2008.<\/p>\n","protected":false},"author":1,"featured_media":0,"comment_status":"closed","ping_status":"open","sticky":false,"template":"","format":"standard","meta":{"footnotes":""},"categories":[2],"tags":[],"class_list":["post-108","post","type-post","status-publish","format-standard","hentry","category-arquivo"],"_links":{"self":[{"href":"https:\/\/www.cstuit.com\/home\/wp-json\/wp\/v2\/posts\/108","targetHints":{"allow":["GET"]}}],"collection":[{"href":"https:\/\/www.cstuit.com\/home\/wp-json\/wp\/v2\/posts"}],"about":[{"href":"https:\/\/www.cstuit.com\/home\/wp-json\/wp\/v2\/types\/post"}],"author":[{"embeddable":true,"href":"https:\/\/www.cstuit.com\/home\/wp-json\/wp\/v2\/users\/1"}],"replies":[{"embeddable":true,"href":"https:\/\/www.cstuit.com\/home\/wp-json\/wp\/v2\/comments?post=108"}],"version-history":[{"count":0,"href":"https:\/\/www.cstuit.com\/home\/wp-json\/wp\/v2\/posts\/108\/revisions"}],"wp:attachment":[{"href":"https:\/\/www.cstuit.com\/home\/wp-json\/wp\/v2\/media?parent=108"}],"wp:term":[{"taxonomy":"category","embeddable":true,"href":"https:\/\/www.cstuit.com\/home\/wp-json\/wp\/v2\/categories?post=108"},{"taxonomy":"post_tag","embeddable":true,"href":"https:\/\/www.cstuit.com\/home\/wp-json\/wp\/v2\/tags?post=108"}],"curies":[{"name":"wp","href":"https:\/\/api.w.org\/{rel}","templated":true}]}}