

	{"id":109,"date":"2012-03-08T11:46:00","date_gmt":"2012-03-08T11:46:00","guid":{"rendered":"https:\/\/www.cstuit.com\/home\/index.php\/2012\/03\/08\/arquivoid-9144\/"},"modified":"2012-03-08T11:46:00","modified_gmt":"2012-03-08T11:46:00","slug":"arquivoid-9144","status":"publish","type":"post","link":"https:\/\/www.cstuit.com\/home\/2012\/03\/08\/arquivoid-9144\/","title":{"rendered":"Dia Internacional da mulher: CRESCE A LUTA DAS MULHERES!"},"content":{"rendered":"<p>| Unidos Pra Lutar &#8211; RJ \/ Juv Vamos \u00e0 Luta<\/p>\n<p>8 de mar\u00e7o: Dia internacional da Mulher<\/p>\n<p>No dia 8 de mar\u00e7o de 1857, oper\u00e1rias de uma f\u00e1brica de tecidos, situada na cidade norte americana de Nova Iorque, fizeram uma grande greve. Ocuparam a f\u00e1brica e reivindicando melhores condi\u00e7\u00f5es de trabalho. A manifesta\u00e7\u00e3o foi reprimida com total viol\u00eancia. As mulheres foram trancadas dentro da f\u00e1brica que, foi incendiada. Morreram carbonizadas aproximadamente 130 tecel\u00e3s, num ato totalmente desumano.<\/p>\n<p>Foi em 1910 durante o Congresso Internacional de Mulheres socialistas, quando a lutadora alem\u00e3 Clara Zetkin prop\u00f4s o dia 8 de mar\u00e7o como Dia Internacional da Mulher, em mem\u00f3ria \u00e0s lutas das trabalhadoras do mundo contra opress\u00e3o capitalista.<\/p>\n<p>No entanto, hoje tentam fazer-nos acreditar que os importantes avan\u00e7os que as mulheres conseguiram foram resultado da a\u00e7\u00e3o de personagens que se converteram em presidentes nos distintos pa\u00edses do mundo ou de figuras relevantes da pol\u00edtica mundial a exemplo de Hilary Clinton, secretaria de estado do governo Obama, ou \u00c2ngela Merkel primeira ministra da Alemanha, que atualmente comanda a aplica\u00e7\u00e3o dos planos de ajustes na Europa. Na Am\u00e9rica Latina Michelle Bachellet, presidenta do Chile, Cristina Kirchner da Argentina e Dilma Rousseff no Brasil s\u00e3o apresentadas como hero\u00ednas.<\/p>\n<p>POUCOS AVAN\u00c7OS NO GOVERNO DILMA<br \/>\nContraditoriamente, nos mandatos destas chefes de estado, pouco se avan\u00e7ou para melhorara a situa\u00e7\u00e3o das mulheres trabalhadoras. No Brasil apesar das mulheres estarem cada vez mais no mercado de trabalho, ainda recebem 30% a menos do que um homem para fazer os mesmos servi\u00e7os e s\u00e3o as que t\u00eam menos direitos sociais e os menores sal\u00e1rios. Os sal\u00e1rios de categorias onde a maioria s\u00e3o mulheres s\u00e3o vergonhosos, a exemplo dos setores da sa\u00fade e educa\u00e7\u00e3o. As mulheres s\u00e3o provedoras de 35,2% nos lares brasileiros, chegando a 40,6% nas regi\u00f5es metropolitanas.<\/p>\n<p>O recente corte do or\u00e7amento de 55 bilh\u00f5es ordenado pela presidenta atinge \u00e1reas sociais importantes para a vida das mulheres, a exemplo da \u00e1rea de sa\u00fade.  A mortalidade materna apresenta altos \u00edndices, sendo que a maioria \u00e9 provocada por casos de abortos clandestinos.  A solu\u00e7\u00e3o a este grave problema social que a presidenta encontrou foi encaminhar a Medida provis\u00f3ria 557, que pretende incentivar a realiza\u00e7\u00e3o de exames pr\u00e9-natal e controle das gr\u00e1vidas. Essa medida prev\u00ea uma absurda ajuda de custo de R$50,00 para o deslocamento durante o pr\u00e9-natal. Uma pol\u00edtica de sa\u00fade que na realidade criminaliza o aborto.<\/p>\n<p>O governo federal tamb\u00e9m n\u00e3o garante os investimentos m\u00ednimos necess\u00e1rios para impedir o aumento da viol\u00eancia exercida sobre as mulheres e em \u00e1reas essenciais, como moradia, sa\u00fade e educa\u00e7\u00e3o.  43 % das mulheres brasileiras sofrem agress\u00f5es f\u00edsicas de seus pr\u00f3prios c\u00f4njugues ou ex-c\u00f4njugues. Apesar da Lei Maria da Penha ser um grande avan\u00e7o no combate \u00e0 viol\u00eancia contra a mulher, ainda precisa ser ampliada e consolidada a rede de servi\u00e7os especializados de atendimento \u00e0s mulheres em situa\u00e7\u00e3o de viol\u00eancia, com o aumento de delegacias de atendimento, casas de abrigo, casas de socializa\u00e7\u00e3o e creches para seus filhos.<\/p>\n<p>Em \u00e9poca de campanha eleitoral, Dilma prometeu a constru\u00e7\u00e3o de seis mil creches. O d\u00e9ficit de unidades alcan\u00e7a a 19.766. (O Globo, 5\/3\/12). Ainda foram inauguradas creches que n\u00e3o est\u00e3o funcionando, a exemplo da inaugurada em Angra dos Reis em Janeiro neste ano.  Outras, pertencentes \u00e0s obras do PAC, permanecem abandonadas. Uma creche localizada na Estrada da G\u00e1vea, no Rio de Janeiro, teve seu p\u00e1tio transformado num grande estacionamento, o lugar onde crian\u00e7as deveriam brincar durante o recreio virou garagem. <\/p>\n<p>Den\u00fancias das mulheres em conflitos ambientais nas regi\u00f5es de Belo Monte, Caraj\u00e1s, S\u00e3o Francisco, Esp\u00edrito Santo, \u00e1reas da Amaz\u00f4nia e outras regi\u00f5es do Brasil, apontam que a pol\u00edtica de desenvolvimento de Dilma de promover grandes projetos pelo pa\u00eds afora, tem agravado a injusti\u00e7a social e ambiental, aumentando a situa\u00e7\u00e3o de super explora\u00e7\u00e3o e opress\u00e3o das mulheres, em benef\u00edcio das empreiteiras e empresas nacionais e multinacionais.<\/p>\n<p>Todos estes dados demonstram que o governo, que tanto alardeou a \u201cconquista de uma mulher na presid\u00eancia\u201d, s\u00f3 significou mais atraso e sofrimento na vida das mulheres trabalhadoras.<\/p>\n<p>O MODELO DE MULHER QUE REIVINDICAMOS<br \/>\nOs avan\u00e7os nas conquistas das mulheres s\u00f3 foram conseguidos com muita luta e mobiliza\u00e7\u00e3o, e n\u00e3o pela suposta a\u00e7\u00e3o dos \u201cgovernos das mulheres\u201d.<\/p>\n<p>Por isso, Neste 8 de mar\u00e7o homenageamos e reivindicamos as mulheres que lutaram na \u201cPrimavera \u00c1rabe\u201d.  Na Tun\u00edsia, marcharam junto a seus maridos e filhos.  No Egito, criaram o movimento chamado \u201cAs mulheres da Pra\u00e7a Tahrir\u201d.  Pelo menos 20% das multid\u00f5es que lotaram a Pra\u00e7a Tahrir, na primeira semana dos protestos, eram mulheres. No I\u00eamen, colunas de mulheres com v\u00e9us sa\u00edram \u00e0s ruas em Sanaa e Taiz e na S\u00edria elas bloquearam estradas para exigir a liberta\u00e7\u00e3o de seus maridos e filhos presos, enfrentando uma feroz pol\u00edcia secreta armada. Na L\u00edbia, uma advogada rec\u00e9m-formada de uma fam\u00edlia de classe m\u00e9dia de Tobruk, Iman al Obeidi, invadiu uma entrevista coletiva do governo em Tr\u00edpoli para denunciar que os soldados de Kadafi a haviam detido e estuprado em um posto de controle, motivando protestos de mulheres contra o regime nas cidades de Benghazi e Tobruk, dominadas pelos rebeldes, pondo o dedo numa ferida central em pa\u00edses como a L\u00edbia, que \u00e9 o abuso contra as mulheres.<\/p>\n<p>Tamb\u00e9m na Europa elas est\u00e3o nas ruas, nas marchas, fazendo greves e enfrentando as pol\u00edcias dos seus pa\u00edses para n\u00e3o perderem postos de trabalho, n\u00e3o verem seus sal\u00e1rios congelados ou diminu\u00eddos, para garantir suas aposentadorias.<\/p>\n<p>Na Am\u00e9rica Latina as mulheres ind\u00edgenas e camponesas da Bol\u00edvia deram uma demonstra\u00e7\u00e3o de for\u00e7a e participa\u00e7\u00e3o pol\u00edtica na vitoriosa marcha que impediu a constru\u00e7\u00e3o de uma estrada que cortaria ao meio a reserva Tipnis. No Chile milhares de jovens estudantes se enfrentaram com a repress\u00e3o para defender a educa\u00e7\u00e3o p\u00fablica.  <\/p>\n<p>Homenageamos as trabalhadoras da educa\u00e7\u00e3o, da sa\u00fade, do funcionalismo p\u00fablico, que fizeram greves e lutaram no Brasil contra o arrocho salarial e contra a retirada de conquistas. \u00c0s mulheres dos bombeiros e policiais que lutaram para defender e libertar seus maridos que foram presos por lutar por seus direitos e as mulheres que cotidianamente lutam para sobreviver e manter suas fam\u00edlias. <\/p>\n<p>Estas s\u00e3o as mulheres que nos representam e apontam o caminho de nossa luta.<br \/>\n\u201cNada causa mais pavor \u00e0 ordem do que mulheres que sonham e lutam\u201d. Jos\u00e9 Mart\u00ed.<\/p>\n<p>Unidos pra Lutar<br \/>\nJuventude Vamos \u00e0 Luta<\/p>\n","protected":false},"excerpt":{"rendered":"<p>| Unidos Pra Lutar &#8211; RJ \/ Juv Vamos \u00e0 Luta 8 de mar\u00e7o: Dia internacional da Mulher No dia 8 de mar\u00e7o de 1857, oper\u00e1rias de uma f\u00e1brica de tecidos, situada na cidade norte americana de Nova Iorque, fizeram uma grande greve. Ocuparam a<\/p>\n","protected":false},"author":1,"featured_media":0,"comment_status":"closed","ping_status":"open","sticky":false,"template":"","format":"standard","meta":{"footnotes":""},"categories":[2],"tags":[],"class_list":["post-109","post","type-post","status-publish","format-standard","hentry","category-arquivo"],"_links":{"self":[{"href":"https:\/\/www.cstuit.com\/home\/wp-json\/wp\/v2\/posts\/109","targetHints":{"allow":["GET"]}}],"collection":[{"href":"https:\/\/www.cstuit.com\/home\/wp-json\/wp\/v2\/posts"}],"about":[{"href":"https:\/\/www.cstuit.com\/home\/wp-json\/wp\/v2\/types\/post"}],"author":[{"embeddable":true,"href":"https:\/\/www.cstuit.com\/home\/wp-json\/wp\/v2\/users\/1"}],"replies":[{"embeddable":true,"href":"https:\/\/www.cstuit.com\/home\/wp-json\/wp\/v2\/comments?post=109"}],"version-history":[{"count":0,"href":"https:\/\/www.cstuit.com\/home\/wp-json\/wp\/v2\/posts\/109\/revisions"}],"wp:attachment":[{"href":"https:\/\/www.cstuit.com\/home\/wp-json\/wp\/v2\/media?parent=109"}],"wp:term":[{"taxonomy":"category","embeddable":true,"href":"https:\/\/www.cstuit.com\/home\/wp-json\/wp\/v2\/categories?post=109"},{"taxonomy":"post_tag","embeddable":true,"href":"https:\/\/www.cstuit.com\/home\/wp-json\/wp\/v2\/tags?post=109"}],"curies":[{"name":"wp","href":"https:\/\/api.w.org\/{rel}","templated":true}]}}