

	{"id":115,"date":"2012-03-27T17:12:00","date_gmt":"2012-03-27T17:12:00","guid":{"rendered":"https:\/\/www.cstuit.com\/home\/index.php\/2012\/03\/27\/arquivoid-9150\/"},"modified":"2012-03-27T17:12:00","modified_gmt":"2012-03-27T17:12:00","slug":"arquivoid-9150","status":"publish","type":"post","link":"https:\/\/www.cstuit.com\/home\/2012\/03\/27\/arquivoid-9150\/","title":{"rendered":"Corpo repressivo venezuelano captura um dos fundadores das Farc"},"content":{"rendered":"<p>| Por La Classe<\/p>\n<p>Ch\u00e1vez \u00e9 definido por Santos, seu \u201cmelhor amigo\u201d.<\/p>\n<p>Caracas, 22 de mar\u00e7o \u2013 Na fronteira colombiana com a Venezuela, o governo da Col\u00f4mbia Juan Manuel Santos lan\u00e7ou na madrugada desta quarta-feira um ataque militar contra as Farc, deixando mais 30 guerrilheiros mortos na regi\u00e3o de Arauca, segundo dados oficiais; o que representa uma brutal resposta ao an\u00fancio de libera\u00e7\u00f5es unilaterais de pessoas em poder da guerrilha e vontade de dialogar com o governo da Col\u00f4mbia. Na Venezuela, por sua vez, o governo chavista capturou um dos fundadores desse grupo guerrilheiro, William Alberto Chivita, conhecido pelos apelidos de \u201cMarquetaliano\u201d e \u201cFernando Robles\u201d. Ch\u00e1vez pactuou com seu par colombiano uma s\u00e9rie de acordos em mat\u00e9ria militar e de intelig\u00eancia, em virtude do qual, v\u00e1rios guerrilheiros e dissidentes pol\u00edticos colombianos tem sido capturados e rapidamente entregues ao governo Santos.<\/p>\n<p>A captura foi efetuada na zona popular de Bland\u00edn, no estado de Vargas, em uma opera\u00e7\u00e3o conjunta entre o Servi\u00e7o Bolivariano de Intelig\u00eancia (Sebin) e os corpos repressivos do regime colombiano.<br \/>\n\u201cMarquetaliano\u201d \u00e9 um dos sobreviventes do grupo que fundou as Farc na zona de Marquetalia em 1964, junto com Manual Marulanda. O governo chavista est\u00e1 avaliando se ir\u00e1 entreg\u00e1-lo \u00e0s autoridades colombianas ou envi\u00e1-lo diretamente ao governo ianque de Barack Obama que tamb\u00e9m o requer.<\/p>\n","protected":false},"excerpt":{"rendered":"<p>| Por La Classe Ch\u00e1vez \u00e9 definido por Santos, seu \u201cmelhor amigo\u201d. Caracas, 22 de mar\u00e7o \u2013 Na fronteira colombiana com a Venezuela, o governo da Col\u00f4mbia Juan Manuel Santos lan\u00e7ou na madrugada desta quarta-feira um ataque militar contra as Farc, deixando mais 30 guerrilheiros<\/p>\n","protected":false},"author":1,"featured_media":0,"comment_status":"closed","ping_status":"open","sticky":false,"template":"","format":"standard","meta":{"footnotes":""},"categories":[2],"tags":[],"class_list":["post-115","post","type-post","status-publish","format-standard","hentry","category-arquivo"],"_links":{"self":[{"href":"https:\/\/www.cstuit.com\/home\/wp-json\/wp\/v2\/posts\/115","targetHints":{"allow":["GET"]}}],"collection":[{"href":"https:\/\/www.cstuit.com\/home\/wp-json\/wp\/v2\/posts"}],"about":[{"href":"https:\/\/www.cstuit.com\/home\/wp-json\/wp\/v2\/types\/post"}],"author":[{"embeddable":true,"href":"https:\/\/www.cstuit.com\/home\/wp-json\/wp\/v2\/users\/1"}],"replies":[{"embeddable":true,"href":"https:\/\/www.cstuit.com\/home\/wp-json\/wp\/v2\/comments?post=115"}],"version-history":[{"count":0,"href":"https:\/\/www.cstuit.com\/home\/wp-json\/wp\/v2\/posts\/115\/revisions"}],"wp:attachment":[{"href":"https:\/\/www.cstuit.com\/home\/wp-json\/wp\/v2\/media?parent=115"}],"wp:term":[{"taxonomy":"category","embeddable":true,"href":"https:\/\/www.cstuit.com\/home\/wp-json\/wp\/v2\/categories?post=115"},{"taxonomy":"post_tag","embeddable":true,"href":"https:\/\/www.cstuit.com\/home\/wp-json\/wp\/v2\/tags?post=115"}],"curies":[{"name":"wp","href":"https:\/\/api.w.org\/{rel}","templated":true}]}}