

	{"id":117,"date":"2012-04-02T11:56:00","date_gmt":"2012-04-02T11:56:00","guid":{"rendered":"https:\/\/www.cstuit.com\/home\/index.php\/2012\/04\/02\/arquivoid-9152\/"},"modified":"2012-04-02T11:56:00","modified_gmt":"2012-04-02T11:56:00","slug":"arquivoid-9152","status":"publish","type":"post","link":"https:\/\/www.cstuit.com\/home\/2012\/04\/02\/arquivoid-9152\/","title":{"rendered":"Johnson: Respeite a Justi\u00e7a e reintegre dirigentes Qu\u00edmicos"},"content":{"rendered":"<p>| CST com informa\u00e7\u00f5es do Sindicato dos Qu\u00edmicos de S\u00e3o Jos\u00e9<\/p>\n<p>Nas \u00faltimas semanas in\u00fameras entidades se somaram a campanha contra a Johnson &#038; Johnson, multinacional que ataca a livre organiza\u00e7\u00e3o dos trabalhadores demitindo arbitrariamente dirigentes sindicais e criminalizando os piquetes na entrada da empresa.<br \/>\nDentre as ades\u00f5es encontram-se ANDES-SN, INTERSINDICAL, UNIDOS PRA LUTAR, SINTUSP, SEPE\/RJ, SINTUFF, SINTSEP-PA, Banc\u00e1rios de Santos, Qu\u00edmicos Unificados de Campinas, Osasco e Vinhedo, F\u00f3rum de Lutas de S\u00e3o Jos\u00e9 dos Campos e a Oposi\u00e7\u00e3o de Esquerda da UNE. H\u00e1 ainda mo\u00e7\u00f5es internacionais do M\u00e9xico, Argentina, Bol\u00edvia e Venezuela.<br \/>\nEsse apoio garantiu uma primeira vit\u00f3ria para o movimento. Por meio de decis\u00e3o judicial a companheira Lidia Louzado, uma das dirigentes sindicais demitidas, foi reintegrada \u00e0 f\u00e1brica. Por\u00e9m, num outro absurdo, a empresa se nega a acatar a decis\u00e3o, descumprindo a decis\u00e3o judicial.<br \/>\nMais do que nunca \u00e9 necess\u00e1rio redobrar a solidariedade. Por isso divulgamos nova nota apoiando a reintegra\u00e7\u00e3o dos sindicalistas, texto que necessita de ampla divulga\u00e7\u00e3o. Solicitamos a nossos leitores que aprovem esse texto em suas entidades e nos f\u00f3runs dos movimentos sociais.<\/p>\n<p>\u00c0 Johnson &#038; Johnson<br \/>\nAo Minist\u00e9rio P\u00fablico do Trabalho<\/p>\n<p>Johnson: Respeite a Justi\u00e7a Brasileira e Reintegre imediatamente a Trabalhadora LIDIA LOUZADA CARDOSO.<\/p>\n<p>Por meio desta, exigimos que a multinacional Johnson &#038; Johnson cumpra imediatamente a determina\u00e7\u00e3o da ju\u00edza Dra. ANTONIA SANT\u2019ANA da 3\u00aa Vara do Trabalho de S\u00e3o Jos\u00e9 dos Campos\/SP, que determinou a reintegra\u00e7\u00e3o da dirigente sindical Lidia Louzada Cardoso, demitida arbitrariamente no dia 27\/02\/2012. <\/p>\n<p>Repudiamos a atitude desrespeitosa desta multinacional americana, que afronta o poder judici\u00e1rio, ao impedir que a trabalhadora retorne ao seu posto laboral, mesmo ap\u00f3s a justi\u00e7a assim o determinar.<\/p>\n<p>Infelizmente, essas posturas, por fora da lei, tem se tornado pr\u00e1ticas recorrentes de Vossas Senhorias, vide o uso da tropa de choque da Pol\u00edcia Militar do Estado de SP (sem nenhum mandato judicial) e de seguran\u00e7as privados para impedir as greves e as assembl\u00e9ias democr\u00e1ticas dos trabalhadores. Mais uma vez, transgredindo a lei magna, onde vigora a Liberdade e a Autonomia Sindical e as Conven\u00e7\u00f5es 135 e 98 da OIT que tratam da prote\u00e7\u00e3o contra atos anti-sindicais as quais o Brasil \u00e9 signat\u00e1rio.<\/p>\n<p> Por fim solicitamos as autoridades p\u00fablicas proceder \u00e0 defesa dos trabalhadores e de seus representantes agredidos pelas empresas do grupo Johnson &#038; Johnson. E aguardamos da justi\u00e7a Brasileira o justo proceder da reintegra\u00e7\u00e3o dos dirigentes sindicais Wellington Luiz Cabral, Jos\u00e9 Natalino Landim, Silvio Antonio Pereira e Paulo Louren\u00e7o demitidos da mesma forma arbitr\u00e1ria.<\/p>\n<p>S\u00e3o Jos\u00e9 dos Campos, 02 de Abril de 2012.<\/p>\n<p>Enviar para:<br \/>\nRH Alcides: asuliman@its.jnj.com<br \/>\nRH Douglas: dsene@its.jnj.com<br \/>\nJohnson &#038; Johnson S\u00e3o Jos\u00e9 dos Campos: 12-3932-3100<\/p>\n<p>Facebook da Johnson internacional<br \/>\nhttp:\/\/www.facebook.com\/jnj<\/p>\n<p>Minist\u00e9rio P\u00fablico do Trabalho:<br \/>\npgtprocuradoriageraldotrabalho.ascom@mpt.gov.br<\/p>\n<p>Copia para: quimicosjc@gmail.com<\/p>\n","protected":false},"excerpt":{"rendered":"<p>| CST com informa\u00e7\u00f5es do Sindicato dos Qu\u00edmicos de S\u00e3o Jos\u00e9 Nas \u00faltimas semanas in\u00fameras entidades se somaram a campanha contra a Johnson &#038; Johnson, multinacional que ataca a livre organiza\u00e7\u00e3o dos trabalhadores demitindo arbitrariamente dirigentes sindicais e criminalizando os piquetes na entrada da empresa.<\/p>\n","protected":false},"author":1,"featured_media":0,"comment_status":"closed","ping_status":"open","sticky":false,"template":"","format":"standard","meta":{"footnotes":""},"categories":[2],"tags":[],"class_list":["post-117","post","type-post","status-publish","format-standard","hentry","category-arquivo"],"_links":{"self":[{"href":"https:\/\/www.cstuit.com\/home\/wp-json\/wp\/v2\/posts\/117","targetHints":{"allow":["GET"]}}],"collection":[{"href":"https:\/\/www.cstuit.com\/home\/wp-json\/wp\/v2\/posts"}],"about":[{"href":"https:\/\/www.cstuit.com\/home\/wp-json\/wp\/v2\/types\/post"}],"author":[{"embeddable":true,"href":"https:\/\/www.cstuit.com\/home\/wp-json\/wp\/v2\/users\/1"}],"replies":[{"embeddable":true,"href":"https:\/\/www.cstuit.com\/home\/wp-json\/wp\/v2\/comments?post=117"}],"version-history":[{"count":0,"href":"https:\/\/www.cstuit.com\/home\/wp-json\/wp\/v2\/posts\/117\/revisions"}],"wp:attachment":[{"href":"https:\/\/www.cstuit.com\/home\/wp-json\/wp\/v2\/media?parent=117"}],"wp:term":[{"taxonomy":"category","embeddable":true,"href":"https:\/\/www.cstuit.com\/home\/wp-json\/wp\/v2\/categories?post=117"},{"taxonomy":"post_tag","embeddable":true,"href":"https:\/\/www.cstuit.com\/home\/wp-json\/wp\/v2\/tags?post=117"}],"curies":[{"name":"wp","href":"https:\/\/api.w.org\/{rel}","templated":true}]}}