

	{"id":12126,"date":"2023-10-14T16:07:44","date_gmt":"2023-10-14T19:07:44","guid":{"rendered":"https:\/\/www.cstuit.com\/home\/?p=12126"},"modified":"2023-10-14T16:07:44","modified_gmt":"2023-10-14T19:07:44","slug":"pelo-fim-dos-bombardeios-e-do-cerco-criminoso-a-gaza-todo-o-apoio-ao-heroico-povo-palestino","status":"publish","type":"post","link":"https:\/\/www.cstuit.com\/home\/2023\/10\/14\/pelo-fim-dos-bombardeios-e-do-cerco-criminoso-a-gaza-todo-o-apoio-ao-heroico-povo-palestino\/","title":{"rendered":"Pelo fim dos bombardeios e do cerco criminoso a Gaza! Todo o apoio ao her\u00f3ico povo palestino!"},"content":{"rendered":"<p>UIT-QI \u2013 14\/10\/2023<\/p>\n<p>Israel desencadeou um novo ataque genocida contra a Faixa de Gaza, chamado de opera\u00e7\u00e3o \u201cEspadas de Ferro\u201d Avi\u00f5es de guerra e o ex\u00e9rcito do Estado sionista est\u00e3o bombardeando a Faixa de Gaza. At\u00e9 o momento, estima-se que mais de 2.000 palestinos e palestinas foram mortos, 6.500 feridos e mais de 340.000 expulsos das suas casas. N\u00famero que aumenta com os milhares de deslocados do Norte de Gaza. Tais cifras est\u00e3o crescendo hora a hora.<\/p>\n<p>A magnitude da a\u00e7\u00e3o brutal de Israel \u00e9 atestada pelo fato de que, numa semana, foram realizados mais de 2.000 bombardeios, despejando cerca de 6.000 bombas com um peso total de 4.000 toneladas (dados da AFP, EFE AP e Clar\u00edn, da Argentina).<\/p>\n<p>Netanyahu prometeu deixar a Faixa de Gaza, um territ\u00f3rio com apenas 43 quil\u00f4metros de comprimento e 10 quil\u00f4metros de largura, \u201cem ru\u00ednas\u201d, dizendo \u00e0 popula\u00e7\u00e3o sitiada para \u201csair de l\u00e1\u201d, embora saiba que n\u00e3o podem faz\u00ea-lo.<\/p>\n<p>O Ministro da Defesa de Israel disse vangloriando-se: \u201cDecidimos cortar o fornecimento de \u00e1gua, eletricidade e combust\u00edvel em Gaza\u201d, numa clara viola\u00e7\u00e3o do direito internacional de guerra, aumentando assim o bloqueio a\u00e9reo, terrestre e mar\u00edtimo contra Gaza, transformada desde 2007 na \u201cmaior pris\u00e3o a c\u00e9u aberto do mundo\u201d. L\u00e1 vivem comprimidos 2.300.000 palestinos, cercados h\u00e1 d\u00e9cadas pelo ex\u00e9rcito do Estado sionista de Israel. Por isso, pode-se dizer que o que est\u00e1 acontecendo seria semelhante ao bombardeio do campo de concentra\u00e7\u00e3o de Auschwitz ou do Gueto de Vars\u00f3via, durante a Segunda Guerra Mundial. Um novo exterm\u00ednio racista, mas agora do povo palestino.<\/p>\n<p>As cenas s\u00e3o horripilantes. Os habitantes de Gaza, especialmente meninos e meninas, est\u00e3o sendo assassinados com o lan\u00e7amento de m\u00edsseis, bombas e armas sofisticadas do sionismo israelense, liderado pelo fac\u00ednora Netanyahu e pelo seu chamado \u201cgoverno de unidade nacional\u201d. Os M\u00e9dicos Sem Fronteiras (MSF) apontaram que a avia\u00e7\u00e3o israelense est\u00e1 atacando ambul\u00e2ncias e que uma elevada percentagem dos pacientes na Faixa de Gaza \u201cs\u00e3o crian\u00e7as entre os 10 e os 14 anos, isto porque a maioria dos feridos s\u00e3o mulheres e crian\u00e7as, que muitas vezes est\u00e3o nas casas que s\u00e3o bombardeadas\u201d (Aymar Al Djaronucha, coordenador dos MSF, 12\/10\/2023, Clar\u00edn, Argentina). Os alvos do sionismo s\u00e3o hospitais, bairros populares, universidades e centrais el\u00e9ctricas. Tudo isso est\u00e1 provocando uma verdadeira crise humanit\u00e1ria.<\/p>\n<p><strong>At\u00e9 o Secret\u00e1rio-Geral da ONU denunciou o cerco a Gaza e pediu o seu fim.<\/strong><\/p>\n<p>Israel declarou \u201cguerra total\u201d contra a Palestina, convocando 350 mil reservistas e amea\u00e7ando uma invas\u00e3o militar por terra. O sionismo tem o apoio do imperialismo norte-americano e da Uni\u00e3o Europeia, entre outros governos capitalistas.<\/p>\n<p>Joe Biden contactou Netanyahu e confirmou que \u201cIsrael ter\u00e1 tudo o que precisa para se defender\u201d. O governo dos Estados Unidos anunciou o envio de navios, avi\u00f5es de combate e um porta-avi\u00f5es nuclear para o Mediterr\u00e2neo oriental, para apoiar Israel na sua ofensiva contra o povo palestino.<\/p>\n<p>Joe Biden, Ursula von der Leyen, presidente da Comiss\u00e3o Europeia, e o Secret\u00e1rio-Geral da OTAN disseram hipocritamente que Israel \u201ctem o direito de se defender\u201d. Desta forma, fazem de Israel uma v\u00edtima e justificam os seus atuais ataques genocidas, quando na verdade o Estado sionista foi estabelecido em 1948 com a usurpa\u00e7\u00e3o da hist\u00f3rica terra palestina. Israel n\u00e3o \u00e9 uma \u201cdemocracia\u201d na regi\u00e3o, como afirmam falsamente seus apologistas. Tem aplicado at\u00e9 hoje uma pol\u00edtica de coloniza\u00e7\u00e3o, apartheid e limpeza \u00e9tnica, atrav\u00e9s de crimes contra a humanidade.<\/p>\n<p>Quem tem o \u201cdireito de se defender\u201d de atrocidades \u00e9 o povo palestino! At\u00e9 agora, neste ano, 250 palestinos foram assassinados por colonos e pelo ex\u00e9rcito israelense, incluindo 44 crian\u00e7as. O regime sionista tem mais de 4.500 prisioneiros palestinos, muitos deles com penas de 25 a 30 anos. Desde 1967, estima-se que 750 mil palestinos passaram pelas pris\u00f5es sionistas.<\/p>\n<p>Colonos armados e apoiados pelas for\u00e7as de seguran\u00e7a matam e atacam propriedades palestinas, enquanto a limpeza \u00e9tnica avan\u00e7a sem parar, com a expuls\u00e3o de palestinos, que t\u00eam suas casas demolidas. Dezenas de colonos de Israel, apoiados por organiza\u00e7\u00f5es de extrema-direita e ultra-religiosas, entraram repetidamente e \u00e0 for\u00e7a na mesquita de Al Aqsa, na Jerusal\u00e9m Oriental ocupada. A mesquita \u00e9 o terceiro lugar mais sagrado do mundo para os mu\u00e7ulmanos.<\/p>\n<p>Neste contexto, ocorreu a ofensiva palestina a partir de Gaza, liderada pelo Hamas, no s\u00e1bado passado, 7 de outubro. Foi uma rea\u00e7\u00e3o desesperada de um povo sufocado e subjugado, uma express\u00e3o do direito leg\u00edtimo do povo palestino de se defender contra o crime e o genoc\u00eddio.<\/p>\n<p>Lamentamos a morte de civis israelenses, de mulheres e de crian\u00e7as. Mas quem \u00e9 o respons\u00e1vel por tal guerra? N\u00e3o \u00e9 o Hamas nem os palestinos. \u00c9 o Estado sionista e de apartheid de Israel que, apoiado pelos Estados Unidos, oprime o povo palestino. Esta guerra n\u00e3o come\u00e7ou no s\u00e1bado, 7 de outubro, com o avan\u00e7o da resist\u00eancia palestina. Come\u00e7ou h\u00e1 75 anos, com a ocupa\u00e7\u00e3o de terras e casas pelo sionismo, apoiado pelos Estados Unidos. Eles s\u00e3o os respons\u00e1veis pela guerra e pelas v\u00edtimas civis israelenses e palestinas.<\/p>\n<p>N\u00f3s, socialistas da UIT-QI, defendemos incondicionalmente a resist\u00eancia palestina, mas n\u00e3o damos apoio pol\u00edtico ao Hamas e ao seu governo em Gaza. Por outro lado, denunciamos a trai\u00e7\u00e3o permanente da Autoridade Palestina, dirigida pelo Al Fatah-OLP e chefiada por Mahmoud Abbas, na Cisjord\u00e2nia. Por\u00e9m, o Hamas est\u00e1 agora no campo daqueles que enfrentam o sionismo. Temos grandes diferen\u00e7as com o Hamas, na medida em que s\u00e3o uma corrente burguesa-isl\u00e2mica, que apoia o Ir\u00e3, o Qatar e quer substituir Israel por um Estado palestino religioso e teocr\u00e1tico. Lutamos pela substitui\u00e7\u00e3o do apartheid de Israel por um \u00fanico Estado palestino, laico, n\u00e3o racista e democr\u00e1tico no territ\u00f3rio hist\u00f3rico da Palestina, em que \u00e1rabes, judeus, crist\u00e3os e adeptos de outras religi\u00f5es possam coexistir plenamente.<\/p>\n<p>Para al\u00e9m dessas diferen\u00e7as com o Hamas, todos fazemos parte do grande movimento de resist\u00eancia palestina. \u00c9 por isso que apoiamos incondicionalmente tal resist\u00eancia e apelamos \u00e0 solidariedade internacional com tal movimento.<\/p>\n<p>Hoje, mais do que nunca, para derrotar a ofensiva criminosa de Israel sobre Gaza e o povo palestino, devemos sair \u00e0s ruas de todo o mundo, exigindo o fim dos bombardeios e do cerco genocida \u00e0 Faixa de Gaza. O ultimato do ex\u00e9rcito israelense, ordenando que quase um milh\u00e3o de palestinos se retirem do Norte de Gaza, sabendo que n\u00e3o existem condi\u00e7\u00f5es para isso, \u00e9 outro exemplo da sua pol\u00edtica colonial e de limpeza \u00e9tnica. O povo palestino sabe disso e est\u00e1 denunciando uma nova \u201cNakba\u201d (cat\u00e1strofe), como foi chamada a limpeza \u00e9tnica que ocorreu na funda\u00e7\u00e3o do Estado sionista de Israel em 1948. Por outro lado, significa a amea\u00e7a de uma nova invas\u00e3o militar terrestre de Gaza.<\/p>\n<p>Est\u00e3o ocorrendo grandes mobiliza\u00e7\u00f5es em solidariedade ao povo palestino nos pa\u00edses do Oriente M\u00e9dio, especialmente no L\u00edbano e na Tun\u00edsia, com milhares de manifestantes; nos EUA, na Inglaterra, no Estado espanhol, na Turquia, na Am\u00e9rica Latina e em muitas outras partes do mundo. Em Paris, apesar da proibi\u00e7\u00e3o do reacion\u00e1rio e racista Macron, milhares de manifestantes desafiaram a repress\u00e3o para expressar a sua solidariedade com a Palestina. Nas marchas em Nova Iorque, em apoio ao povo palestino, foi surpreendente a presen\u00e7a de jovens judeus com cartazes que diziam: \u201cJudeus contra o Apartheid\u201d, \u201cDescendentes judeus de sobreviventes do Holocausto contra o Apartheid israelense\u201d, \u201cN\u00e3o em nosso nome\u201d e \u201cBasta de armas para Israel.\u201d<\/p>\n<p>Devemos dobrar a aposta nesse caminho em todo o mundo. Os povos precisam exigir dos seus governos: ruptura de todos os acordos econ\u00f4micos, pol\u00edticos e militares com Israel; n\u00e3o ao envio de armas para Israel; basta da ajuda financeira e militar dos Estados Unidos para Israel; que a frota ianque se retire das vizinhan\u00e7as de Israel e do Oriente M\u00e9dio; que os povos dos pa\u00edses \u00e1rabes, com a sua mobiliza\u00e7\u00e3o, exijam que os seus governos apoiem a resist\u00eancia palestina com tudo o que ela necessita e que, especialmente no caso daqueles pa\u00edses que reconheceram Israel (como o Egipto, o Marrocos e os Emirados \u00c1rabes Unidos), rompam rela\u00e7\u00f5es com o Estado sionista agora; toda a solidariedade ao povo palestino!<\/p>\n<p>N\u00f3s, da Unidade Internacional de Trabalhadoras e Trabalhadores \u2013 Quarta Internacional (UIT-QI), defendemos a realiza\u00e7\u00e3o de mobiliza\u00e7\u00f5es unit\u00e1rias para barrar a escalada genocida de Israel.<\/p>\n<p><strong>Pelo fim do bombardeio criminoso de Gaza! Chega de cerco genocida!<\/p>\n<p>Rompimento das rela\u00e7\u00f5es diplom\u00e1ticas com Israel!<\/p>\n<p>Liberta\u00e7\u00e3o dos\/as prisioneiros\/as palestinos\/as!<\/p>\n<p>Todo apoio \u00e0 resist\u00eancia palestina!<\/strong><\/p>\n<p>Unidade Internacional de Trabalhadoras e Trabalhadores \u2013 Quarta Internacional (UIT-QI)<\/p>\n<p>14\/10\/2023<\/p>\n","protected":false},"excerpt":{"rendered":"<p>UIT-QI \u2013 14\/10\/2023 Israel desencadeou um novo ataque genocida contra a Faixa de Gaza, chamado de opera\u00e7\u00e3o \u201cEspadas de Ferro\u201d Avi\u00f5es de guerra e o ex\u00e9rcito do Estado sionista est\u00e3o bombardeando a Faixa de Gaza. At\u00e9 o momento, estima-se que mais de 2.000 palestinos e<\/p>\n","protected":false},"author":1,"featured_media":12127,"comment_status":"open","ping_status":"open","sticky":false,"template":"","format":"standard","meta":{"footnotes":""},"categories":[6],"tags":[],"class_list":["post-12126","post","type-post","status-publish","format-standard","has-post-thumbnail","hentry","category-internacional"],"_links":{"self":[{"href":"https:\/\/www.cstuit.com\/home\/wp-json\/wp\/v2\/posts\/12126","targetHints":{"allow":["GET"]}}],"collection":[{"href":"https:\/\/www.cstuit.com\/home\/wp-json\/wp\/v2\/posts"}],"about":[{"href":"https:\/\/www.cstuit.com\/home\/wp-json\/wp\/v2\/types\/post"}],"author":[{"embeddable":true,"href":"https:\/\/www.cstuit.com\/home\/wp-json\/wp\/v2\/users\/1"}],"replies":[{"embeddable":true,"href":"https:\/\/www.cstuit.com\/home\/wp-json\/wp\/v2\/comments?post=12126"}],"version-history":[{"count":0,"href":"https:\/\/www.cstuit.com\/home\/wp-json\/wp\/v2\/posts\/12126\/revisions"}],"wp:featuredmedia":[{"embeddable":true,"href":"https:\/\/www.cstuit.com\/home\/wp-json\/wp\/v2\/media\/12127"}],"wp:attachment":[{"href":"https:\/\/www.cstuit.com\/home\/wp-json\/wp\/v2\/media?parent=12126"}],"wp:term":[{"taxonomy":"category","embeddable":true,"href":"https:\/\/www.cstuit.com\/home\/wp-json\/wp\/v2\/categories?post=12126"},{"taxonomy":"post_tag","embeddable":true,"href":"https:\/\/www.cstuit.com\/home\/wp-json\/wp\/v2\/tags?post=12126"}],"curies":[{"name":"wp","href":"https:\/\/api.w.org\/{rel}","templated":true}]}}