

	{"id":12152,"date":"2023-10-18T12:51:00","date_gmt":"2023-10-18T15:51:00","guid":{"rendered":"https:\/\/www.cstuit.com\/home\/?p=12152"},"modified":"2023-11-01T07:53:06","modified_gmt":"2023-11-01T10:53:06","slug":"apoiar-a-luta-metroviaria-ferroviaria-e-sabespiana-de-sp","status":"publish","type":"post","link":"https:\/\/www.cstuit.com\/home\/2023\/10\/18\/apoiar-a-luta-metroviaria-ferroviaria-e-sabespiana-de-sp\/","title":{"rendered":"Apoiar a luta metrovi\u00e1ria, ferrovi\u00e1ria e sabespiana de SP"},"content":{"rendered":"<p>S\u00e3o Paulo parou no dia 3 de outubro. Metrovi\u00e1rios, ferrovi\u00e1rios e sabespianos conseguiram aglutinar a insatisfa\u00e7\u00e3o social contra as privatiza\u00e7\u00f5es e ataques do governador Tarc\u00edsio. De acordo com trabalhadores e trabalhadoras do Metr\u00f4 e da CPTM que estiveram diretamente nos piquetes e colaboram aqui nesta edi\u00e7\u00e3o, a greve foi um sucesso. Alt\u00edssima ades\u00e3o e muito apoio popular. A pr\u00f3pria televis\u00e3o teve de mostrar in\u00fameros depoimentos de gente comum, da popula\u00e7\u00e3o trabalhadora, responsabilizando o governador pelo caos do transporte. Foi o que nosso jornal tamb\u00e9m presenciou ao participar ativamente do plebiscito popular na esta\u00e7\u00e3o do metr\u00f4 da Vila Prudente e na USP, bem como dos piquetes de Ana Rosa e no P\u00e1tio Itaquera. \u00c9 fundamental refletir sobre essa jornada e tirar algumas li\u00e7\u00f5es para seguir a m<span style=\"font-family: inherit; font-style: inherit; font-weight: inherit;\">obiliza\u00e7\u00e3o.<\/span><\/p>\n<h2>Uma luta unificada e coordenada<\/h2>\n<p>Um primeiro aprendizado \u00e9 que a for\u00e7a da greve esteve na unidade da classe trabalhadora. Ao unificar os sindicatos metrovi\u00e1rios, ferrovi\u00e1rios e da Sabesp se realizou uma greve poderosa. Do mesmo modo, isso permitiu a coordena\u00e7\u00e3o com outras greves ou lutas, caso da paralisa\u00e7\u00e3o de terceirizadas e terceirizados do aeroporto de Guarulhos ou dos servidores p\u00fablicos federais.\u00c9 muito importante que no mesmo dia os oper\u00e1rios e oper\u00e1rias da Embraer tenham cruzado os bra\u00e7os, parando a produ\u00e7\u00e3o de uma importante multinacional brasileira. Isso \u00e9 justamente o contr\u00e1rio do que sempre falam e fazem as c\u00fapulas das Centrais Sindicais (majorit\u00e1rias da CUT, CTB, For\u00e7a e UGT). Eles sempre dizem que os trabalhadores n\u00e3o querem lutar, que n\u00e3o \u00e9 poss\u00edvel unificar, que somos muitos diferentes e mil e uma desculpas para fazer corpo mole e n\u00e3o construir a unidade. Unificados e mobilizados temos for\u00e7a e podemos batalhar para vencer.<\/p>\n<h2>A unidade da classe trabalhadora com o movimento estudantil<\/h2>\n<p>Uma segunda li\u00e7\u00e3o foi a unifica\u00e7\u00e3o com a juventude estudantil que realiza uma poderosa greve na USP. Ap\u00f3s o tran\u00e7aco do dia 3, em frente da universidade, a greve estudantil saiu em passeata at\u00e9 um local da greve da Sabesp, mostrando como unificar na pr\u00e1tica a mobiliza\u00e7\u00e3o. E destacamos que na universidade tamb\u00e9m houve paralisa\u00e7\u00f5es nos dias anteriores, votadas nas assembleias da ADUSP e SINTUSP. N\u00e3o \u00e9 por acaso que a greve estudantil da UNICAMP tenha sido deflagrada no dia 3 numa assembleia massiva, local onde j\u00e1 havia uma luta dos t\u00e9cnico-administrativos. No mesmo sentido, o acerto de dialogar com a popula\u00e7\u00e3o trabalhadora que usa os servi\u00e7os atrav\u00e9s do plebiscito popular organizado pelos sindicatos.<\/p>\n<h2>Divididos e sem independ\u00eancia dos governos perdemos for\u00e7a<\/h2>\n<p>A c\u00fapula das maiores centrais, al\u00e9m de fazer corpo mole, muitas vezes boicota a unidade. Infelizmente, foi o que vimos por parte da dire\u00e7\u00e3o majorit\u00e1ria da Apeoesp (ArtSind, majorit\u00e1ria da CUT e do PT, liderada pela deputada Bebel). Eles se negaram a convocar o dia 3, dividindo a luta, causando preju\u00edzo<br \/>\n\u00e0 mobiliza\u00e7\u00e3o. Mas temos que nos perguntar: o que motivou essa atitude? Acreditamos que um dos motivos centrais \u00e9 que a ArtSind, corrente majorit\u00e1ria no PT, preferiu n\u00e3o se indispor com o partido Republicanos, do atual governador Tarc\u00edsio, que acabou de ingressar no governo Lula. Por outro lado, n\u00e3o quis contrariar o PSD, de Kassab, que integra o governo Lula e o governo Tarc\u00edsio. Essa rela\u00e7\u00e3o governamental levou o PT e o PCdoB, na Assembleia Legislativa de SP, a votar em Andr\u00e9 Prado do PL, candidato de Tarc\u00edsio. Ent\u00e3o o atrelamentos ao governo Lula\/Alckmin e seus pactos de governabilidade conservadora prejudicam a unidade e mobiliza\u00e7\u00e3o em SP. Para continuar a luta unificada temos de garantir total independ\u00eancia dos governos.<\/p>\n<h2>Exigimos o fim das privatiza\u00e7\u00f5es do governo Lula<\/h2>\n<p>A luta de S\u00e3o Paulo \u00e9 nacional. No caso do governo Lula\/Alckmin, exigimos o fim do plano de desestatiza\u00e7\u00e3o do sistema ferrovi\u00e1rio federal e reestatiza\u00e7\u00e3o do metr\u00f4 de BH, bem como abandono de qualquer projeto de PPPs (parcerias p\u00fablico-privadas) e que se revogue essa legisla\u00e7\u00e3o, al\u00e9m do fim dos leil\u00f5es de pres\u00eddios. Do mesmo modo que exigimos o fim do Arcabou\u00e7o Fiscal, o novo teto de gastos, que significa conten\u00e7\u00f5es de verbas sociais para os servidores federais, estatais ou ataques aos pisos constitucionais de sa\u00fade e educa\u00e7\u00e3o. Reivindicamos tamb\u00e9m a revoga\u00e7\u00e3o das contrarreformas bolsonaristas (previd\u00eancia, trabalhista, Novo Ensino M\u00e9dio) e da privatiza\u00e7\u00e3o<br \/>\nda Eletrobras.<\/p>\n<h2>Continuar a luta! Exigir greve geral da CUT, CTB e MTST!<\/h2>\n<p>O governador Tarc\u00edsio n\u00e3o recuou. Ele deseja realizar leil\u00f5es e terceiriza\u00e7\u00f5es, fatiando a privatiza\u00e7\u00e3o do Metr\u00f4 e CPTM. Ent\u00e3o temos de continuar a luta, construindo atos unit\u00e1rios como o dia 9 e avan\u00e7ando para novos protestos massivos. Propomos reuni\u00f5es dos sindicatos do transporte e saneamento para avaliar a nova data de greve unificada. Exigimos que a CUT, CTB, UGT, For\u00e7a Sindical e demais movimentos convoquem um dia de greve geral do conjunto da classe trabalhadora (ver p\u00e1ginas centrais).<\/p>\n<h2>A liberta\u00e7\u00e3o da classe trabalhadora ser\u00e1 obra da pr\u00f3pria classe trabalhadora<\/h2>\n<p>Os empres\u00e1rios, seus representantes e jornais tentam nos assustar dizendo que a greve \u201c\u00e9 pol\u00edtica\u201d. Mas, sim, toda greve \u00e9 pol\u00edtica, assim como tudo na nossa vida, desde a decis\u00e3o do pre\u00e7o da tarifa at\u00e9 as benesses que a CCR recebe do governo do estado de SP. A greve visava barrar a pol\u00edtica patronal de privatiza\u00e7\u00f5es do governador Tarc\u00edsio. A classe trabalhadora tem direito de participar da pol\u00edtica com seus m\u00e9todos de luta. Mas o que eles temem \u00e9 que a classe trabalhadora consciente e organizada possa avan\u00e7ar em suas reivindica\u00e7\u00f5es. Temem que os explorados denunciem o conjunto deste sistema econ\u00f4mico e pol\u00edtico capitalista que s\u00f3 visa o lucro. Os patr\u00f5es n\u00e3o querem que, aqui e agora, nas lutas imediatas, a nossa classe construa qualquer ponte em dire\u00e7\u00e3o ao governo de sua pr\u00f3pria classe, sem patr\u00f5es, e assuma seu pr\u00f3prio destino. Por isso eles querem nos afastar da \u201cpol\u00edtica\u201d. A CST convida voc\u00ea, trabalhadora e trabalhador, voc\u00ea, estudante grevista, a conhecer e debater nossas propostas. A ser militante de uma organiza\u00e7\u00e3o socialista e revolucion\u00e1ria independente. A defender um governo da classe trabalhadora, sem patr\u00f5es, e um Brasil socialista.<\/p>\n","protected":false},"excerpt":{"rendered":"<p>S\u00e3o Paulo parou no dia 3 de outubro. Metrovi\u00e1rios, ferrovi\u00e1rios e sabespianos conseguiram aglutinar a insatisfa\u00e7\u00e3o social contra as privatiza\u00e7\u00f5es e ataques do governador Tarc\u00edsio. De acordo com trabalhadores e trabalhadoras do Metr\u00f4 e da CPTM que estiveram diretamente nos piquetes e colaboram aqui nesta<\/p>\n","protected":false},"author":1,"featured_media":12163,"comment_status":"open","ping_status":"open","sticky":false,"template":"","format":"standard","meta":{"footnotes":""},"categories":[135],"tags":[],"class_list":["post-12152","post","type-post","status-publish","format-standard","has-post-thumbnail","hentry","category-editorial"],"_links":{"self":[{"href":"https:\/\/www.cstuit.com\/home\/wp-json\/wp\/v2\/posts\/12152","targetHints":{"allow":["GET"]}}],"collection":[{"href":"https:\/\/www.cstuit.com\/home\/wp-json\/wp\/v2\/posts"}],"about":[{"href":"https:\/\/www.cstuit.com\/home\/wp-json\/wp\/v2\/types\/post"}],"author":[{"embeddable":true,"href":"https:\/\/www.cstuit.com\/home\/wp-json\/wp\/v2\/users\/1"}],"replies":[{"embeddable":true,"href":"https:\/\/www.cstuit.com\/home\/wp-json\/wp\/v2\/comments?post=12152"}],"version-history":[{"count":0,"href":"https:\/\/www.cstuit.com\/home\/wp-json\/wp\/v2\/posts\/12152\/revisions"}],"wp:featuredmedia":[{"embeddable":true,"href":"https:\/\/www.cstuit.com\/home\/wp-json\/wp\/v2\/media\/12163"}],"wp:attachment":[{"href":"https:\/\/www.cstuit.com\/home\/wp-json\/wp\/v2\/media?parent=12152"}],"wp:term":[{"taxonomy":"category","embeddable":true,"href":"https:\/\/www.cstuit.com\/home\/wp-json\/wp\/v2\/categories?post=12152"},{"taxonomy":"post_tag","embeddable":true,"href":"https:\/\/www.cstuit.com\/home\/wp-json\/wp\/v2\/tags?post=12152"}],"curies":[{"name":"wp","href":"https:\/\/api.w.org\/{rel}","templated":true}]}}