

	{"id":12198,"date":"2023-10-20T11:32:26","date_gmt":"2023-10-20T14:32:26","guid":{"rendered":"https:\/\/www.cstuit.com\/home\/?p=12198"},"modified":"2023-10-27T13:23:30","modified_gmt":"2023-10-27T16:23:30","slug":"veta-lula","status":"publish","type":"post","link":"https:\/\/www.cstuit.com\/home\/2023\/10\/20\/veta-lula\/","title":{"rendered":"Veta tudo, Lula!"},"content":{"rendered":"<h2>Mobilizar para exigir que o presidente Lula vete integralmente o Marco Temporal<\/h2>\n<p>O presidente Lula tem em suas m\u00e3os uma decis\u00e3o importante: decidir se ir\u00e1 sancionar o Marco Temporal. Trata-se de um projeto que ataca os direitos dos povos ind\u00edgenas \u00e0s suas terras. A tese do Marco Temporal, segundo a qual os povos ind\u00edgenas s\u00f3 teriam direito \u00e0 demarca\u00e7\u00e3o de seus territ\u00f3rios nos casos em que tivessem posse comprovada da \u00e1rea reivindicada antes de 5 de outubro de 1988, data da promulga\u00e7\u00e3o da Constitui\u00e7\u00e3o Federal, consiste em um grande ataque aos povos ind\u00edgenas e ao meio ambiente, o que permitir\u00e1 o avan\u00e7o de mineradoras e garimpos em reservas.<\/p>\n<h2>O que chamamos de Brasil \u00e9 territ\u00f3rio ind\u00edgena<\/h2>\n<p>Nossos ancestrais j\u00e1 habitavam o territ\u00f3rio que hoje se denomina de Brasil muito antes da Constitui\u00e7\u00e3o de 1988, muitos s\u00e9culos antes da velha Rep\u00fablica de 1889 ou do Imp\u00e9rio escravocrata de Dom Pedro de 1822. Os povos ind\u00edgenas j\u00e1 estavam aqui muito antes da invas\u00e3o colonial do imp\u00e9rio portugu\u00eas em 1500. Eles foram exterminados, escravizados num genoc\u00eddio secular. Muitos dos que s\u00e3o homenageados em monumentos ou d\u00e3o nome a pal\u00e1cios, como os sanguin\u00e1rios bandeirantes, s\u00e3o exterminadores de nossos ancestrais. Na recente Ditadura de 64 foram muito atacados e expulsos de seus territ\u00f3rios originais. A verdade \u00e9 que a totalidade das terras de Pindorama, o que se chama de Brasil pela imposi\u00e7\u00e3o dos colonizadores que daqui roubavam a madeira do pau-brasil, \u00e9 territ\u00f3rio ind\u00edgena.<\/p>\n<h2>Revoltas ind\u00edgenas impediram o exterm\u00ednio total<\/h2>\n<p>Os povos indigenas s\u00f3 est\u00e3o de p\u00e9 nos dias de hoje porque resistem todos os dias desde 1500, em in\u00fameras revoltas e a\u00e7\u00f5es revolucion\u00e1rias. Citando apenas dois exemplos, podemos falar dos combativos tupinamb\u00e1s se levantando contra o chamado Forte do Pres\u00e9pio na Ba\u00eda do Guajar\u00e1 ou a Confedera\u00e7\u00e3o dos Cariris na regi\u00e3o nordeste. Resistiram junto com nossos irm\u00e3os negros africanos escravizados, com setores populares, camponeses, ribeirinhos e seringueiros. Ainda hoje seguem aliados da classe trabalhadora, da juventude e outras lutas sociais e democr\u00e1ticas.<\/p>\n<h2>Exigimos o veto integral do presidente Lula ao Marco temporal<\/h2>\n<p>Movimentos sociais, ind\u00edgenas e personalidades exigem o veto total de Lula a esse projeto. Na semana passada, 61 organiza\u00e7\u00f5es entregaram uma carta ao presidente Lula, afirmando que esse projeto se trata da &#8220;maior viola\u00e7\u00e3o aos direitos humanos e \u00e0s terras ind\u00edgenas desde a redemocratiza\u00e7\u00e3o\u201d. Al\u00e9m de ser um retrocesso ambiental, j\u00e1 que os povos ind\u00edgenas s\u00e3o obst\u00e1culos \u00e0 a\u00e7\u00e3o destrutiva das madeireiras, mineradoras e do agroneg\u00f3cio. S\u00e3o agentes ativos contra a destrui\u00e7\u00e3o ambiental capitalista.<\/p>\n<p>No Senado, o projeto foi aprovado no dia 27 de setembro, com 43 votos favor\u00e1veis, incluindo votos favor\u00e1veis da base aliada do governo, como o MDB, Uni\u00e3o Brasil, PSD e o PSB (partido do vice, Geraldo Alckmin). E h\u00e1 ministros do governo ligados ao agroneg\u00f3cio que defendem o Marco Temporal, caso de Carlos F\u00e1varo, da Agricultura.<br \/>\nExigimos do presidente Lula que vete integralmente o projeto e n\u00e3o conceda esse ataque aos inimigos dos povos ind\u00edgenas.<\/p>\n<h2>Organizar manifesta\u00e7\u00f5es pelo veto<\/h2>\n<p>N\u00f3s, da Corrente Socialista de Trabalhadoras e Trabalhadores, nos unimos \u00e0queles que lutam contra esse projeto que abre as portas para o genoc\u00eddio dos povos ind\u00edgenas e exigimos do governo Lula-Alckmin o veto total ao Marco Temporal. A APIB e a Ministra dos Povo Ind\u00edgenas, Sonia Guajajara, realizam uma campanha pelo veto. Al\u00e9m da campanha nas redes sociais, \u00e9 necess\u00e1rio ocupar as ruas em fortes protestos. \u00c9 preciso ir das redes paras as ruas e construir fortes passeatas. Tarefa que tamb\u00e9m exigimos da CUT, CTB, UNE, MST e MTST.<\/p>\n<p>Seguiremos lutando nas ruas contra os ataques aos povos ind\u00edgenas, pelo enfrentamento ao agroneg\u00f3cio e pela demarca\u00e7\u00e3o das terras ind\u00edgenas.<\/p>\n","protected":false},"excerpt":{"rendered":"<p>Mobilizar para exigir que o presidente Lula vete integralmente o Marco Temporal O presidente Lula tem em suas m\u00e3os uma decis\u00e3o importante: decidir se ir\u00e1 sancionar o Marco Temporal. Trata-se de um projeto que ataca os direitos dos povos ind\u00edgenas \u00e0s suas terras. A tese<\/p>\n","protected":false},"author":1,"featured_media":12201,"comment_status":"open","ping_status":"open","sticky":false,"template":"","format":"standard","meta":{"footnotes":""},"categories":[5,1],"tags":[],"class_list":["post-12198","post","type-post","status-publish","format-standard","has-post-thumbnail","hentry","category-nacional","category-sem-categoria"],"_links":{"self":[{"href":"https:\/\/www.cstuit.com\/home\/wp-json\/wp\/v2\/posts\/12198","targetHints":{"allow":["GET"]}}],"collection":[{"href":"https:\/\/www.cstuit.com\/home\/wp-json\/wp\/v2\/posts"}],"about":[{"href":"https:\/\/www.cstuit.com\/home\/wp-json\/wp\/v2\/types\/post"}],"author":[{"embeddable":true,"href":"https:\/\/www.cstuit.com\/home\/wp-json\/wp\/v2\/users\/1"}],"replies":[{"embeddable":true,"href":"https:\/\/www.cstuit.com\/home\/wp-json\/wp\/v2\/comments?post=12198"}],"version-history":[{"count":0,"href":"https:\/\/www.cstuit.com\/home\/wp-json\/wp\/v2\/posts\/12198\/revisions"}],"wp:featuredmedia":[{"embeddable":true,"href":"https:\/\/www.cstuit.com\/home\/wp-json\/wp\/v2\/media\/12201"}],"wp:attachment":[{"href":"https:\/\/www.cstuit.com\/home\/wp-json\/wp\/v2\/media?parent=12198"}],"wp:term":[{"taxonomy":"category","embeddable":true,"href":"https:\/\/www.cstuit.com\/home\/wp-json\/wp\/v2\/categories?post=12198"},{"taxonomy":"post_tag","embeddable":true,"href":"https:\/\/www.cstuit.com\/home\/wp-json\/wp\/v2\/tags?post=12198"}],"curies":[{"name":"wp","href":"https:\/\/api.w.org\/{rel}","templated":true}]}}