

	{"id":12286,"date":"2023-10-21T12:42:49","date_gmt":"2023-10-21T15:42:49","guid":{"rendered":"https:\/\/www.cstuit.com\/home\/?p=12286"},"modified":"2023-10-27T12:47:43","modified_gmt":"2023-10-27T15:47:43","slug":"centenas-de-assinaturas-de-todo-o-mundo-em-apoio-a-frente-de-izquierda-da-argentina","status":"publish","type":"post","link":"https:\/\/www.cstuit.com\/home\/2023\/10\/21\/centenas-de-assinaturas-de-todo-o-mundo-em-apoio-a-frente-de-izquierda-da-argentina\/","title":{"rendered":"Centenas de assinaturas de todo o mundo em apoio \u00e0 Frente de Izquierda da Argentina"},"content":{"rendered":"<p><em>Por Frente de Izquierda y de Trabajadores \u2013 Unidad<\/em><\/p>\n<p>N\u00f3s, que assinamos a declara\u00e7\u00e3o abaixo, manifestamos nosso apoio \u00e0s candidaturas da Frente de Izquierda y de Trabajadores \u2013 Unidad [Frente de Esquerda e dos Trabalhadores \u2013 Unidade] (FITU) nas pr\u00f3ximas elei\u00e7\u00f5es presidenciais de 22 de outubro, na Argentina, lideradas pela chapa Myriam Bregman \u2013 Nicol\u00e1s Del Ca\u00f1o, junto com Vanina Biasi, Cele Fierro, Patricio del Corro e Mercedes Mendieta, na Cidade Aut\u00f4noma de Buenos Aires; Rub\u00e9n Pollo Sobrero, Christian Castillo, N\u00e9stor Pitrola e Andrea Lanzette, na Prov\u00edncia de Buenos Aires; Alejandro Vilca, em Jujuy; Liliana Olivero, em C\u00f3rdoba; Andrea Villegas, em Salta; Miguel del Pl\u00e1, em Santa Cruz; e outros\/as reconhecidos\/as lutadores\/as oper\u00e1rios\/as, populares e da juventude em chapas por todo o pa\u00eds.<\/p>\n<p>Num contexto de agravamento da crise capitalista mundial, de guerras, de ataques \u00e0s condi\u00e7\u00f5es de vida das maiorias sociais e de cat\u00e1strofe clim\u00e1tica, \u00e9 necess\u00e1rio fortalecer uma solu\u00e7\u00e3o de esquerda, anticapitalista e socialista, que lute por um governo da classe trabalhadora.<\/p>\n<p>As elei\u00e7\u00f5es est\u00e3o ocorrendo no cen\u00e1rio de uma Argentina que se aproxima de um novo colapso econ\u00f4mico, pol\u00edtico e social. E no quadro da aplica\u00e7\u00e3o de um ajuste levado a cabo pelo governo peronista da Frente de Todos\/ Uni\u00f3n por la Patria [Frente de Todos\/ Uni\u00e3o pela P\u00e1tria], que est\u00e1 jogando o peso da crise nas costas da classe trabalhadora e dos setores populares mais pobres. Estamos diante de um regime pol\u00edtico sujeito aos ditames do FMI, do imperialismo, das multinacionais e da burguesia argentina. As recentes elei\u00e7\u00f5es prim\u00e1rias (PASO) revelaram o enorme mal-estar social e pol\u00edtico de milh\u00f5es de pessoas com os partidos capitalistas tradicionais, que comandaram o Estado nacional nas \u00faltimas d\u00e9cadas e pioraram as condi\u00e7\u00f5es de vida das grandes maiorias populares.<\/p>\n<p>Nas PASO, venceu uma figura emergente, alheia aos partidos tradicionais, o ultra-direitista Javier Milei. Milei prop\u00f5e a dolariza\u00e7\u00e3o da economia; uma reforma trabalhista profunda, eliminando os direitos dos trabalhadores; e um programa de privatiza\u00e7\u00f5es. Em outras palavras, um plano de ataque \u00e0 classe trabalhadora, para intensificar significativamente a explora\u00e7\u00e3o capitalista na Argentina. Sua candidata a vice-presidente e os outros relevantes candidatos de sua chapa s\u00e3o negacionistas da ditadura. Al\u00e9m disso, bravejam que entregar\u00e3o definitivamente as Malvinas, privatizar\u00e3o os rios e derrubar\u00e3o os direitos conquistados pelo movimento de mulheres e pelos dissidentes. Portanto, a Frente de Izquierda se prop\u00f5e a lutar ativamente e de forma unit\u00e1ria contra tal express\u00e3o da extrema-direita.<\/p>\n<p>A ascens\u00e3o de Milei ocorreu num contexto de agita\u00e7\u00e3o e raiva com o governo e os pol\u00edticos patronais tradicionais. E tamb\u00e9m de um clima pol\u00edtico e ideol\u00f3gico conservador, gerado pela press\u00e3o do grande capital e das grandes coaliz\u00f5es pol\u00edticas capitalistas, que se encontram em profunda crise. Isso \u00e9 evidenciado pelos resultados da direitista Patricia Bullrich, representante de Juntos por el Cambio [Juntos pela Mudan\u00e7a], e de Sergio Massa, ministro da Economia do atual governo de Alberto Fern\u00e1ndez, respons\u00e1vel pelos ajustes dos \u00faltimos anos, que continuam at\u00e9 hoje. Apenas um dia depois das PASO, numa situa\u00e7\u00e3o social grav\u00edssima, Massa aplicou um novo ajuste, que encareceu os alimentos e outros produtos essenciais, desvalorizando a moeda em 22% a pedido do FMI. E agora, pressionado pelas suas pr\u00f3prias necessidades eleitorais, anunciou tardiamente algumas medidas para beneficiar setores da classe trabalhadora, que s\u00e3o completamente insuficientes.<\/p>\n<p>Nesse dif\u00edcil cen\u00e1rio, a Frente de Izquierda Unidad &#8211; uma coliga\u00e7\u00e3o da esquerda classista e socialista composta pelo Partido de Trabajadores Socialistas [Partido dos Trabalhadores Socialistas] (PTS), pelo Partido Obrero [Partido Oper\u00e1rio] (PO), pela Izquierda Socialista [Esquerda Socialista] (IS) e pelo Movimiento Socialista de los Trabajadores [Movimento Socialista dos Trabalhadores] (MST) &#8211; mostrou-se mais uma vez como a \u00fanica alternativa de independ\u00eancia de classe, ligada aos trabalhadores, \u00e0s mulheres e aos jovens, disposta a enfrentar os partidos do ajuste e a lutar contra o crescimento da direita. \u00c9 a \u00fanica for\u00e7a pol\u00edtica que se op\u00f5e, de fato, a todos os governos que aplicam ajustes e que estar\u00e1 novamente na primeira fila das ruas contra Milei e qualquer um que tente cercear os direitos da popula\u00e7\u00e3o.<\/p>\n<p>Das cinco candidaturas que disputar\u00e3o as elei\u00e7\u00f5es oficiais de outubro, a da FITU &#8211; com a chapa presidencial liderada por Myriam Bregman, todas as demais candidaturas e a sua milit\u00e2ncia &#8211; \u00e9 a \u00fanica que prop\u00f5e romper com o FMI e n\u00e3o pagar a d\u00edvida, apelando aos trabalhadores, \u00e0 juventude e a todos os setores explorados e oprimidos para que lutem por um programa oper\u00e1rio e popular de defesa dos sal\u00e1rios, das aposentadorias e do seguro-desemprego; pela gest\u00e3o das horas de trabalho sem diminui\u00e7\u00e3o de sal\u00e1rios; e pela redu\u00e7\u00e3o da jornada de trabalho para seis horas, sem afetar o sal\u00e1rio ou os acordos coletivos, para gerar trabalho genu\u00edno; contra a especula\u00e7\u00e3o imobili\u00e1ria; pela nacionaliza\u00e7\u00e3o dos bancos e do com\u00e9rcio exterior; pela expropria\u00e7\u00e3o, sob o controle dos trabalhadores, das grandes empresas, que especulam com os pre\u00e7os e a fome do povo; em defesa dos direitos das mulheres e da popula\u00e7\u00e3o LGBTQI+; contra o extrativismo, que saqueia, destr\u00f3i e polui; em defesa do meio ambiente e dos direitos dos povos origin\u00e1rios. Isso requer a unidade do conjunto dos explorados &#8211; que os patr\u00f5es e os dirigentes sindicais burocr\u00e1ticos dividem entre efetivos, contratados, prec\u00e1rios e desempregados -, dando apoio a todas as lutas oper\u00e1rias, piqueteiras, populares e juvenis. Com esse programa, a FITU apela aos trabalhadores para enfrentarem tanto o ajuste do governo quanto as medidas propostas pela oposi\u00e7\u00e3o de direita nas ruas, seguindo o caminho aberto pela recente luta do povo de Jujuy contra uma reforma constitucional antidemocr\u00e1tica e patronal e pelas grandes lutas do movimento piqueteiro independente e dos sindicatos combativos. Com tal posi\u00e7\u00e3o, a FITU esteve na vanguarda do confronto, dentro e fora da Legislatura de Buenos Aires, com os organizadores de um ato negacionista e pr\u00f3-ditadura.<\/p>\n<p>Como foi demonstrado na Argentina e em outros pa\u00edses ao redor do mundo, as pol\u00edticas da centro-esquerda ou do \u201cprogressismo\u201d, que governam para os capitalistas, amorda\u00e7am, com a colabora\u00e7\u00e3o da burocracia sindical, as organiza\u00e7\u00f5es da classe trabalhadora e aplicam ajustes, sem resolver os problemas sofridos pelos\/as trabalhadores\/as e pelos setores populares. Elas t\u00eam aberto caminho para a direita e a extrema direita. Por outro lado, as rebeli\u00f5es populares na Am\u00e9rica Latina mostram o norte para enfrentar tal ofensiva e preparar o terreno para a luta por um governo dos\/as trabalhadores\/as e pelo socialismo.<\/p>\n<p>Se h\u00e1 uma conclus\u00e3o fundamental do \u00faltimo ciclo pol\u00edtico, \u00e9 que a extrema direita \u2013 Milei na Argentina; Bolsonaro, no Brasil; Trump, nos EUA; Vox, no Estado espanhol; Le Pen e Zemmour, na Fran\u00e7a \u2013 n\u00e3o pode ser combatida com a aplica\u00e7\u00e3o de medidas de ajuste contra quem tem menos e com pol\u00edticas de direita. Perante a crise da direita tradicional e o fracasso das variantes de centro-esquerda, que s\u00e3o a face \u201cprogressista\u201d dos ataques capitalistas contra os trabalhadores, \u00e9 necess\u00e1rio defender uma pol\u00edtica de independ\u00eancia de classe: convocar a classe trabalhadora e o povo a intervir pelas suas reivindica\u00e7\u00f5es urgentes, por um governo dos\/as trabalhadores\/as e pelo socialismo, apoiando as lutas em curso e superando a paralisia imposta pela burocracia sindical.<\/p>\n<p>Diante desse cen\u00e1rio, nas pr\u00f3ximas elei\u00e7\u00f5es nacionais a FITU \u00e9 a \u00fanica for\u00e7a que defende um programa de luta e de independ\u00eancia de classe, que d\u00e1 express\u00e3o pol\u00edtica pela esquerda \u00e0 f\u00faria social de amplos setores da classe trabalhadora, das mulheres e da juventude; e que tamb\u00e9m luta para eleger novos parlamentares de esquerda, que estar\u00e3o a servi\u00e7o da luta contra o avan\u00e7o da direita e contra todo ajuste. A FITU expressa objetivamente uma perspectiva combativa, para que a classe trabalhadora apresente o seu pr\u00f3prio programa face \u00e0 crise social em curso e uma solu\u00e7\u00e3o socialista de fundo para reorganizar o conjunto da economia de uma forma democr\u00e1tica e racional, tendo por base as necessidades populares e n\u00e3o o lucro dos capitalistas.<\/p>\n<p>Por tudo isso, n\u00f3s \u2013 ativistas, personalidades, intelectuais, dirigentes e figuras p\u00fablicas de partidos oper\u00e1rios, anti-imperialistas e\/ou de esquerda; do movimento oper\u00e1rio, do campesinato, da juventude, do movimento de mulheres, do movimento LGBTQI+, do movimento ambientalista; ativistas e organiza\u00e7\u00f5es que enfrentam a opress\u00e3o capitalista \u2013 defendemos as candidaturas da Frente de Izquierda y de los Trabajadores \u2013 Unidad (FIT-U) nas pr\u00f3ximas elei\u00e7\u00f5es presidenciais de 22 de outubro na Argentina e convidamos mais setores a se somarem a esse apoio.<\/p>\n<h3><strong>ASSINATURAS<\/strong>:<\/h3>\n<h4><strong>ALEMANHA<\/strong><\/h4>\n<ul>\n<li>A\u00e7\u00e3o contra a injusti\u00e7a patronal de Berlim (BAGA)<\/li>\n<li>Organiza\u00e7\u00e3o Revolucion\u00e1ria Internacionalista (RIO, FT-QI)<\/li>\n<\/ul>\n<hr \/>\n<ul>\n<li>In\u00e9s Heider, assistente social, demitida por lutar, sindicalista, juventude do sindicato educacional GEW Berlim, filiada ao RIO;<\/li>\n<li>Tabea Winter, l\u00edder do grupo universit\u00e1rio marxista Armas de Cr\u00edtica, membro do parlamento estudantil da Freie Universit\u00e4t de Berlim, membro do RIO;<\/li>\n<li>Kilian Gremminger, l\u00edder do grupo universit\u00e1rio marxista Armas de Cr\u00edtica, membro do conselho estudantil de sociologia da Ludwig-Maximilians-Universit\u00e4t de Munique, membro do RIO;<\/li>\n<li>Leonie Lieb, enfermeira obst\u00e9trica da Cl\u00ednica Neuperlach de Munique, representante sindical na ver.di, membro do RIO;<\/li>\n<li>Yunus Aktas, enfermeiro estagi\u00e1rio, delegado da equipe do Movimento Hospitalar de Berlim, membro do RIO.<\/li>\n<\/ul>\n<h4><strong>AUSTR\u00c1LIA<\/strong><\/h4>\n<ul>\n<li>Alternativa Socialista (SA).<\/li>\n<\/ul>\n<hr \/>\n<ul>\n<li>Mick Armstron, dirigente nacional do SA.<\/li>\n<\/ul>\n<h4><strong>B\u00c9LGICA<\/strong><\/h4>\n<ul>\n<li>\u00c9ric Toussaint, cientista pol\u00edtico e economista.<\/li>\n<\/ul>\n<h4><strong>BIELORR\u00daSSIA<\/strong><\/h4>\n<p>Ativistas e l\u00edderes sindicais da Bielorr\u00fassia exilados na Alemanha<\/p>\n<ul>\n<li>Rom\u00e1n Yerashenia;<\/li>\n<li>Liza Merlyak;<\/li>\n<li>Maxim Poznyakov.<\/li>\n<\/ul>\n<h4><strong>BOL\u00cdVIA<\/strong><\/h4>\n<ul>\n<li>ARPT \u2013 Se\u00e7\u00e3o da UIT-QI<\/li>\n<li>Combate Vermelho, Juventude LOR-QI<\/li>\n<li>Liga Oper\u00e1ria Revolucion\u00e1ria pela Quarta Internacional (LOR-QI, FT-QI)<\/li>\n<li>P\u00e3o e Rosas da Bol\u00edvia<\/li>\n<\/ul>\n<hr \/>\n<p>Saul Azcarraga, ex-Secret\u00e1rio Executivo da Federa\u00e7\u00e3o Departamental dos Trabalhadores da Educa\u00e7\u00e3o Urbana de Santa Cruz;<\/p>\n<ul>\n<li>Elio Aduviri, ex-l\u00edder dos trabalhadores aeroportu\u00e1rios;<\/li>\n<li>Violeta Tamayo, dirigente da LOR-QI e de P\u00e3o e Rosas da Bol\u00edvia;<\/li>\n<li>Javo Ferreira, dirigente da LOR-QI e membro do Conselho Editorial do La Izquierda Diario Bolivia;<\/li>\n<li>Humberto Balderrama, membro da Direc\u00e7\u00e3o Nacional do Partido dos Trabalhadores;<\/li>\n<li>Nathanael James, soci\u00f3logo, ex-executivo do CESB (Confedera\u00e7\u00e3o dos Estudantes do Ensino M\u00e9dio da Bol\u00edvia);<\/li>\n<li>Eliseo Mamani, ex-executivo da Federa\u00e7\u00e3o de Professores Rurais de La Paz;<\/li>\n<li>Jesus Bernardo Choque, oper\u00e1rio, membro do Conselho da Federa\u00e7\u00e3o de F\u00e1bricas de Cochabamba;<\/li>\n<li>Amado Walter Quispe, motorista de sa\u00fade p\u00fablica, ex-dirigente da Federa\u00e7\u00e3o Sindical de Trabalhadores de Sa\u00fade P\u00fablica de Chuquisaca;<\/li>\n<li>Vladimir Mendoza Manj\u00f3n, Ex-Executivo do Magist\u00e9rio Urbano de Cochabamba;<\/li>\n<li>Rub\u00e9n Herrera, dirigente do conselho de bairro do Distrito 3 da cidade de El Alto;<\/li>\n<li>Freddy Choque Tancara, delegado do Magist\u00e9rio Rural do Departamento de La Paz, Bol\u00edvia;<\/li>\n<li>Juan Jos\u00e9 Mancilla, aposentado da Caja Petrolera, conselheiro da Confedera\u00e7\u00e3o Nacional de Aposentados;<\/li>\n<li>Lucy Chipunavi Cort\u00e9s, oper\u00e1ria, ex-dirigente da Federa\u00e7\u00e3o Sindical de F\u00e1bricas de Riberalta;<\/li>\n<li>Alain Rivera, Escrit\u00f3rio Jur\u00eddico dos Trabalhadores de Cochabamba;<\/li>\n<li>Gast\u00f3n Gonz\u00e1lez, dirigente da Organiza\u00e7\u00e3o de Inquilinos Bermejo Tarija;<\/li>\n<li>Luis Felipe Limarino Montalvan, escritor;<\/li>\n<li>Silvia Requena, professora em\u00e9rita da Faculdade de Letras. Universidad Mayor de San Andr\u00e9s (UMSA) de La Paz, Bol\u00edvia;<\/li>\n<li>Gabriela Ruesgas, professora da Universidade Mayor de San Andr\u00e9s, La Paz, Bol\u00edvia;<\/li>\n<li>C\u00e9sar Antezana\/Fl\u00e1via Lima, Escritur\u00e1rio de La Paz- Bol\u00edvia. Pr\u00eamio Nacional de Poesia 2017. Ativista cultural e integrante do Coletivo Almatroste;<\/li>\n<li>Silvia Fern\u00e1ndez, feminista independente, membro da Articula\u00e7\u00e3o de Mulheres Pluridiversas e Feministas;<\/li>\n<li>Jorge De La Rocha, professor universit\u00e1rio, professor urbano, ex-dirigente da Confedera\u00e7\u00e3o dos Trabalhadores da Educa\u00e7\u00e3o Urbana;<\/li>\n<li>Janneth Alfaro, ativista ambiental, Reserva Nacional de Flora e Fauna Tariqu\u00eda;<\/li>\n<li>Rosa Pi\u00f1a, ex-Federa\u00e7\u00e3o Executiva de Mulheres Camponesas de Pando Bartolina Sisa;<\/li>\n<li>Soledad Fern\u00e1ndez, professora da Universidade Mayor de San Andr\u00e9s, La Paz;<\/li>\n<li>Juan Inti Colque Lea, ativista do plano 3000 Santa Cruz-Bol\u00edvia;<\/li>\n<\/ul>\n<h4><strong>BRASIL<\/strong><\/h4>\n<ul>\n<li>Agrupa\u00e7\u00e3o Tribuna Classista<\/li>\n<li>Corrente Socialista de Trabalhadoras e Trabalhadores (CST), se\u00e7\u00e3o da UIT-QI<\/li>\n<li>Iniciativa Socialista<\/li>\n<li>Movimento Esquerda Socialista \u2013 MES<\/li>\n<li>Movimento Revolucion\u00e1rio dos Trabalhadores (MRT) &#8211; FT-QI<\/li>\n<li>Pol\u00edtica Revolucion\u00e1ria<\/li>\n<li>Revolu\u00e7\u00e3o Socialista \u2013 LIS<\/li>\n<\/ul>\n<hr \/>\n<ul>\n<li>Adri\u00e1n Pablo Fanjul, docente universit\u00e1rio da USP;<\/li>\n<li>Adriana Romeiro, docente universit\u00e1ria da UFMG;<\/li>\n<li>Adriane Vidal Costa, docente universit\u00e1ria da UFMG;<\/li>\n<li>Adriano Diaz, dirigente dos Correios RJ e da CSP-Conlutas;<\/li>\n<li>Adriano Favarin, diretor do SINTUSP;<\/li>\n<li>Alberto Marins, coordenador SEPE, Maric\u00e1;<\/li>\n<li>Alcir Lima, coordena\u00e7\u00e3o do SINTEPP Bel\u00e9m;<\/li>\n<li>Alessandra Primo, coordena\u00e7\u00e3o SINTUFF;<\/li>\n<li>Alessandro Fernandes, professor, Revolu\u00e7\u00e3o Socialista, LIS;<\/li>\n<li>Alex Adriano Alcazar Fernandes, Metrovi\u00e1rio, Diretor do Sindicato de Metrovi\u00e1rios e Metrovi\u00e1rias de SP e Unidos pra Lutar, Revolu\u00e7\u00e3o Socialista, LIS;<\/li>\n<li>Alex Fernandes, Secretaria Executiva Nacional da CSP-Conlutas e da dire\u00e7\u00e3o do Sindicato dos Metrovi\u00e1rios e Metrovi\u00e1rias de S\u00e3o Paulo;<\/li>\n<li>Ana Clara Vaz Martins, coordenadora da gest\u00e3o proporcional do Centro Acad\u00eamico de Ci\u00eancias Humanas da UNICAMP, minoria;<\/li>\n<li>Ana Elisa Spaolonzi Queiroz Assis, docente universit\u00e1ria da UNICAMP;<\/li>\n<li>Ana Vit\u00f3ria Cavalcante, coordenadora da gest\u00e3o proporcional do Centro Acad\u00eamico de Ci\u00eancias Humanas da UNICAMP, minoria;<\/li>\n<li>Anderson Zalewski Vargas, docente universit\u00e1rio da UFRGS;<\/li>\n<li>Andr\u00e9 Barbieri, doutor em Ci\u00eancias Sociais pela UFRN;<\/li>\n<li>Andr\u00e9 Luiz Tavares, coordena\u00e7\u00e3o do SINTEPP Bel\u00e9m;<\/li>\n<li>Andr\u00e9 Marques Amarante, PSOL \u2013 Bras\u00edlia;<\/li>\n<li>Andr\u00e9a Matos, Regional Norte II \u2013 ANDES;<\/li>\n<li>Andr\u00e9ia Ferreira da Silva, docente universit\u00e1ria da UFCG;<\/li>\n<li>\u00c2ngelo Balbino Soares Pereira, oposi\u00e7\u00e3o SINPRO-DF, Revolu\u00e7\u00e3o Socialista, LIS;<\/li>\n<li>Anne Elise Prates, coordenadora da gest\u00e3o proporcional do Centro Acad\u00eamico de Ci\u00eancias Humanas da UNICAMP, minoria;<\/li>\n<li>Antonio Alcir Bern\u00e1rdez Pecora, docente universit\u00e1rio da UNICAMP;<\/li>\n<li>Ant\u00f4nio Glaucio de Sousa Gomes, docente universit\u00e1rio da UFCG;<\/li>\n<li>Ant\u00f4nio Lisboa Leit\u00e3o de Souza, docente universit\u00e1rio da UFCG;<\/li>\n<li>Aquilas Mendes, docente universit\u00e1rio da USP e PUC-SP;<\/li>\n<li>Babi Dellatorre, diretor do SINTUSP;<\/li>\n<li>B\u00e1rbara Sinedino, coordenadora do SEPE, RJ;<\/li>\n<li>Beatriz Boldrini, coordenadora da gest\u00e3o proporcional do Centro Acad\u00eamico de Ci\u00eancias Humanas da UNICAMP, minoria;<\/li>\n<li>Bernadeth Mamede, conselho pol\u00edtico do Mandato Coletivo PSOL\/Bel\u00e9m, presidente da Associa\u00e7\u00e3o dos Moradores Jardim Bela Vista &#8211; Tapan\u00e3;<\/li>\n<li>Bernarda Thailana, coordena\u00e7\u00e3o SINTUFF;<\/li>\n<li>Brenda Brossi, coordenadora da gest\u00e3o proporcional do Centro Acad\u00eamico de Ci\u00eancias Humanas da UNICAMP, minoria;<\/li>\n<li>Bruno C\u00e9sar Deschamps Meirinho, advogado, Revolu\u00e7\u00e3o Socialista, LIS;<\/li>\n<li>Bruno da Rosa, dirigente dos garis do Rio de Janeiro;<\/li>\n<li>Bruno Magalh\u00e3es, coordenador nacional da Rede Emancipa;<\/li>\n<li>Caio Dorsa, diretor do Sindicato dos Metrovi\u00e1rios e Metrovi\u00e1rias de S\u00e3o Paulo;<\/li>\n<li>Camila Souza, movimento Juntos!;<\/li>\n<li>Camila Valad\u00e3o, deputada estadual &#8211; PSOL ES;<\/li>\n<li>Carla Corado, conselho pol\u00edtico do Mandato Coletivo PSOL\/Bel\u00e9m, F\u00f3rum de Servidores Municipais de Bel\u00e9m;<\/li>\n<li>Carlos Alberto, professor, coordenador de finan\u00e7as do SINTEPP Bel\u00e9m;<\/li>\n<li>Carlos Eduardo, coordena\u00e7\u00e3o do SINTEPP Bel\u00e9m;<\/li>\n<li>Carlos Roberto de Souza, diretor do Sindicato dos Qu\u00edmicos SJCampos e Regi\u00e3o, Jacare\u00ed (SP);<\/li>\n<li>Carolina Cacau, docente da educa\u00e7\u00e3o p\u00fablica do Rio de Janeiro (Brasil)<\/li>\n<li>Cassandra Varela, conselho pol\u00edtico do Mandato Coletivo PSOL\/Bel\u00e9m, membro da Frente Evang\u00e9lica pelo Estado Democr\u00e1tico de Direito;<\/li>\n<li>Cibele, conselho pol\u00edtico do Mandato Coletivo PSOL\/Bel\u00e9m, servidora municipal da FUNBOSQUE;<\/li>\n<li>Claudia Gonz\u00e1lez, dirigenta da CST;<\/li>\n<li>Cl\u00e1udia M Costa Gomes, docente universit\u00e1ria da UFPB;<\/li>\n<li>Claudia Mazzei Nogueira, docente universit\u00e1ria da UNIFESP;<\/li>\n<li>Claudionor Brand\u00e3o, diretor demitido pol\u00edtico do SINTUSP;<\/li>\n<li>Cl\u00e9cia Maria Vieira, coordenadora da regional V SEPE, Rio de Janeiro;<\/li>\n<li>Cristiane Vila\u00e7a, coordena\u00e7\u00e3o do SINTEPP Bel\u00e9m;<\/li>\n<li>Cristiano Idalgo Leite Yutha, dire\u00e7\u00e3o do Sindicato dos Qu\u00edmicos SJCampos e Regi\u00e3o, Jacare\u00ed (SP);<\/li>\n<li>Daniela Possebon, diretora do Sindicato dos Metrovi\u00e1rios e Metrovi\u00e1rias de S\u00e3o Paulo;<\/li>\n<li>Daniela, Coletivo Feminista Marielle Vive;<\/li>\n<li>Danielle Jardini, conselheiro estadual da APEOESP \u2013 subsede de Campinas;<\/li>\n<li>Danilo Bianchi, conselheiro regional da APEOESP;<\/li>\n<li>Danilo Magr\u00e3o, Esquerda Di\u00e1rio e Edi\u00e7\u00f5es Iskra;<\/li>\n<li>Danilo Serafim, SEPE RJ \/ TLS \u2013 Tend\u00eancia Sindical;<\/li>\n<li>Davi Paulo Junior, dire\u00e7\u00e3o do Sindicato dos Qu\u00edmicos SJCampos e Regi\u00e3o, executiva estadual da CSP-Conlutas (SP);<\/li>\n<li>Demetrius Marcelino, oposi\u00e7\u00e3o Sindicato dos Servidores Municipais de Aparecida;<\/li>\n<li>Denise Cristina Ferreira, docente universit\u00e1ria da UFCG;<\/li>\n<li>Denize, conselho pol\u00edtico do Mandato Coletivo PSOL\/Bel\u00e9m, servidora municipal da SESMA;<\/li>\n<li>Diana Assun\u00e7\u00e3o, Movimento Revolucion\u00e1rio de Trabalhadores (Brasil);<\/li>\n<li>Diane Moraes, conselho pol\u00edtico do Mandato Coletivo PSOL\/Bel\u00e9m;<\/li>\n<li>Diego Vitello, membro do Sindicato dos Metrovi\u00e1rios e Metrovi\u00e1rias de S\u00e3o Paulo;<\/li>\n<li>Diolinda Souza, Frente Nacional de Lutas;<\/li>\n<li>Douglas Diniz, dire\u00e7\u00e3o nacional do PSOL \u2013 LIS;<\/li>\n<li>Dulcideia Palheta, professora, Associa\u00e7\u00e3o Cultural IA\u00c7A;<\/li>\n<li>Edilson Vinagre, coordena\u00e7\u00e3o do SINTEPP Bel\u00e9m;<\/li>\n<li>Edison Urbano, pesquisador de doutorado em Economia Pol\u00edtica Mundial na UFABC;<\/li>\n<li>Edivaldo Silva, co-vereador do Mandato Coletivo PSOL\/Bel\u00e9m, Associa\u00e7\u00e3o de Trabalhadores em Cemit\u00e9rio de Bel\u00e9m;<\/li>\n<li>Eduardo Mariani, coordenador SEPE Central, Rio de Janeiro;<\/li>\n<li>Eduardo Rodrigues, diret\u00f3rio do PSOL Ananindeua (PA);<\/li>\n<li>Edvaldo de Paula, coordena\u00e7\u00e3o nacional da CST;<\/li>\n<li>Elaine Andrade, coordenadora regional IX SEPE, Rio de Janeiro;<\/li>\n<li>Etevaldo Teixeira, TLS \u2013 Tend\u00eancia Sindical;<\/li>\n<li>Fabiane Tejada da Silveira, docente universit\u00e1ria da UFPEL;<\/li>\n<li>Fabio Felix, deputado distrital \u2013 PSOL DF;<\/li>\n<li>F\u00e1bio Marinho, Iniciativa Socialista;<\/li>\n<li>Felipe Mariante Guarnier, diretor do Sindicato dos Metrovi\u00e1rios e Metrovi\u00e1rias de S\u00e3o Paulo;<\/li>\n<li>Felipe Melo, coordenador de imprensa do Sindtifes e Diretor da FASUBRA;<\/li>\n<li>Fernanda Melchionna, deputada federal \u2013 PSOL RS;<\/li>\n<li>Fernanda Peluci, diretora do Sindicato dos Metrovi\u00e1rios e Metrovi\u00e1rias de S\u00e3o Paulo;<\/li>\n<li>Fernando Cotanda, docente universit\u00e1rio da UFRGS;<\/li>\n<li>Fl\u00e1via Telles, conselheira estadual da APEOESP \u2013 subsede Campinas;<\/li>\n<li>Flavia Valle, professora em Minas Gerais e mestre em Educa\u00e7\u00e3o pela UFMG;<\/li>\n<li>Frederico Henrique, TLS \u2013 Tend\u00eancia Sindical;<\/li>\n<li>Gabriel Brisighello, coordenador da gest\u00e3o proporcional do Centro Acad\u00eamico de Ci\u00eancias Humanas da UNICAMP, minoria;<\/li>\n<li>Gabriel Elias Ambrosi dos Santos, Revolu\u00e7\u00e3o Socialista, LIS \u2013 Curitiba,<\/li>\n<li>Gerson lima, coordenador geral SINTSEP\u2013PA;<\/li>\n<li>Gleice Oliveira, historiadora e professora aposentada, Manaus;<\/li>\n<li>Gonzalo Adri\u00e1n Rojas, docente universit\u00e1rio da UFCG;<\/li>\n<li>Guilherme Bueno, Coordena\u00e7\u00e3o Nacional da Juventude Vamos \u00e0 Luta;<\/li>\n<li>Guilherme do Val Toledo Prado, docente universit\u00e1rio da UNICAMP;<\/li>\n<li>Halley Mendes Cunha, PSOL \u2013 Porteirinha(MG);<\/li>\n<li>H\u00e9lio \u00c1zara de Oliveira, docente universit\u00e1rio da UFCG;<\/li>\n<li>Henrique Soares Carneiro, docente universit\u00e1rio da USP;<\/li>\n<li>Hevilla Wanderley Fernandes, docente universit\u00e1ria da UFCG;<\/li>\n<li>Hormindo Pereira de Souza Junior, docente universit\u00e1rio da UFMG;<\/li>\n<li>Hugo Feitosa Gon\u00e7alves, docente universit\u00e1rio da URCA;<\/li>\n<li>Ilza dos Rem\u00e9dios, coordena\u00e7\u00e3o do SINTEPP Bel\u00e9m;<\/li>\n<li>Isabela Aysha, Revolu\u00e7\u00e3o Socialista, LIS \u2013 Bras\u00edlia;<\/li>\n<li>Israel Dutra, Secret\u00e1rio Geral do PSOL;<\/li>\n<li>Iuri Tonelo, soci\u00f3logo, docente suplente da UFPE;<\/li>\n<li>Jacilene do Socorro, coordenadora geral da subsede do SINTEPP de Bai\u00e3o (PA);<\/li>\n<li>Jacqueline Pinto, coordenadora SEPE, Maric\u00e1;<\/li>\n<li>Janaina Freire dos Santos, docente universit\u00e1ria da IAUPE;<\/li>\n<li>Jean Henrique Da Cruz Silva, Liberdade, Socialismo e Revolu\u00e7\u00e3o, ASI \u2013 Curitiba;<\/li>\n<li>Jeane Carla, coordena\u00e7\u00e3o nacional da Juventude Vamos \u00e0 Luta;<\/li>\n<li>Jo\u00e3o Batista Ara\u00fajo \u201cBab\u00e1\u201d, ex-vereador no Rio de Janeiro (RJ) Corrente Socialista de Trabalhadoras e\u00a0 Trabalhadores (CST), se\u00e7\u00e3o da UIT-QI;<\/li>\n<li>Jo\u00e3o Pedro Ambrosi dos Santos, Revolu\u00e7\u00e3o Socialista, LIS \u2013 Curitiba;<\/li>\n<li>Jo\u00e3o Pedro de Paula, diretor da UNE \u2013 Uni\u00e3o Nacional dos Estudantes;<\/li>\n<li>Jo\u00e3o Santiago, coordenador geral do SINTSEP-PA;<\/li>\n<li>Joice Siqueira, coordenadora nacional da CST;<\/li>\n<li>Jorge Lu\u00eds da Silva Grespan, docente universit\u00e1rio da USP;<\/li>\n<li>Jos\u00e9 Irelanio Leite de Ataide, docente universit\u00e1rio da UFCG ;<\/li>\n<li>Josemar Carvalho, deputado estadual \u2013 PSOL RJ;<\/li>\n<li>Juliana Begiato, coordenadora da gest\u00e3o proporcional do Centro Acad\u00eamico de Ci\u00eancias Humanas da UNICAMP, minoria;<\/li>\n<li>Juliana de Freitas Nascimento, professora, Unidos pra Lutar, Revolu\u00e7\u00e3o Socialista, LIS;<\/li>\n<li>Juliana de Freitas, professora, oposi\u00e7\u00e3o SINPRO-DF;<\/li>\n<li>Julio Cezar de Andrade ,co-vereador de S\u00e3o Paulo pelo PSOL;<\/li>\n<li>Karina Lopes, co-vereadora do Mandato Coletivo PSOL\/Bel\u00e9m;<\/li>\n<li>Katia Rosangela Tavares, coordenadora de finan\u00e7as do SINDTIFES;<\/li>\n<li>Lais Sather, coordena\u00e7\u00e3o nacional da Juventude Vamos \u00e0 Luta;<\/li>\n<li>Larissa Regina Ribeiro, diretora do Sindicato dos Metrovi\u00e1rios e Metrovi\u00e1rias de S\u00e3o Paulo;<\/li>\n<li>Leandro Recife, Secretaria Nacional de Forma\u00e7\u00e3o do PSOL;<\/li>\n<li>Leonardo Auim de Souza Chaves, diretor do Sindicato dos Petroleiros de MG, Emancipa\u00e7\u00e3o Socialista;<\/li>\n<li>Let\u00edcia Parks, Docente e do Quilombo Vermelho;<\/li>\n<li>Lincoln Secco, docente universit\u00e1rio da USP;<\/li>\n<li>Lisandro Bessa Cordeiro , coordenador regional IX SEPE, Rio de Janeiro;<\/li>\n<li>L\u00edvia Tonelli, conselheiro estadual da APEOESP subsede de Campinas;<\/li>\n<li>Lorena Fernandes, Conselheira Regional da APEOESP;<\/li>\n<li>Luana Alves, vereadora \u2013 PSOL S\u00e3o Paulo;<\/li>\n<li>Lucas Barbosa, professor, coordena\u00e7\u00e3o SINASEFE-DF;<\/li>\n<li>Lucas Barbosa, professor, Revolu\u00e7\u00e3o Socialista \u2013 PSOL, LIS<\/li>\n<li>Lucia Farias da Rosa, professor, coordena\u00e7\u00e3o do SINTEPP Bel\u00e9m;<\/li>\n<li>Luciana Genro, deputada estadual \u2013 PSOL RS;<\/li>\n<li>Luciano Mendon\u00e7a de Lima, docente universit\u00e1rio da UFCG;<\/li>\n<li>Luiz Henrique Schuc, ex-presidente da ANDES-SN), docente universit\u00e1rio da UFPEL;<\/li>\n<li>Luiz Ratis, conselho pol\u00edtico do Mandato Coletivo PSOL\/Bel\u00e9m;<\/li>\n<li>Madalena Gon\u00e7alves, coordena\u00e7\u00e3o do SINTEPP Bel\u00e9m;<\/li>\n<li>Ma\u00edra Machado, coordenadora da subsede Santo Andr\u00e9 da APEOESP;<\/li>\n<li>Marcella Campos, diretora estadual da APEOESP, Secretariado Executivo Nacional da CSP-Conlutas;<\/li>\n<li>Marcello Ferreira dos Santos &#8220;Pablito&#8221;, diretor do SINTUSP;<\/li>\n<li>Marcelo Diniz, professor, Coordena\u00e7\u00e3o Estadual do SINTEPP Par\u00e1;<\/li>\n<li>Marcely Carneiro, coordena\u00e7\u00e3o do SINTEPP Bel\u00e9m;<\/li>\n<li>Marco Ant\u00f4nio Farias Scarassatti, docente universit\u00e1rio da UFMG;<\/li>\n<li>Maria Beatriz Costa Abramides, docente universit\u00e1ria da PUC-SP;<\/li>\n<li>Maria Helena Cariaga, docente universit\u00e1ria da UFT;<\/li>\n<li>Mariana Nolte, executiva SEPE Central, Rio de Janeiro;<\/li>\n<li>Mariana Riscali, Tesoureira Nacional do PSOL;<\/li>\n<li>Mariane Regina Salles Panek, Revolu\u00e7\u00e3o Socialista, LIS \u2013 Curitiba;<\/li>\n<li>Mar\u00edlia Cristina Ferreira, diretora do Sindicato dos Metrovi\u00e1rios e Metrovi\u00e1rias de S\u00e3o Paulo;<\/li>\n<li>Marinalva Oliveira, docente universit\u00e1ria da UFRJ;<\/li>\n<li>Marinalva Vilar de Lima, docente universit\u00e1ria da UFCG;<\/li>\n<li>Mariza Santos, coordena\u00e7\u00e3o nacional da CST;<\/li>\n<li>Maryzaura Oliveira, conselho pol\u00edtico do Mandato Coletivo PSOL\/Bel\u00e9m;<\/li>\n<li>Matheus de Mesquita e Pontes, professor IFGoiano, Revolu\u00e7\u00e3o Socialista, LIS;<\/li>\n<li>Matheus de Souza Rodrigues, docente universit\u00e1rio da UFCG;<\/li>\n<li>Matheus Pontes, coordena\u00e7\u00e3o SINASEFE Caceres-MT;<\/li>\n<li>Mauricio Matos, dire\u00e7\u00e3o nacional da FENAMP;<\/li>\n<li>Mauro S\u00e9rgio de Jesus Fernandes, advogado, OAB;<\/li>\n<li>Messias Flexa, professor, oposi\u00e7\u00e3o SINSEPEAP;<\/li>\n<li>Michel Tunes, dirigente da CST;<\/li>\n<li>Miriam Sodr\u00e9, professora, secret\u00e1ria geral do SINTEPP Bel\u00e9m;<\/li>\n<li>Modesto Neto, professor, Revolu\u00e7\u00e3o Socialista, LIS;<\/li>\n<li>M\u00f4nica Dias, conselheira estadual da APEOESP subsede Santo Andr\u00e9;<\/li>\n<li>Nancy de Oliveira Galv\u00e3o, Secretaria Executiva Nacional da CSP-Conlutas;<\/li>\n<li>Neide Solim\u00f5es, conselho pol\u00edtico do Mandato Coletivo PSOL\/Bel\u00e9m-PA, dire\u00e7\u00e3o da CSP-Conlutas (PA);<\/li>\n<li>Neno Freitas, conselho pol\u00edtico do Mandato Coletivo PSOL\/Bel\u00e9m, presidente da Associa\u00e7\u00e3o dos Compositores de Samba de Bel\u00e9m;<\/li>\n<li>Nilmara, Coletivo Feminista Mariela Vive;<\/li>\n<li>Nivalter Aires, docente universit\u00e1rio da UEPB;<\/li>\n<li>Odilon Batista, conselheiro estadual da APEOESP subsede Santo Andr\u00e9;<\/li>\n<li>Patr\u00edcia Sayuri Tanabe Galv\u00e3o, diretor do SINTUSP;<\/li>\n<li>Paulo S\u00e9rgio, coordena\u00e7\u00e3o estadual do SINTEPP Par\u00e1;<\/li>\n<li>Pedro Fuentes, Movimento Esquerda Socialista MES \u2013 Rio de Janeiro;<\/li>\n<li>Pedro Henrique Kelly, estudante;<\/li>\n<li>Pedro Rosa, dirigente do SINTUFF e da FASUBRA;<\/li>\n<li>Plinio Soares de Arruda Sampaio J\u00fanior, economista e docente universit\u00e1rio da UNICAMP;<\/li>\n<li>Priscila Alves, conselho fiscal regional IX SEPE, Rio de Janeiro;<\/li>\n<li>Rafael de Almeida Pereira, designer, Revolu\u00e7\u00e3o Socialista, LIS;<\/li>\n<li>Rana Agarriberi, coordena\u00e7\u00e3o nacional da CST;<\/li>\n<li>Rayme Sousa, co-vereador do Mandato Coletivo PSOL\/Bel\u00e9m e vice presidente do SINTSUAS\u2013PA;<\/li>\n<li>Rebeca Sales, diretora do Sindicato dos Metrovi\u00e1rios e Metrovi\u00e1rias de S\u00e3o Paulo;<\/li>\n<li>Regina Maria Brito, coordenadora Geral do SINTSEP-PA;<\/li>\n<li>Reginaldo Reis, coordena\u00e7\u00e3o da Sub-Sede do SINTEPP de Bai\u00e3o (PA);<\/li>\n<li>Renaldo Reis, conselho pol\u00edtico do Mandato Coletivo PSOL\/Bel\u00e9m, servidor municipal da SEMMA;<\/li>\n<li>Renata Gon\u00e7alves, docente universit\u00e1ria da UNIFESP;<\/li>\n<li>Ricardo Festi, docente universit\u00e1rio da UnB;<\/li>\n<li>Roberto de Sousa Miranda, docente universit\u00e1rio da UFAPE;<\/li>\n<li>Roberto Robaina, vereador \u2013 PSOL Porto Alegre;<\/li>\n<li>Romero Ven\u00e2ncio, docente universit\u00e1rio da UFS;<\/li>\n<li>Rosa Oliveira, conselho pol\u00edtico do Mandato Coletivo PSOL\/Bel\u00e9m, presidente da Associa\u00e7\u00e3o P\u00e1ssaro Junino Ararajuba;<\/li>\n<li>Rosallyne, conselho pol\u00edtico do Mandato Coletivo PSOL\/Bel\u00e9m, servidor municipal da SEMEC;<\/li>\n<li>Rose Messias, dirigenta da CST;<\/li>\n<li>Roseli de F\u00e1tima Corteletti, docente universit\u00e1ria da UFCG;<\/li>\n<li>S\u00e2mia Bomfim, deputada federal \u2013 PSOL SP;<\/li>\n<li>Sandra Bernadete da Silva Moreira, docente universit\u00e1ria da UFPA;<\/li>\n<li>Sandra Nascimento, coordena\u00e7\u00e3o do SINTEPP Bel\u00e9m;<\/li>\n<li>Sandra Regina, conselho pol\u00edtico do Mandato Coletivo PSOL\/Bel\u00e9m, dire\u00e7\u00e3o do SINTEPP Bel\u00e9m;<\/li>\n<li>Sean Purdy, docente universit\u00e1rio da USP;<\/li>\n<li>Sheila Ratis, conselho pol\u00edtico do Mandato Coletivo PSOL\/Bel\u00e9m;<\/li>\n<li>Silvia Leticia, vereadora do PSOL em Bel\u00e9m e Coordenadora do SINTEPP, Revolu\u00e7\u00e3o Socialista, LIS;<\/li>\n<li>Simone Ishibashi, doutora em Economia Pol\u00edtica Internacional pela UFRJ;<\/li>\n<li>Suzete Chaffin, professora, executiva estadual da CSP-Conlutas (SP);<\/li>\n<li>Tatiane Lima, conselheira estadual da APEOESP subsede Santo Andr\u00e9;<\/li>\n<li>Tiago Iwasawa Neves, docente universit\u00e1rio da UFCG;<\/li>\n<li>Val\u00e9ria Muller, funcion\u00e1ria municipal em Porto Alegre;<\/li>\n<li>V\u00e1rvara Seabra, coordenadora SEPE, Niter\u00f3i;<\/li>\n<li>Vera Coimbra, Executiva Estadual da CSP-Conlutas (SP);<\/li>\n<li>Vera L\u00facia Coimbra Moreira, sa\u00fade, CSP-Conlutas, Revolu\u00e7\u00e3o Socialista, LIS;<\/li>\n<li>Ver\u00f3nica O\u2019Kelly, assistente social, Dire\u00e7\u00e3o Nacional da Revolu\u00e7\u00e3o Socialista, LIS;<\/li>\n<li>Victor Bernardes da Silva, conselheiro estadual da APEOESP subsede Campinas;<\/li>\n<li>Victoria Gordon, coordenadora da gest\u00e3o proporcional do Centro Acad\u00eamico de Ci\u00eancias Humanas da UNICAMP, minoria;<\/li>\n<li>Vivi Reis, ex-deputada federal \u2013 PSOL PA;<\/li>\n<li>Wagner Cabano, conselho pol\u00edtico do Mandato Coletivo PSOL\/Bel\u00e9m, membro do movimento Convoca SEMEC;<\/li>\n<li>Walcicleia Cruz, conselho pol\u00edtico do Mandato Coletivo PSOL\/Bel\u00e9m;<\/li>\n<li>Wellington Luiz Cabral, dire\u00e7\u00e3o do Sindicato dos Qu\u00edmicos SJCampos e Regi\u00e3o, executiva da FETQUIM;<\/li>\n<li>Wladimir Varela, co-vereador do Mandato Coletivo PSOL\/Bel\u00e9m e vice presidente da ASSESAN;<\/li>\n<li>Zarah Trindade, Coletivo Feminista Marielle Vive;<\/li>\n<li>Zeneide Lima, Executiva Nacional do PSOL.<\/li>\n<\/ul>\n<h4><strong>CHILE<\/strong><\/h4>\n<ul>\n<li>Agrupaci\u00f3n 18 de Octubre;<\/li>\n<li>Isadora Mujeres en Lucha Chile;<\/li>\n<li>Movimiento Anticapitalista de Chile \u2013 LIS;<\/li>\n<li>Movimiento Socialista de las y los Trabajadores, se\u00e7\u00e3o chilena UIT-QI;<\/li>\n<li>Partido de Trabajadores Revolucionarios (PTR) FT-QI;<\/li>\n<li>Trabajadores de la Educaci\u00f3n en Lucha<\/li>\n<li>Programa Radio En Movimiento<\/li>\n<\/ul>\n<hr \/>\n<ul>\n<li>Natalia Sanchez, m\u00e9dica e conselheira municipal por Antofagasta<\/li>\n<li>Camilo Parada, dirigente do Movimiento Anticapitalista<\/li>\n<li>Dauno T\u00f3toro, licenciado em hist\u00f3ria e defensor dos DDHH, Santiago de Chile<\/li>\n<li>Ranier Rios, dirigente MST (Movimiento Socialista de las y los Trabajadores), se\u00e7\u00e3o da UIT-QI<\/li>\n<li>Eliana Ponce e Tomas Pizarro Meniconi, ativistas em Humedales, Puerto Montt<\/li>\n<li>Antonio P\u00e1ez, presidente do Sindicato de Starbucks Chile<\/li>\n<li>Daniela Avil\u00e9s, dirigenta do Sindicato de Profesores y Profesionales de la Educaci\u00f3n de la Escuela Padre Patricio Cariola de Antofagasta<\/li>\n<li>Jonathan Rios, Coordinadora Unidad Sindical<\/li>\n<li>Daniel Vargas, advogado trabalhista e de DD.HH., ex-candidato a deputado pelo Distrito 3, Antofagasta<\/li>\n<li>Joseffe C\u00e1ceres, dirigente sindical da Asociaci\u00f3n de Funcionarios Universidad Metropolitana de Ciencias de la Educaci\u00f3n<\/li>\n<li>Sebasthian Valdivia, dirigente do Sindicato del Aseo do Hospital Regional de Antofagasta, Salud Siglo XXI.<\/li>\n<li>Patricia Romo, dirigente do Directorio Comunal del Colegio de Profesores de Antofagasta<\/li>\n<li>Carla Ram\u00edrez, delegada gremial del Colegio de Profesores de la Escuela Padre Patricio Cariola de Antofagasta<\/li>\n<li>Valeria Ya\u00f1ez, atriz da companhia Tarea Urgente<\/li>\n<li>B\u00e1rbara Brito, professora, ex vice-presidenta FECH 2017<\/li>\n<li>Fabi\u00e1n Puelma, advogado, diretor La Izquierda Diario Chile<\/li>\n<li>Jaime Rodriguez, dirigente do Sindicato de Obreros Metalurgistas Unidos<\/li>\n<li>Gustavo Gonzalez, Radio Paine<\/li>\n<\/ul>\n<h4><strong>COL\u00d4MBIA<\/strong><\/h4>\n<ul>\n<li>Unidad Obrera Socialista (Unios) \u2013 LIS<\/li>\n<li>Unidad de Izquierda Revolucionaria (UNIR)<\/li>\n<\/ul>\n<p>\u2014\u2014\u2014\u2014\u2014\u2014\u2014\u2014\u2014\u2013<\/p>\n<ul>\n<li>Miguel Vivas, fiscal do sindicato nacional Asonal Judicial;<\/li>\n<li>Jenny Duque, soci\u00f3loga, correspondente de La Izquierda Diario na Colombia;<\/li>\n<li>Joaquin Linero, presidente da Asociaci\u00f3n de Educadores del Distrito de Santa Marta.<\/li>\n<\/ul>\n<h4><strong>COR\u00c9IA DO SUL<\/strong><\/h4>\n<ul>\n<li>Yang Joonseok, Marcha para o Socialismo;<\/li>\n<\/ul>\n<h4><strong>COSTA RICA<\/strong><\/h4>\n<ul>\n<li>Movimiento de Trabajadores y Campesinos (MTC)<\/li>\n<li>Organizaci\u00f3n Socialista Revolucionaria (OSR) FT-QI<\/li>\n<li>Partido Revolucionario de las y los Trabajadores (PRT) \u2013 LIS<\/li>\n<\/ul>\n<hr \/>\n<ul>\n<li>Rob Lyons, ex-deputado no Canad\u00e1 (residente na Costa Rica)<\/li>\n<li>Manuel Sandoval, historiador, docente<\/li>\n<li>Patricia Ramos Con, advogada feminista socialista<\/li>\n<li>Fernanda Quir\u00f3s, fil\u00f3sofa, professora UCR<\/li>\n<li>Marco Amador Valverde, pensionista, Partido revolucionario de los trabajadores y trabajadoras<\/li>\n<li>Orlando Barrantes Cart\u00edn, Comit\u00e9 Ejecutivo Bloque de Vivienda<\/li>\n<li>Esteban Fern\u00e1ndez, dirigente OSR<\/li>\n<li>Jean Moreno Urbina, presidente de base APSE, Colegio Biling\u00fce Santa Cruz<\/li>\n<li>Mar\u00eda Fernanda Mora Calvo, assistente social e core\u00f3grafa<\/li>\n<li>Adri\u00e1n Ja\u00e9n Espa\u00f1a, soci\u00f3logo, Comit\u00e9 Ejecutivo del Bloque de Vivienda<\/li>\n<li>Allen Cordero Ulate, soci\u00f3logo e fil\u00f3sofo<\/li>\n<li>Olman Bola\u00f1os Ortiz, historiador, professor UNED<\/li>\n<li>Christian Ocampo Hern\u00e1ndez, educador, profesor UNED<\/li>\n<li>Jorge Conte Guerra, soci\u00f3logo, membro da Junta directiva del sindicato Uni\u00f3n de Trabajadores y trabajadoras de la Universidad T\u00e9cnica Nacional (UTRA-UTN)<\/li>\n<li>David Morera Herrera, soci\u00f3logo, docente Universidad Nacional<\/li>\n<li>Rafael Morera Ramos, estudante secundaritsta<\/li>\n<li>Grace Serrano, Comit\u00e9 Preservaci\u00f3n de Ecosistemas, Upala zona norte<\/li>\n<li>Mar\u00eda Jos\u00e9 Lechado, Comit\u00e9 Ejecutivo Bloque de Vivienda<\/li>\n<li>Socorro Trejos, Comit\u00e9 Ejecutivo Bloque de Vivienda<\/li>\n<li>Gloria Mercedes Meneses Navas, Comit\u00e9 de Lucha por Vivienda de la Morocha, Concepci\u00f3n de Alajuelita<\/li>\n<li>Mar\u00eda de los \u00c1ngeles T\u00e9llez C\u00f3rdoba, Comit\u00e9 de Lucha por Vivienda de Monte Alto, Concepci\u00f3n de Alajuelita<\/li>\n<li>Josseling Silva Ruiz, Comit\u00e9 de Lucha por Vivienda de Monte Alto, Concepci\u00f3n de Alajuelita<\/li>\n<li>Josseling Denisse Garc\u00eda Quintanilla, Comit\u00e9 de Lucha por Vivienda de Monte Alto, Concepci\u00f3n de Alajuelita<\/li>\n<li>Heidy Valencia, docente, ativista sindical e feminista<\/li>\n<li>Ren\u00e9 Tamariz, ex dirigente sindical, professor de ci\u00eancias naturais<\/li>\n<li>Carlos Coronado Vargas, Secret\u00e1rio-Geral do Movimiento de la Acci\u00f3n Popular Urbana<\/li>\n<li>Gast\u00f3n Eduardo Carrillo Bianchi, pensionado<\/li>\n<li>Esteban Paniagua Vega, fil\u00f3sofo e assessor do Sindicato de Trabajadores del Instituto Nacional de Ense\u00f1anza y Aprendizaje (SITRAINA)<\/li>\n<li>Gast\u00f3n Eduardo Carrillo Bianchi<\/li>\n<li>Socorro Vargas Araya, Administradora Educativa,Jos\u00e9 Ren\u00e9 Tamariz, Docente de Secundaria<\/li>\n<li>\u00c1lvaro Espinoza Alfaro, ex-dirigente sindical de Acueductos y Alcantarillado de Costa Rica<\/li>\n<li>Perez Zeled\u00f3n, Costa Rica<\/li>\n<li>Roberto Ayala, soci\u00f3logo, professor UCR<\/li>\n<li>Jorge Barrientos, historiador, professor UCR<\/li>\n<li>H\u00e9ctor Ferlini Cartin, fil\u00f3sofo, professor de la UCR<\/li>\n<li>Claribel S\u00e1nchez Arias, soci\u00f3loga, professora UNED y UCR<\/li>\n<li>Norma Isabel Curc\u00f3 Hern\u00e1ndez, psic\u00f3loga y docente universitaria<\/li>\n<li>David Castillo, docente Universidad B\u00edblica Latinoamericana<\/li>\n<li>Eduardo Bola\u00f1os Mayorga, psic\u00f3logo, professor UCR<\/li>\n<li>Paola Alfaro, psic\u00f3loga<\/li>\n<li>Stephanie Macluf, psic\u00f3loga<\/li>\n<li>Hillary Badilla, estudante de Letras-UCR<\/li>\n<li>Sof\u00eda Boirivant Morera, estudante de direito-UCR<\/li>\n<li>Paola Zeled\u00f3n, editora La Izquierda Diario Costa Rica<\/li>\n<li>Marco Vinicio Aragon\u00e9s Fdez, escritor<\/li>\n<li>Daniel D\u00edaz Moya, colunista La Izquierda Diario<\/li>\n<li>David Monge Navarro, artista gr\u00e1fico, La Izquierda Diario Costa Rica<\/li>\n<li>Gustavo Molina Matute, colunista La Izquierda Diario<\/li>\n<li>Fabricio Brice\u00f1o<\/li>\n<\/ul>\n<h4><strong>CUBA<\/strong><\/h4>\n<ul>\n<li>Comit\u00e9 Editorial de Comunistas Cuba<\/li>\n<\/ul>\n<hr \/>\n<ul>\n<li>Frank Garc\u00eda Hern\u00e1ndez, soci\u00f3logo e historiador marxista, membro do comit\u00ea editorial de Comunistas Cuba<\/li>\n<li>Alina B. L\u00f3pez Hern\u00e1ndez, professora e historiadora cubana<\/li>\n<li>Lisbeth Moya Gonz\u00e1lez, jornalista e acad\u00eamica cubana, atualmente em Quito<\/li>\n<li>Yunier Mena Benavides, poeta e militante marxista, membro do comit\u00ea editorial de Comunistas Cuba<\/li>\n<\/ul>\n<h4><strong>EQUADOR<\/strong><\/h4>\n<ul>\n<li>LIS \u2013 Delegaci\u00f3n Ecuador<\/li>\n<\/ul>\n<hr \/>\n<ul>\n<li>Fausto Melendrez, dirigente Yaku es Agua de Guayaquil;<\/li>\n<li>Manuel Su\u00e1rez, engenheiro e desenvolvedor, Corresponsal de La Izquierda Diario en Ecuador;<\/li>\n<li>Julio Criollo Maldonado, dirigente Frente de Defensa de los Jubilados de Ecuador;<\/li>\n<li>Efra\u00edn Bayas Bayas, professor aposentado, Frente de Docentes Jubilados;<\/li>\n<li>Vicente Perez M., professor aposentado, ex dirigente do mst y fredemed.<\/li>\n<\/ul>\n<h4><strong>EL SALVADOR<\/strong><\/h4>\n<ul>\n<li>Ernesto Garc\u00eda Linares, professor de Ci\u00eancias Sociais, ex candidato a deputado pela UST.<\/li>\n<\/ul>\n<h4><strong>ESTADO ESPANHOL<\/strong><\/h4>\n<ul>\n<li>Corriente Revolucionaria de Trabajadores y Trabajadoras \u2013 CRT (FT-QI)<\/li>\n<li>Lucha Internacionalista (LI) &#8211; UIT-QI<\/li>\n<li>Socialismo y Libertad (Sol) \u2013 LIS<\/li>\n<\/ul>\n<hr \/>\n<ul>\n<li>Miguel Urban, euro-deputado de Anticapitalistas (Estado espanhol)<\/li>\n<li>Santiago Lupe, historiador, porta-voz da Corriente Revolucionaria de Trabajadores y Trabajadoras \u2013 CRT<\/li>\n<li>Josep Lluis del Alc\u00e1zar, dirigente de Lucha Internacionalista (LI) e da UIT-QI<\/li>\n<li>Rub\u00e9n Tzanoff, Socialismo y Libertad \u2013 LIS<\/li>\n<li>Luc\u00eda Nistal, doctora en Teor\u00eda Literaria Universidad Aut\u00f3noma de Madrid (UAM), impulsora de Refer\u00e9ndum UAM y portavoz de CRT<\/li>\n<li>Florencia Salgueiro, Juntas y a la Izquierdas<\/li>\n<li>Josefina L. Mart\u00ednez, jornalista, historiadora, escritora, editora da revista Contrapunto<\/li>\n<li>Miquel Blanch, delegado sindical de professores de educa\u00e7\u00e3o de adultos, membro da Corriente Sindical de CCOO de Girona, militante de LI<\/li>\n<li>Juan Carrique, advogado trabalhista e filiado \u00e0 CGT \u2013 Madrid<\/li>\n<li>Asier Ubico, presidente do Comit\u00e9 de Empresa de Telepizza por CGT \u2013 Zaragoza<\/li>\n<li>Adri\u00e1n Ruiz Maza, Comit\u00e9 de Empresa CGT Telepizza Zaragoza<\/li>\n<li>Iv\u00e1n Ubico Guerrero, Comit\u00e9 de Empresa CGT Telepizza Zaragoza<\/li>\n<li>Esteban Rivera, Sec Gral secci\u00f3n sindical CGT Grupo Alsea \u2013 Madrid<\/li>\n<li>Alex Le\u00f3n, exSec Gral secci\u00f3n sindical CGT Marktel (represaliado sindical) \u2013 Madrid<\/li>\n<li>Esther del Alc\u00e1zar, delegada sindical do ensino p\u00fablico e dirigente de LI<\/li>\n<li>Miquel Dominguez, trabalhador demitido da Amazon-Barcelona<\/li>\n<li>Juan Carlos Arias, delegado por UGT de la Consejer\u00eda de Pol\u00edticas Sociales y Familia de la Comunidad de Madrid<\/li>\n<li>Joe Molina, ex trabalhador demitido de Panrico e militante de CRT \u2013 Barcelona<\/li>\n<li>\u00c0ngels Vilaseca, CGT Sector Social-Barcelona<\/li>\n<li>V\u00edctor Mu\u00f1oz, Secci\u00f3n sindical CGT Ense\u00f1anza Madrid<\/li>\n<li>Susana Pena Barraso, afiliada CGT Sanidad Arag\u00f3n.<\/li>\n<li>Augusto Mainar, afiliado a CGT sanidad Arag\u00f3n<\/li>\n<li>Jorge Calder\u00f3n, afiliado al sindicato de Ense\u00f1anza de Arag\u00f3n y la Rioja CGT<\/li>\n<li>Raquel Arias, afiliada CGT OOVV (Madrid)<\/li>\n<li>Natalia Leney, representante estudantil na junta da faculdade de ci\u00eancias pol\u00edticas e sociologia da Universidad Complutense de Madrid<\/li>\n<li>Ainhoa Jim\u00e9nez, Alexandru Satanescu e Ra\u00fal Bodas, representantes estudantis na junta de Facultad Filosof\u00eda y Letras y Claustral de la Universidad Aut\u00f3noma de Madrid<\/li>\n<li>Andr\u00e9s Ram\u00edrez, representante estudantil na junta de Facultad de derecho y claustral de la Universidad Aut\u00f3noma de Madrid<\/li>\n<li>Almudena Lozano, representante estudantil e delegada do grado de Estudios Hisp\u00e1nicos de la Universidad Aut\u00f3noma de Madrid<\/li>\n<li>Dolores Adela Cayuela Arnao, claustral de la Universidad Carlos III de Madrid<\/li>\n<li>Lu\u00eds \u00c1ngel Fili\u00e1n Andrago, representante de estudantes por la Junta de Facultad de Filosof\u00eda y Letras de la Universidad de Zaragoza \u2013 Sindicato de Estudiantes de Izquierdas-Contracorriente<\/li>\n<li>Ra\u00fal Garc\u00eda-Dur\u00e1n de Lara, professor universit\u00e1rio aposentado, Ateneo de Palafrugell<\/li>\n<li>Irene Olano, porta-voz agrupaci\u00f3n juvenil Contracorriente \u2013 Madrid<\/li>\n<li>Pablo Castilla, porta-voz agrupaci\u00f3n juvenil Contracorriente \u2013 Barcelona<\/li>\n<li>Jorge Remacha, porta-voz agrupaci\u00f3n juvenil Contracorriente \u2013 Zaragoza<\/li>\n<li>Clara Mallo, porta-voz de Pan y Rosas \u2013 Madrid<\/li>\n<li>Diego Lotito, jornalista, editor de IzquierdaDiario.es<\/li>\n<\/ul>\n<h4><strong>ESTADOS UNIDOS<\/strong><\/h4>\n<ul>\n<li>Tempest Collective (Tempest Magazine)<\/li>\n<li>Left Voice (FT-QI)<\/li>\n<\/ul>\n<hr \/>\n<ul>\n<li>Charles Post, soci\u00f3logo, CUNY, membro de Tempest Collective;<\/li>\n<li>Tatiana Cozzarelli, Left Voice, Nova Iorque;<\/li>\n<li>David Turpin, Anti-War Committees in Solidarity with the Struggles for Self-Determination;<\/li>\n<li>Emmanuel Santos, do Socialist Core;<\/li>\n<li>Tristan Taylor, cofundador de Detroit Will Breathe;<\/li>\n<li>Francisco Jim\u00e9nez, trabalhador da sa\u00fade, San Francisco, California;<\/li>\n<li>James Dennis Hoff, professor associado, CUNY;<\/li>\n<li>Nathaniel Flakin, historiador, Left Voice e Clase Contra Clase, Berlim;<\/li>\n<li>Julia Wallance, membro de base de SEIU 721, organizadora contra a brutalidade policial e por Black and Brown Unity, Left Voice, Los \u00c1ngeles<\/li>\n<li>Gina Goico, artista, acad\u00eamica<\/li>\n<\/ul>\n<h4><strong>FRAN\u00c7A<\/strong><\/h4>\n<ul>\n<li>R\u00e9volution Permanente (RP) FT-QI<\/li>\n<\/ul>\n<hr \/>\n<ul>\n<li>Ariane Anemoyannis, estudante, porta-voz de Le Poing Lev\u00e9<\/li>\n<li>Alexis Antonioli, refinador, ativista da CGT Total Normandie<\/li>\n<li>Adrien Cornet, refinador, ativista da CGT Total Grandpuits<\/li>\n<li>Ga\u00ebtan Gracia, trabalhador da ind\u00fastria aeron\u00e1utica, ativista da CGT Ateliers de la Haute Garonne<\/li>\n<li>Anasse Kazib, trabalhador ferrovi\u00e1rio, porta-voz da Revoluci\u00f3n Permanente<\/li>\n<li>Elsa Marcel, advogada , membro do Coletivo de A\u00e7\u00e3o Judicial<\/li>\n<li>Cristian Porta , trabalhador da ind\u00fastria alimentar, ativista da CGT Neuhauser<\/li>\n<\/ul>\n<h4><strong>GHANA<\/strong><\/h4>\n<ul>\n<li>Media for Sheroes Global;<\/li>\n<\/ul>\n<h4><strong style=\"font-family: Montserrat, sans-serif; font-size: 24px; letter-spacing: -1px;\">GR\u00c9CIA<\/strong><\/h4>\n<ul>\n<li>Internationalist Standpoint<\/li>\n<li>Organiza\u00e7\u00e3o de Comunistas Internacionalistas da Gr\u00e9cia \u2014 Spartakos (OKDE-Spartakos)<\/li>\n<li>Xekinima \u2013 Organiza\u00e7\u00e3o Internacional Socialista da Gr\u00e9cia<\/li>\n<\/ul>\n<hr \/>\n<ul>\n<li>Soula Katsiampoura, deputada regional, Tesalia, Gr\u00e9cia<\/li>\n<li>Ilias Loizos, deputado regional, \u00c1tica, Gr\u00e9cia<\/li>\n<li>Kostas Skordulis, professor, Universidade de Atenas, membro do PP de OKDE-Spartakos<\/li>\n<li>Manos Skoufoglou, membro do Comit\u00ea de Coordena\u00e7\u00e3o Nacional da ANTARSYA, membro do CC de OKDE-Spartakos, Gr\u00e9cia<\/li>\n<li>Nickolas Skoufoglou, membro do CC de OKDE-Spartakos, Gr\u00e9cia, membro do CI da USFI<\/li>\n<\/ul>\n<h4><strong>GUATEMALA<\/strong><\/h4>\n<ul>\n<li>Juan Pablo Mu\u00f1oz El\u00edas, pesquisador social, membro do C\u00edrculo de Debates Marxistas de Guatemala<\/li>\n<li>Oliverio Alejandro Del Aguila Mejia, historiador, membro do Circulo de Debates Marxistas de Guatemala<\/li>\n<li>Felipe Antonio Gir\u00f3n, antrop\u00f3logo social, membro do Circulo de Debates Marxistas de Guatemala<\/li>\n<\/ul>\n<h4><strong>HAITI<\/strong><\/h4>\n<ul>\n<li>Associa\u00e7\u00e3o de profesoras\/es de Saint-Raphael (AESR)<\/li>\n<li>Rede de organiza\u00e7\u00f5es da zona Oeste (ROZO)<\/li>\n<\/ul>\n<h4><strong>HONDURAS<\/strong><\/h4>\n<ul>\n<li>Tom\u00e1s Andino Menc\u00eda, ex deputado de Unificaci\u00f3n Democr\u00e1tica e dirigente da Plataforma contra el continuismo<\/li>\n<\/ul>\n<h4><strong>IT\u00c1LIA<\/strong><\/h4>\n<ul>\n<li>AMR Contravento<\/li>\n<li>Frazione Internazionalista Rivoluzionaria (FIR) FT-QI<\/li>\n<li>Opposizione Trotskista Internazionale (OTI)<\/li>\n<li>Partito Comunista dei Lavoratori (PCL Italia)<\/li>\n<\/ul>\n<hr \/>\n<ul>\n<li>Giacomo Turci, editor de La Voce delle Lotte, professor de geografia do ensino m\u00e9dio, Roma;<\/li>\n<li>Scilla Di Pietro, estudante universit\u00e1ria, porta-voz de Il Pane e le Rose \u2013 Pan y Rosas Italia;<\/li>\n<li>Lorenzo Lodi, estudante de doutorado, Scuola Normale Superiore;<\/li>\n<li>Gianni Del Panta, editor da revista Egemonia e pesquisador, Universit\u00e0 degli Studi di Pavia;<\/li>\n<li>Mattia Giampaolo, estudante de doutorado, Universit\u00e0 degli Studi di Roma La Sapienza.<\/li>\n<\/ul>\n<h4><strong>NICAR\u00c1GUA<\/strong><\/h4>\n<ul>\n<li>Alternativa Anticapitalista \u2013 LIS<\/li>\n<\/ul>\n<hr \/>\n<ul>\n<li>Itzel Fajardo Sagastume, exilada na Espanha.<\/li>\n<\/ul>\n<h4><strong>M\u00c9XICO<\/strong><\/h4>\n<ul>\n<li>Grupo Socialista Obrero (GSO) \u2013 LIS<\/li>\n<li>Movimiento al Socialismo (MAS) &#8211; Se\u00e7\u00e3o da UIT-QI<\/li>\n<li>Movimiento de las y los Trabajadores Socialistas de M\u00e9xico (MTS) \u2013 FT-QI<\/li>\n<\/ul>\n<hr \/>\n<ul>\n<li>Massimo Modonesi, historiador e soci\u00f3logo, professor da Universidad Nacional Aut\u00f3noma de M\u00e9xico (UNAM)<\/li>\n<li>Manuel Aguilar Mora, historiador, escritor e professor universit\u00e1rio, Liga de Unidad Socialista<\/li>\n<li>Jaime Gonz\u00e1lez Vargas, Liga de Unidad Socialista<\/li>\n<li>Jos\u00e9 Luis Ayala, H\u00e9ctor Valadez, Jos\u00e9 Luis Rojas e Emilio T\u00e9llez Contreras, MSPP (Movimiento Socialista del Poder Popular)<\/li>\n<li>Flora Aco, trabalhadora estatal reintegrada e defensora dos direitos trabalhistas, ex aspirante a candidata independente anticapitalista a legisladora<\/li>\n<li>Marco Aurelio Cuevas D\u00eda, dirigente de GSO de M\u00e9xico<\/li>\n<li>Enrique G\u00f3mez, Francisco Retama, dirigentes do Movimiento al Socialismo (MAS), se\u00e7\u00e3o da UIT-QI<\/li>\n<li>Sulem Estrada, docente de educa\u00e7\u00e3o b\u00e1sica e ex candidata independente anticapitalista a legisladora<\/li>\n<li>Leda Victoria, dirigente docente e do MAS-Mujeres<\/li>\n<li>Miriam Hern\u00e1ndez, trabalhadora administrativa de base da UNAM e ex candidata independente suplente e anticapitalista a legisladora<\/li>\n<li>Jes\u00fas Torres Nu\u00f1o, ex presidente do Consejo de Administraci\u00f3n de Trabajadores Democr\u00e1ticos de Occidente (Tradoc)<\/li>\n<li>Frente de Trabajadores y Delegaciones Democr\u00e1ticas de la Secci\u00f3n 11 del SNTE<\/li>\n<li>Canek Garc\u00eda Ramos, secret\u00e1rio-geral da D-III-20 da Secci\u00f3n 11 del SNTE<\/li>\n<li>Alejandra Sep\u00falveda e Ameyali Amador, trabalhadoras estatais reintegradas<\/li>\n<li>Epifanio Garc\u00eda Carrillo, ex-secret\u00e1rio do trabalho do Sindicato \u00danico de Trabajadores de Calzado Sandak<\/li>\n<li>Marisol Adaya Bautista, coordenadora do Colectivo de cooperativas de la Nueva Central de las y los Trabajadores.<\/li>\n<li>Alejandra Santamar\u00eda, docente precarizada despedida em luta<\/li>\n<li>Mariana Morales, professora despedida da Fac de Econom\u00eda, UNAM<\/li>\n<li>Yara Villase\u00f1or, investigadora precarizada da UNAM y Pan y Rosas Mexico<\/li>\n<li>Joss Espinosa, estudante de filosofia e letras, UNAM y PyR M\u00e9xico<\/li>\n<li>Pablo Oprinari, diretor da revista Ideas de Izquierda Mx<\/li>\n<li>Barbara Funes, directora da LID Mx<\/li>\n<li>Mario Caballero, Movimiento de las y los Trabajadores Socialistas de M\u00e9xico<\/li>\n<\/ul>\n<h4><strong>NORUEGA<\/strong><\/h4>\n<ul>\n<li>Pedro Ulloa, ativista, El G\u00e9nero Humano<\/li>\n<\/ul>\n<h4><strong>PANAM\u00c1<\/strong><\/h4>\n<ul>\n<li>Propuesta Socialista, se\u00e7\u00e3o da UIT-QI.<\/li>\n<\/ul>\n<hr \/>\n<ul>\n<li>Jos\u00e9 Enrique Gares, trabalhador da Universidad de Panam\u00e1<\/li>\n<li>Priscilla V\u00e1squez, ex dirigente nacional dos trabalhadores do Seguro Social<\/li>\n<li>Virgilio Arauz, dirigente de Propuesta Socialista, se\u00e7\u00e3o da UIT-QI<\/li>\n<\/ul>\n<h4><strong>PAQUIST\u00c3O<\/strong><\/h4>\n<ul>\n<li>Luta de Classes Paquist\u00e3o (tbqati jad-o-jehad) \u2013 LIS<\/li>\n<li>Frente Estudantil Revolucion\u00e1ria (RSF) do Paquist\u00e3o<\/li>\n<li>Campanha de Defesa Sindical do Paquist\u00e3o (PTUDC)<\/li>\n<\/ul>\n<h4><strong>PARAGUAI<\/strong><\/h4>\n<ul>\n<li>Alternativa Socialista \u2013 LIS<\/li>\n<\/ul>\n<h4><strong>PER\u00da<\/strong><\/h4>\n<ul>\n<li>Agrupaci\u00f3n Vilcapaza<\/li>\n<li>Alternativa Socialista \u2013 LIS<\/li>\n<li>Corriente Socialista de las y los Trabajadores (CST) FT-QI<\/li>\n<li>PT-Un\u00edos &#8211; Se\u00e7\u00e3o da UIT-QI<\/li>\n<\/ul>\n<hr \/>\n<ul>\n<li>Enrique Fern\u00e1ndez Chac\u00f3n, ex deputado nacional e dirigente do PT-Un\u00edos, Se\u00e7\u00e3o da UIT-QI<\/li>\n<li>Angela Liliana Maihuasca, secret\u00e1ria-geral do sindicato do Hospital San Juan de Lurigancho<\/li>\n<li>Carla Rimac Caqui \/ Secret\u00e1ria de Organiza\u00e7\u00e3o do MM-CH (Movimiento Mariategista Creaci\u00f3n Heroica)<\/li>\n<li>Doris Caqui Calixto, ex-Presidenta da Coordinadora Nacional de Familiares de V\u00edctimas de Desaparici\u00f3n Forzada del Per\u00fa<\/li>\n<li>Arellano Balde\u00f3n, secret\u00e1rio-geral do SINDICATO DE LA F\u00c1BRICA DE HILOS LA COLONIAL<\/li>\n<li>Jorge Corzo, dirigente do PT-Un\u00edos<\/li>\n<li>Sofia Chacaltanna, docente universit\u00e1ria<\/li>\n<li>Maril\u00fa D\u00e1vila, docente universit\u00e1ria<\/li>\n<li>Melissa Ascu\u00f1a, militante de Pan y Rosas e docente de literatura<\/li>\n<li>Zelma Guarino, militante de Pan y Rosas<\/li>\n<li>Teresa Torres, docente universit\u00e1ria<\/li>\n<li>Julio Blanco, docente de ci\u00eancias sociais e militante da Corriente Socialista de las y los Trabajadores<\/li>\n<li>Rossana Mandujano, professora, Anticapitalistas<\/li>\n<li>Daniel Mathews, poeta, Anticapitalistas<\/li>\n<li>Victor Yupanqui, cientista pol\u00edtico e militante da Corriente Socialista de las y los Trabajadores<\/li>\n<li>Ricardo Rodriguez, dirigente de bairro de San Juan de Lurigancho<\/li>\n<li>Marco Rivera, dirigente estudantil universit\u00e1rio de Lima<\/li>\n<li>Melec Boza, dirigente oper\u00e1rio de Papelera Nacional<\/li>\n<li>Cecilia Quiroz, militante de Pan y Rosas<\/li>\n<li>Jorge Campos, ex dirigente oper\u00e1rio do setor mineiro<\/li>\n<li>Arturo Luque, dirigente oper\u00e1rio do setor mineiro em Arequipa<\/li>\n<\/ul>\n<h4><strong>PORTUGAL<\/strong><\/h4>\n<ul>\n<li>Nuno Geraldes, dirigente do STCC Sindicato de Trabalhadores de Call Center \u2013 Operador de call center<\/li>\n<li>Renata Cambra, dirigente do MAS \u2013 Movimento de Alternativa Socialista \u2013 Professora<\/li>\n<li>Vasco Santos, dirigente do STEFPN \u2013 Sindicato dos Trabalhadores em Fun\u00e7\u00f5es P\u00fablicas do Norte \u2013 Assistente Operacional<\/li>\n<li>Angela Lima, dirigente do STCC Sindicato de Trabalhadores de Call Center \u2013 Operadora de Call Center<\/li>\n<li>Samuel Marinho, estudante e activista LGBT<\/li>\n<li>Ant\u00f4nio Grosso, membro do Secretariado Sindical de Reformados Banc\u00e1rios<\/li>\n<\/ul>\n<h4><strong>QU\u00caNIA<\/strong><\/h4>\n<ul>\n<li>Liga Socialista Revolucionaria (RSL) \u2013 LIS<\/li>\n<\/ul>\n<h4><strong>REINO UNIDO<\/strong><\/h4>\n<ul>\n<li>Alex Callinicos, professor em\u00e9rito de estudos europeus, King\u2019s College, London<\/li>\n<li>Tony Saunois, CWI\/ Socialist Party<\/li>\n<li>Roney Turus, LIS, Reino Unido<\/li>\n<li>Professor John Parrington, University of Oxford, Universities and Colleges Union (UCU) Branch Treasurer (personal capacity)<\/li>\n<li>Alejandra R\u00edos, correspondente de La Izquierda Diario<\/li>\n<\/ul>\n<h4><strong>REP\u00daBLICA DOMINICANA<\/strong><\/h4>\n<ul>\n<li>Henry Morel, jornalista e militante do MST (Movimiento Socialista de los Trabajadores)<\/li>\n<li>Pastor de la Rosa, professor, Secret\u00e1rio-Geral Federaci\u00f3n de Profesores Universidad Aut\u00f3noma de Santo Domingo<\/li>\n<li>Alfredo Garc\u00eda, Coalici\u00f3n de Organizaciones Populares del Cibao<\/li>\n<li>Angel Leonardo Pe\u00f1a, escritor<\/li>\n<li>Luis Jos\u00e9 Ch\u00e1vez, Opci\u00f3n Democr\u00e1tica<\/li>\n<li>Maya Oviedo, artista<\/li>\n<li>Michelle Ricardo, artista<\/li>\n<li>Tob\u00edas Fern\u00e1ndez, docente, advogado, Asociaci\u00f3n Dominicana de Profesores<\/li>\n<\/ul>\n<h4><strong>SAARA OCIDENTAL<\/strong><\/h4>\n<ul>\n<li>Chaiaa Ahmed Baba Beiruk, LIS<\/li>\n<\/ul>\n<h4><strong>SU\u00c9CIA<\/strong><\/h4>\n<ul>\n<li>Sergio Galarce, Estocolmo, Su\u00e9cia<\/li>\n<\/ul>\n<h4><strong>TURQUIA<\/strong><\/h4>\n<ul>\n<li>Partido da Democracia Oper\u00e1ria &#8211; \u0130\u015f\u00e7i Demokrasisi Partisi (IDP), se\u00e7\u00e3o da UIT-QI<\/li>\n<\/ul>\n<hr \/>\n<ul>\n<li>Sedat Durel, Secret\u00e1rio-Geral do Sindicato dos Trabalhadores Revolucion\u00e1rios da Telecomunica\u00e7\u00e3o e das Centrais de Atendimento;<\/li>\n<li>Atakan \u00c7ift\u00e7i, delegado do Sindicato dos Trabalhadores da Educa\u00e7\u00e3o e da Ci\u00eancia;<\/li>\n<li>Oktay \u00c7elik, presidente do Partido da Democracia Oper\u00e1ria (IDP);<\/li>\n<li>Gorkem Duru, dirigente do Partido da Democracia Oper\u00e1ria (IDP).<\/li>\n<\/ul>\n<h4><strong>UCR\u00c2NIA<\/strong><\/h4>\n<ul>\n<li>Liga Socialista Ucraniana, Ukrayins\u02b9ka Sotsialistychna Liha \u2013 LIS<\/li>\n<\/ul>\n<hr \/>\n<ul>\n<li>Oleg Vernyk, presidente do Sindicato Independente da Ucr\u00e2nia &#8220;Zahist Pratsi&#8221;, Liga Socialista Ucraniana<\/li>\n<\/ul>\n<h4><strong>URUGUAI<\/strong><\/h4>\n<ul>\n<li>Corrente de Trabalhadores Socialistas do Uruguai (CTS) \u2013 FT-QI;<\/li>\n<\/ul>\n<hr \/>\n<ul>\n<li>Alfredo Fonticelli, jornalista e escritor<\/li>\n<li>Jorge Maiki, conductor do Programa radial Desde el Pie, e militante Contra Toda la LUC (Ley de Urgente Consideraci\u00f3n)<\/li>\n<li>Dami\u00e1n Recoba, editor de La Izquierda Diario<\/li>\n<li>Rodolfo Garc\u00eda, integrante do Sindicato del Frigor\u00edfico Canelones \u2013 SOOFRICA<\/li>\n<li>Ricardo Curcho, integrante do Sindicato de Trabajadores del Gas de Montevideo \u2013 UAOEGAS<\/li>\n<li>Karina Rojas, Fernanda Parlade e Florencia Brum, militantes da Agrupaci\u00f3n de Mujeres Pan y Rosas<\/li>\n<li>Julieta Spinelli, Victoria Valenti, docentes e militantes da Agrupaci\u00f3n de Mujeres Pan y Rosas<\/li>\n<li>Daiana \u00c1lvez, trabalhadora independente e militante da Agrupaci\u00f3n de Mujeres Pan y Rosas<\/li>\n<li>Ana Mart\u00ednez, ativista QUEER dentro do movimento LGTIBQ+<\/li>\n<li>Sebasti\u00e1n Artigas, familiar de desaparecidos<\/li>\n<li>Griselda Leal, militante socialista<\/li>\n<\/ul>\n<h4><strong>VENEZUELA<\/strong><\/h4>\n<ul>\n<li>Liga de Trabajadores por el Socialismo (LTS) \u2013 FT-QI<\/li>\n<li>Marea Socialista \u2013 LIS<\/li>\n<li>Partido Socialismo y Libertad (PSL), se\u00e7\u00e3o da UIT-QI<\/li>\n<\/ul>\n<hr \/>\n<ul>\n<li>Gonzalo G\u00f3mez, fundador do meio alternativo APORREA<\/li>\n<li>\u00c1ngel Arias, soci\u00f3logo, Liga de Trabajadores por el Socialismo (LTS)<\/li>\n<li>Jos\u00e9 Bodas, secret\u00e1rio geral da Federaci\u00f3n Unitaria de Trabajadores Petroleros de Venezuela (Futpv)<\/li>\n<li>Orlando Chirino, dirigente nacional da Corriente Clasista Unitaria, Revolucionaria y Aut\u00f3noma (C-cura)<\/li>\n<li>Gustavo Mart\u00ednez, l\u00edder sindical e de Marea Socialista \u2013 LIS<\/li>\n<li>Fausto Dom\u00ednguez, soci\u00f3logo, Liga de Trabajadores por el Socialismo (LTS)<\/li>\n<li>Armando Guerra, ex dirigente sindical de Hidrocapital<\/li>\n<li>Jean Mendoza, Secret\u00e1rio Geral do sindicato SITRAEMAS, do setor Madera del Estado Anzo\u00e1tegui, Venezuela, e militante de Marea Socialista \u2013 LIS<\/li>\n<li>Suhey Ochoa, estudiante. Pan y Rosas Venezuela e integrante da LTS<\/li>\n<li>Humberto Zavala, educador, Liga de Trabajadores por el Socialismo (LTS)<\/li>\n<li>Miguel \u00c1ngel Hern\u00e1ndez, secret\u00e1rio geral Partido Socialismo y Libertad (PSL), se\u00e7\u00e3o da UIT-QI<\/li>\n<li>David Rivas, estudante, Liga de Trabajadores por el Socialismo (LTS)<\/li>\n<li>Juan Tovar, trabalhador da Facultad de Ingenier\u00eda de la UCV<\/li>\n<li>Wilmaira R\u00edos, engenheiro agr\u00f4nomo, Comit\u00e9 de familiares y amigos por la libertad de los trabajadores presos<\/li>\n<li>Leander P\u00e9rez, engenheiro, membro de enCom\u00fan \u2013 Alternativa Popular Revolucionaria (APR)<\/li>\n<li>Diosman Bobadilla. membro de enCom\u00fan \u2013 Alternativa Popular Revolucionaria (APR)<\/li>\n<li>Sim\u00f3n Rodr\u00edguez Porras, PSL<\/li>\n<li>Emilio Bastidas, aposentado, PSL, Secret\u00e1rio Geral do SINTRADINIA<\/li>\n<li>Oswaldo Pacheco, economista, Partido Socialismo y Libertad<\/li>\n<li>Claudia Rodr\u00edguez Gilly, sociol\u00f3ga, Partido Socialismo y Libertad \/ Mujeres en Lucha<\/li>\n<li>Jos\u00e9 Rafael Ruiz, desenhista industrial, Partido Socialismo y Libertad<\/li>\n<li>Luis Giovanni Fern\u00e1ndez, trabalhador universit\u00e1rio, Secret\u00e1rio Geral da Asociaci\u00f3n de Empleados de Universidad de Carabobo<\/li>\n<li>Roberto Carpio, aposentado, Asociaci\u00f3n de jubilados y pensionados del Ipasme<\/li>\n<li>Luis Gustavo Zapata, Partido Patria para Todos \u2013 Alternativa Popular Revolucionaria (PPT-APR)<\/li>\n<li>Jos\u00e9 \u00c1ngel Curiel, licenciado em educa\u00e7\u00e3o, docente titular da UNEFM<\/li>\n<li>Milton D\u2019Le\u00f3n, Editor de La Izquierda Diario Venezuela e integrante da LTS<\/li>\n<li>Miguel Sorans, Coordenador da revista Correspond\u00eancia Internacional (UIT-QI)<\/li>\n<\/ul>\n","protected":false},"excerpt":{"rendered":"<p>Por Frente de Izquierda y de Trabajadores \u2013 Unidad N\u00f3s, que assinamos a declara\u00e7\u00e3o abaixo, manifestamos nosso apoio \u00e0s candidaturas da Frente de Izquierda y de Trabajadores \u2013 Unidad [Frente de Esquerda e dos Trabalhadores \u2013 Unidade] (FITU) nas pr\u00f3ximas elei\u00e7\u00f5es presidenciais de 22 de<\/p>\n","protected":false},"author":1,"featured_media":12414,"comment_status":"open","ping_status":"open","sticky":false,"template":"","format":"standard","meta":{"footnotes":""},"categories":[6],"tags":[],"class_list":["post-12286","post","type-post","status-publish","format-standard","has-post-thumbnail","hentry","category-internacional"],"_links":{"self":[{"href":"https:\/\/www.cstuit.com\/home\/wp-json\/wp\/v2\/posts\/12286","targetHints":{"allow":["GET"]}}],"collection":[{"href":"https:\/\/www.cstuit.com\/home\/wp-json\/wp\/v2\/posts"}],"about":[{"href":"https:\/\/www.cstuit.com\/home\/wp-json\/wp\/v2\/types\/post"}],"author":[{"embeddable":true,"href":"https:\/\/www.cstuit.com\/home\/wp-json\/wp\/v2\/users\/1"}],"replies":[{"embeddable":true,"href":"https:\/\/www.cstuit.com\/home\/wp-json\/wp\/v2\/comments?post=12286"}],"version-history":[{"count":0,"href":"https:\/\/www.cstuit.com\/home\/wp-json\/wp\/v2\/posts\/12286\/revisions"}],"wp:featuredmedia":[{"embeddable":true,"href":"https:\/\/www.cstuit.com\/home\/wp-json\/wp\/v2\/media\/12414"}],"wp:attachment":[{"href":"https:\/\/www.cstuit.com\/home\/wp-json\/wp\/v2\/media?parent=12286"}],"wp:term":[{"taxonomy":"category","embeddable":true,"href":"https:\/\/www.cstuit.com\/home\/wp-json\/wp\/v2\/categories?post=12286"},{"taxonomy":"post_tag","embeddable":true,"href":"https:\/\/www.cstuit.com\/home\/wp-json\/wp\/v2\/tags?post=12286"}],"curies":[{"name":"wp","href":"https:\/\/api.w.org\/{rel}","templated":true}]}}