

	{"id":12295,"date":"2023-10-21T17:50:52","date_gmt":"2023-10-21T20:50:52","guid":{"rendered":"https:\/\/www.cstuit.com\/home\/?p=12295"},"modified":"2023-10-27T13:18:57","modified_gmt":"2023-10-27T16:18:57","slug":"sp-e-preciso-unir-os-professores-com-as-demais-categorias-em-luta","status":"publish","type":"post","link":"https:\/\/www.cstuit.com\/home\/2023\/10\/21\/sp-e-preciso-unir-os-professores-com-as-demais-categorias-em-luta\/","title":{"rendered":"SP: \u00c9 preciso unir os professores com as demais categorias em luta!"},"content":{"rendered":"<p>O governador de S\u00e3o Paulo, Tarc\u00edsio Freitas, ataca por todos os lados para impor seu projeto de destrui\u00e7\u00e3o dos servi\u00e7os p\u00fablicos e da educa\u00e7\u00e3o. Enquanto tenta avan\u00e7ar nas privatiza\u00e7\u00f5es, o secret\u00e1rio da educa\u00e7\u00e3o, Renato Feder tamb\u00e9m ataca, fechando salas, impondo jornadas mais exaustivas, avan\u00e7ando no ass\u00e9dio moral, inserindo materiais cheios de erros e outras barbaridades.<\/p>\n<p>Recentemente, foi revelado o esc\u00e2ndalo do confisco da contribui\u00e7\u00e3o do INSS que era descontado no contracheque dos professores da categoria, mas o governo n\u00e3o fazia o repasse. O resultado foi que os professores afastados por doen\u00e7a ficaram sem sal\u00e1rio e sem o benef\u00edcio do INSS. Um absurdo! Al\u00e9m disso, o governo est\u00e1 impondo per\u00edcias m\u00e9dicas com uma terceirizada para atestados com mais de 1 dia, sem direito a recurso. Isso quando o n\u00famero de afastamentos por sa\u00fade em 1 ano aumentou cerca de 15%. S\u00e3o 112 professores afastados por dia no estado! O governo quer levar os professores \u00e0 exaust\u00e3o!<\/p>\n<p>Diante disso, foi muito ruim que a dire\u00e7\u00e3o do sindicato (Apeoesp), desde a corrente Articula\u00e7\u00e3o Sindical (PT) at\u00e9 a Resist\u00eancia-PSOL, tenham se colocado contr\u00e1rios a unifica\u00e7\u00e3o da paralisa\u00e7\u00e3o dos professores no dia 3\/10 em<br \/>\nconjunto com metrovi\u00e1rios, ferrovi\u00e1rios e SABESP. Era poss\u00edvel, vi\u00e1vel e necess\u00e1rio ter unificado a nossa paralisa\u00e7\u00e3o nesta data. Teria ajudado a golpear com mais for\u00e7a o governo Tarc\u00edsio e colocado as pautas da educa\u00e7\u00e3o na ordem do dia.<\/p>\n<p>Agora est\u00e1 convocada uma assembleia com paralisa\u00e7\u00e3o para o dia 20\/10. Achamos que essa mobiliza\u00e7\u00e3o \u00e9 fundamental, e nosso papel \u00e9 jogar todas as for\u00e7as para mobilizar a categoria e paralisar as escolas. Tradicionalmente a dire\u00e7\u00e3o da Apeoesp trata as paralisa\u00e7\u00f5es como uma decis\u00e3o individual do professor, n\u00e3o organizando assim a luta coletiva de fato e deixando os professores a merc\u00ea do ass\u00e9dio moral para n\u00e3o aderirem a paralisa\u00e7\u00e3o.<\/p>\n<p>Por isso, opinamos que \u00e9 fundamental um verdadeiro engajamento para pararmos a educa\u00e7\u00e3o de SP no dia 20\/10. Construindo a paralisa\u00e7\u00e3o desde as bases, no ch\u00e3o da escola, orientando os professores sobre seu direito de greve e sobre a necessidade dessa luta.\u00a0 N\u00f3s, do Educa\u00e7\u00e3o em Combate, defendemos que em cada subsede se forme comiss\u00f5es para organizar a paralisa\u00e7\u00e3o na base.<\/p>\n<p>Sabemos que n\u00e3o derrotaremos o governo de extrema direita sozinhos. Por isso a dire\u00e7\u00e3o da Apeoesp precisa rever a sua pol\u00edtica de n\u00e3o unificar a luta dos professores com as demais categorias em luta contra o governo. Nesse sentido, defendemos que a Apeoesp chame uma reuni\u00e3o com os demais sindicatos para organizar a\u00e7\u00f5es e a luta unificada contra o governo.<\/p>\n","protected":false},"excerpt":{"rendered":"<p>O governador de S\u00e3o Paulo, Tarc\u00edsio Freitas, ataca por todos os lados para impor seu projeto de destrui\u00e7\u00e3o dos servi\u00e7os p\u00fablicos e da educa\u00e7\u00e3o. Enquanto tenta avan\u00e7ar nas privatiza\u00e7\u00f5es, o secret\u00e1rio da educa\u00e7\u00e3o, Renato Feder tamb\u00e9m ataca, fechando salas, impondo jornadas mais exaustivas, avan\u00e7ando no<\/p>\n","protected":false},"author":1,"featured_media":12431,"comment_status":"open","ping_status":"open","sticky":false,"template":"","format":"standard","meta":{"footnotes":""},"categories":[5],"tags":[72,22,1232,86,35],"class_list":["post-12295","post","type-post","status-publish","format-standard","has-post-thumbnail","hentry","category-nacional","tag-educacao","tag-greve","tag-lutas","tag-professores","tag-sindical"],"_links":{"self":[{"href":"https:\/\/www.cstuit.com\/home\/wp-json\/wp\/v2\/posts\/12295","targetHints":{"allow":["GET"]}}],"collection":[{"href":"https:\/\/www.cstuit.com\/home\/wp-json\/wp\/v2\/posts"}],"about":[{"href":"https:\/\/www.cstuit.com\/home\/wp-json\/wp\/v2\/types\/post"}],"author":[{"embeddable":true,"href":"https:\/\/www.cstuit.com\/home\/wp-json\/wp\/v2\/users\/1"}],"replies":[{"embeddable":true,"href":"https:\/\/www.cstuit.com\/home\/wp-json\/wp\/v2\/comments?post=12295"}],"version-history":[{"count":0,"href":"https:\/\/www.cstuit.com\/home\/wp-json\/wp\/v2\/posts\/12295\/revisions"}],"wp:featuredmedia":[{"embeddable":true,"href":"https:\/\/www.cstuit.com\/home\/wp-json\/wp\/v2\/media\/12431"}],"wp:attachment":[{"href":"https:\/\/www.cstuit.com\/home\/wp-json\/wp\/v2\/media?parent=12295"}],"wp:term":[{"taxonomy":"category","embeddable":true,"href":"https:\/\/www.cstuit.com\/home\/wp-json\/wp\/v2\/categories?post=12295"},{"taxonomy":"post_tag","embeddable":true,"href":"https:\/\/www.cstuit.com\/home\/wp-json\/wp\/v2\/tags?post=12295"}],"curies":[{"name":"wp","href":"https:\/\/api.w.org\/{rel}","templated":true}]}}