

	{"id":12301,"date":"2023-10-21T18:10:55","date_gmt":"2023-10-21T21:10:55","guid":{"rendered":"https:\/\/www.cstuit.com\/home\/?p=12301"},"modified":"2023-10-27T12:59:12","modified_gmt":"2023-10-27T15:59:12","slug":"ocupar-as-ruas-pela-legalizacao-do-aborto","status":"publish","type":"post","link":"https:\/\/www.cstuit.com\/home\/2023\/10\/21\/ocupar-as-ruas-pela-legalizacao-do-aborto\/","title":{"rendered":"Ocupar as ruas pela legaliza\u00e7\u00e3o do aborto"},"content":{"rendered":"<p>No dia 28 setembro, dia de luta em defesa da legaliza\u00e7\u00e3o e descriminaliza\u00e7\u00e3o do aborto na Am\u00e9rica Latina e no Caribe, ocorreram atos em diversas cidades: S\u00e3o Paulo, Rio de Janeiro, Bel\u00e9m, Porto Alegre, Manaus, Recife, Fortaleza, Natal, Florian\u00f3polis, Jo\u00e3o Pessoa, Teresina, etc, sendo que em S\u00e3o Paulo o ato teve 2 mil pessoas. Isso demonstra a import\u00e2ncia de ocupar as ruas.<\/p>\n<h2><strong>A pol\u00edtica de Lula\/Alckmin n\u00e3o \u00e9 avan\u00e7ar na pauta da legaliza\u00e7\u00e3o do Aborto<\/strong><\/h2>\n<p>A elei\u00e7\u00e3o de Lula abriu expectativas no movimento de mulheres em rela\u00e7\u00e3o \u00e0s pautas em defesa dos direitos reprodutivos. No entanto, passados quase um ano de governo, em nada se avan\u00e7ou nessa pauta. Por isso, \u00e9 necess\u00e1rio fazermos uma reflex\u00e3o: o governo Lula\/Alckmin n\u00e3o \u00e9 nosso aliado. Um dos exemplos \u00e9 o fato de que partidos conservadores, como o Republicanos, dirigido pelo Bispo da Universal, Marcos Pereira, acabou de ser chamado para integrar o governo.<\/p>\n<p>O pr\u00f3prio Lula j\u00e1 declarou ser contra o aborto e a Ministra das Mulheres se cala diante dessa pauta. Essa pol\u00edtica abre mais espa\u00e7o para que os conservadores tentem p\u00f4r em vota\u00e7\u00e3o o Projeto do nascituro, que, se for aprovado, impediria at\u00e9 o aborto nos casos previstos em lei.<\/p>\n<p>Infelizmente, a maioria das dire\u00e7\u00f5es do Movimento de Mulheres aposta nas negocia\u00e7\u00f5es com o Congresso e com o STF e na sustenta\u00e7\u00e3o do governo Lula. Defendemos total independ\u00eancia do movimento frente ao governo e a mobiliza\u00e7\u00e3o para<br \/>\nconquistar a legaliza\u00e7\u00e3o do aborto.<\/p>\n<h2><strong>Nenhuma confian\u00e7a no STF<\/strong><\/h2>\n<p>A ADPF 442, que pede a Descriminaliza\u00e7\u00e3o do Aborto no Brasil, ou seja, que nenhuma mulher seja presa por abortar, teve o voto favor\u00e1vel da ex-Ministra Rosa Weber, o que criou expectativas. O Ministro Barroso, que assumiu a Presid\u00eancia do STF, suspendeu o debate, sem data para o julgamento. O STF \u00e9 uma institui\u00e7\u00e3o que sustenta o podre regime pol\u00edtico, respons\u00e1vel pela perpetua\u00e7\u00e3o do patriarcado e de sucessivos ajustes capitalistas contra a classe trabalhadora, em especial as mulheres. Por isso, nenhuma confian\u00e7a no STF!<\/p>\n<h2><strong>Defendemos a continuidade da luta das mulheres!<\/strong><\/h2>\n<p>N\u00f3s, mulheres da CST, defendemos a continuidade a luta pela legaliza\u00e7\u00e3o e descriminaliza\u00e7\u00e3o do aborto. Por isso, \u00e9 necess\u00e1rio que a Frente Nacional de Legaliza\u00e7\u00e3o do Aborto, as Frentes estaduais, as plen\u00e1rias do 8M, os coletivos<br \/>\nfeministas, os sindicatos e as centrais sindicais realizem plen\u00e1rias para organizar uma grande campanha nacional pela legaliza\u00e7\u00e3o e descriminaliza\u00e7\u00e3o do aborto, construindo um Manifesto nacional; panfletagens e debates de conscientiza\u00e7\u00e3o nas universidades, escolas, bairros e locais de trabalho, culminado em um ato de rua em novembro.<\/p>\n<p>Fazemos um chamando \u00e0s ativistas que concordam que \u00e9 necess\u00e1rio continuarmos a luta pelos nossos direitos a ingressarem nas fileiras da CST e fortalecer um feminismo socialista, independente e combativo. Defendemos: educa\u00e7\u00e3o sexual integral para decidir, anticoncepcional para n\u00e3o abortar e aborto legal e seguro para n\u00e3o morrer. Pela taxa\u00e7\u00e3o dos bilion\u00e1rios e n\u00e3o pagar a D\u00edvida P\u00fablica para destinar verbas para as demandas das mulheres.<\/p>\n","protected":false},"excerpt":{"rendered":"<p>No dia 28 setembro, dia de luta em defesa da legaliza\u00e7\u00e3o e descriminaliza\u00e7\u00e3o do aborto na Am\u00e9rica Latina e no Caribe, ocorreram atos em diversas cidades: S\u00e3o Paulo, Rio de Janeiro, Bel\u00e9m, Porto Alegre, Manaus, Recife, Fortaleza, Natal, Florian\u00f3polis, Jo\u00e3o Pessoa, Teresina, etc, sendo que<\/p>\n","protected":false},"author":1,"featured_media":12424,"comment_status":"open","ping_status":"open","sticky":false,"template":"","format":"standard","meta":{"footnotes":""},"categories":[55],"tags":[405,1415,1002,57],"class_list":["post-12301","post","type-post","status-publish","format-standard","has-post-thumbnail","hentry","category-mulheres","tag-aborto","tag-legalizacao","tag-luta","tag-mulheres"],"_links":{"self":[{"href":"https:\/\/www.cstuit.com\/home\/wp-json\/wp\/v2\/posts\/12301","targetHints":{"allow":["GET"]}}],"collection":[{"href":"https:\/\/www.cstuit.com\/home\/wp-json\/wp\/v2\/posts"}],"about":[{"href":"https:\/\/www.cstuit.com\/home\/wp-json\/wp\/v2\/types\/post"}],"author":[{"embeddable":true,"href":"https:\/\/www.cstuit.com\/home\/wp-json\/wp\/v2\/users\/1"}],"replies":[{"embeddable":true,"href":"https:\/\/www.cstuit.com\/home\/wp-json\/wp\/v2\/comments?post=12301"}],"version-history":[{"count":0,"href":"https:\/\/www.cstuit.com\/home\/wp-json\/wp\/v2\/posts\/12301\/revisions"}],"wp:featuredmedia":[{"embeddable":true,"href":"https:\/\/www.cstuit.com\/home\/wp-json\/wp\/v2\/media\/12424"}],"wp:attachment":[{"href":"https:\/\/www.cstuit.com\/home\/wp-json\/wp\/v2\/media?parent=12301"}],"wp:term":[{"taxonomy":"category","embeddable":true,"href":"https:\/\/www.cstuit.com\/home\/wp-json\/wp\/v2\/categories?post=12301"},{"taxonomy":"post_tag","embeddable":true,"href":"https:\/\/www.cstuit.com\/home\/wp-json\/wp\/v2\/tags?post=12301"}],"curies":[{"name":"wp","href":"https:\/\/api.w.org\/{rel}","templated":true}]}}