

	{"id":1239,"date":"2016-05-27T22:07:35","date_gmt":"2016-05-27T22:07:35","guid":{"rendered":"https:\/\/www.cstuit.com\/home\/?p=1239"},"modified":"2016-05-27T22:12:44","modified_gmt":"2016-05-27T22:12:44","slug":"basta-de-estupros-e-violencia-contra-a-mulher","status":"publish","type":"post","link":"https:\/\/www.cstuit.com\/home\/2016\/05\/27\/basta-de-estupros-e-violencia-contra-a-mulher\/","title":{"rendered":"BASTA de estupros e viol\u00eancia contra a mulher!"},"content":{"rendered":"<div style=\"text-align: justify;\">\n<p>&nbsp;<\/p>\n<p><img loading=\"lazy\" decoding=\"async\" class=\"wp-image-1247 alignleft\" src=\"https:\/\/www.cstuit.com\/home\/wp-content\/uploads\/2016\/05\/bastadeestupros-2-1024x683.png\" alt=\"bastadeestupros\" width=\"400\" height=\"267\" srcset=\"https:\/\/www.cstuit.com\/home\/wp-content\/uploads\/2016\/05\/bastadeestupros-2-1024x683.png 1024w, https:\/\/www.cstuit.com\/home\/wp-content\/uploads\/2016\/05\/bastadeestupros-2-300x200.png 300w, https:\/\/www.cstuit.com\/home\/wp-content\/uploads\/2016\/05\/bastadeestupros-2-768x512.png 768w, https:\/\/www.cstuit.com\/home\/wp-content\/uploads\/2016\/05\/bastadeestupros-2-600x400.png 600w, https:\/\/www.cstuit.com\/home\/wp-content\/uploads\/2016\/05\/bastadeestupros-2-210x140.png 210w, https:\/\/www.cstuit.com\/home\/wp-content\/uploads\/2016\/05\/bastadeestupros-2-272x182.png 272w, https:\/\/www.cstuit.com\/home\/wp-content\/uploads\/2016\/05\/bastadeestupros-2.png 1200w\" sizes=\"auto, (max-width: 400px) 100vw, 400px\" \/>O caso de estupro coletivo, praticado por 33 homens contra uma menina de 16 anos no Rio de Janeiro, chocou o Brasil e o mundo. O v\u00eddeo da menina divulgado nas redes pelos estupradores demonstra a completa naturaliza\u00e7\u00e3o da viol\u00eancia sexual e do sentimento de impunidade dos machistas agressores, fatores que confirmam ainda mais a exist\u00eancia de uma cultura do estupro. O caso gerou como\u00e7\u00e3o e muita revolta nas redes sociais, campanhas pelo fim da cultura do estupro e dezenas de atos est\u00e3o sendo convocados em todo o Brasil em rep\u00fadio \u00e0 brutal agress\u00e3o. A repercuss\u00e3o \u00e9 tanta que a pr\u00f3pria m\u00eddia, que muitas vezes esconde ou \u00e9 conivente com os casos de viol\u00eancia contra a mulher, est\u00e1 sendo obrigada a dar ampla cobertura e divulga\u00e7\u00e3o. Apesar da Lei Maria da Penha e da lei que tipifica o feminic\u00eddio como crime hediondo, a realidade \u00e9 que vivemos num pa\u00eds onde a viol\u00eancia contra a mulher assume propor\u00e7\u00f5es alarmantes: a cada 10 minutos, uma mulher \u00e9 estuprada; a cada 90 minutos, uma mulher \u00e9 assassinada. Hoje o Brasil \u00e9 considerado o 5\u00ba pior pa\u00eds do mundo para uma mulher viver, devido \u00e0 viol\u00eancia dom\u00e9stica, sexual e feminic\u00eddio.<\/p>\n<p>Nos \u00faltimos anos, o Brasil subiu da 7a para a 5a posi\u00e7\u00e3o no ranking mundial de pa\u00edses &#8220;campe\u00f5es&#8221; em feminic\u00eddio. A falta de prote\u00e7\u00e3o \u00e0 mulher e a completa neglig\u00eancia dos governos fortalece a cultura do estupro e os demais crimes de viol\u00eancia machista. Quando a crise econ\u00f4mica se aprofunda, a primeira medida dos governos \u00e9 cortar os investimentos do nosso lado, colocando em situa\u00e7\u00e3o de vulnerabilidade milh\u00f5es de mulheres trabalhadoras e jovens estudantes. Ao mesmo tempo, aumenta em trilh\u00f5es as verbas para a d\u00edvida p\u00fablica, garantindo o lucro dos banqueiros e grandes empres\u00e1rios. Exemplo disso \u00e9 que, no in\u00edcio de 2015, Dilma cortou 30 milh\u00f5es do programa federal de Combate \u00e0 Viol\u00eancia contra a Mulher. O aborto continua sem ser legalizado e n\u00e3o h\u00e1 pol\u00edtica alguma sobre educa\u00e7\u00e3o de g\u00eanero nas escolas. O governo Temer demonstra todos os sinais de que dar\u00e1 continuidade para a mesma pol\u00edtica de ataque \u00e0s mulheres, aprofundando o ajuste fiscal iniciado por Dilma, retirando os nossos direitos, continuando a priorizar o exorbitante pagamento de juros da d\u00edvida p\u00fablica, dinheiro que poderia ser investido em prote\u00e7\u00e3o e seguran\u00e7a para as nossas meninas. O seu mais recente convidado a dar sugest\u00f5es de medidas para a Educa\u00e7\u00e3o do pa\u00eds foi nada menos que Alexandre Frota, estuprador e agressor de mulheres, fato que \u00e9 sabido por todas e todos.<\/p>\n<p>Na cidade Ol\u00edmpica, &#8220;vitrine&#8221; do Brasil para o mundo, o que \u00e9 assistido \u00e9 a vida das mulheres sendo banalizada. N\u00e3o \u00e9 \u00e0 toa, que o candidato de Eduardo Paes (PMDB) para sua sucess\u00e3o \u00e0 frente da prefeitura \u00e9 um agressor de mulheres, Pedro Paulo que j\u00e1 comp\u00f5e o governo atualmente e \u00e9 do mesmo partido do prefeito. Fica claro que essa prefeitura n\u00e3o est\u00e1 do lado das mulheres. Assim como tamb\u00e9m fica claro que o governo estadual n\u00e3o est\u00e1 preocupado com a nossa seguran\u00e7a. A verdade \u00e9 que nenhum desses governos, nem federal, estadual ou municipal t\u00eam pol\u00edticas efetivas para garantir a seguran\u00e7a e ampla assist\u00eancia \u00e0s mulheres e combater de fato o machismo, a cultura do estupro e a viol\u00eancia contra a mulher.<\/p>\n<p>N\u00f3s, mulheres do Vamos \u00e0 Luta e do Combate, n\u00e3o nos calaremos diante dessa barb\u00e1rie. Queremos a imediata investiga\u00e7\u00e3o e puni\u00e7\u00e3o de todos os estupradores e envolvidos na divulga\u00e7\u00e3o dos v\u00eddeos e fotos. Reivindicamos a ren\u00fancia imediata do Secret\u00e1rio de Seguran\u00e7a do governo do Rio de Janeiro, Jos\u00e9 Mariano Beltrame. Para que se fa\u00e7a justi\u00e7a sobre o caso e em combate \u00e0 cultura do estupro, \u00e9 necess\u00e1rio pararmos o pa\u00eds. Colocar de volta nas ruas a Primavera Feminista, que lutou pelo Fora Cunha, e radicalizar a luta em defesa das nossas pautas na mais ampla unidade com as trabalhadoras grevistas, como \u00e9 o caso das professoras do Rio de Janeiro e Rio Grande do Sul.<\/p>\n<p>BASTA de estupros e viol\u00eancia contra a mulher!<br \/>\nMais verbas e investimentos em pol\u00edticas de prote\u00e7\u00e3o \u00e0 mulher!<br \/>\nDelegacias da mulher em todos os bairros!<br \/>\nCasas de acolhimento \u00e0s v\u00edtimas com vagas suficientes para todas!<br \/>\nPenas mais duras para estupradores e cumprimento rigoroso da lei que tipifica feminic\u00eddio como crime hediondo!<br \/>\nArquivamento imediato do PL 5069 de Cunha!<\/p>\n<hr \/>\n<p>&nbsp;<\/p>\n<p><strong>Mulheres do Vamos \u00e0 Luta<\/strong><br \/>\n<strong> Mulheres do Combate<\/strong><\/p>\n<div><\/div>\n<\/div>\n","protected":false},"excerpt":{"rendered":"<p>&nbsp; O caso de estupro coletivo, praticado por 33 homens contra uma menina de 16 anos no Rio de Janeiro, chocou o Brasil e o mundo. O v\u00eddeo da menina divulgado nas redes pelos estupradores demonstra a completa naturaliza\u00e7\u00e3o da viol\u00eancia sexual e do sentimento<\/p>\n","protected":false},"author":1,"featured_media":1240,"comment_status":"open","ping_status":"open","sticky":false,"template":"","format":"standard","meta":{"footnotes":""},"categories":[55],"tags":[68,57],"class_list":["post-1239","post","type-post","status-publish","format-standard","has-post-thumbnail","hentry","category-mulheres","tag-feminismo","tag-mulheres"],"_links":{"self":[{"href":"https:\/\/www.cstuit.com\/home\/wp-json\/wp\/v2\/posts\/1239","targetHints":{"allow":["GET"]}}],"collection":[{"href":"https:\/\/www.cstuit.com\/home\/wp-json\/wp\/v2\/posts"}],"about":[{"href":"https:\/\/www.cstuit.com\/home\/wp-json\/wp\/v2\/types\/post"}],"author":[{"embeddable":true,"href":"https:\/\/www.cstuit.com\/home\/wp-json\/wp\/v2\/users\/1"}],"replies":[{"embeddable":true,"href":"https:\/\/www.cstuit.com\/home\/wp-json\/wp\/v2\/comments?post=1239"}],"version-history":[{"count":0,"href":"https:\/\/www.cstuit.com\/home\/wp-json\/wp\/v2\/posts\/1239\/revisions"}],"wp:featuredmedia":[{"embeddable":true,"href":"https:\/\/www.cstuit.com\/home\/wp-json\/wp\/v2\/media\/1240"}],"wp:attachment":[{"href":"https:\/\/www.cstuit.com\/home\/wp-json\/wp\/v2\/media?parent=1239"}],"wp:term":[{"taxonomy":"category","embeddable":true,"href":"https:\/\/www.cstuit.com\/home\/wp-json\/wp\/v2\/categories?post=1239"},{"taxonomy":"post_tag","embeddable":true,"href":"https:\/\/www.cstuit.com\/home\/wp-json\/wp\/v2\/tags?post=1239"}],"curies":[{"name":"wp","href":"https:\/\/api.w.org\/{rel}","templated":true}]}}