

	{"id":12540,"date":"2023-10-28T15:31:51","date_gmt":"2023-10-28T18:31:51","guid":{"rendered":"https:\/\/www.cstuit.com\/home\/?p=12540"},"modified":"2023-11-01T10:40:05","modified_gmt":"2023-11-01T13:40:05","slug":"chacina-de-vigario-geral-30-anos-de-impunidade","status":"publish","type":"post","link":"https:\/\/www.cstuit.com\/home\/2023\/10\/28\/chacina-de-vigario-geral-30-anos-de-impunidade\/","title":{"rendered":"Chacina de Vig\u00e1rio Geral: 30 anos de impunidade!"},"content":{"rendered":"<p style=\"font-weight: 400;\"><em>Por Bruna Gomes, CST Rio de Janeiro<\/em><\/p>\n<p style=\"font-weight: 400;\">Na madrugada do dia 29 de Agosto, moradores da favela de Vig\u00e1rio Geral, na Zona Norte do Rio, viveram momentos de horror. 21 pessoas foram executadas \u00e0 queima roupa por policiais militares, em v\u00e1rios pontos da comunidade. Esse foi mais um massacre que chocou o Brasil, apenas 39 dias depois da tamb\u00e9m chacina da Candel\u00e1ria.<\/p>\n<p style=\"font-weight: 400;\">De acordo com o Tribunal de Justi\u00e7a, das 52 pessoas denunciadas por envolvimento no crime, apenas 4 foram condenadas. Dois condenados receberam liberdade condicional ap\u00f3s cumprimento de parte da pena, um foi morto enquanto cumpria regime semiaberto e outro foi assassinado enquanto aguardava em liberdade o julgamento de recurso. Outros r\u00e9us chegaram a ser condenados no primeiro j\u00fari, mas foram absolvidos em julgamentos seguintes.<\/p>\n<h3 style=\"font-weight: 400;\"><strong>Chega de assassinatos contra o povo preto e pobre! Exigimos justi\u00e7a pelas v\u00edtimas!<\/strong><\/h3>\n<p style=\"font-weight: 400;\">A chacina de Vig\u00e1rio Geral foi denunciada amplamente no Brasil e no mundo pela sua brutalidade. As pol\u00edcias brasileiras seguem com as chacinas e opera\u00e7\u00f5es policiais como um dos m\u00e9todos mais utilizados para impor choque de ordem. E, durante todos esses anos que se passaram, as \u00fanicas pol\u00edticas p\u00fablicas propostas pelos governos foram a redu\u00e7\u00e3o da maioridade penal e a escola sem partido. Enquanto isso, as chacinas e execu\u00e7\u00f5es cometidas por policiais continuam sendo uma marca da viol\u00eancia no Rio de Janeiro.<\/p>\n<p style=\"font-weight: 400;\">Em 2021, segundo Rede de observat\u00f3rios de seguran\u00e7a, negros s\u00e3o a maioria dos mortos em a\u00e7\u00f5es policiais. Pelo menos 5 pessoas negras foram mortas por dia em a\u00e7\u00f5es policiais.<\/p>\n<p style=\"font-weight: 400;\">O relat\u00f3rio Pele Alvo: a cor que a Pol\u00edcia Apaga, divulgado em 17\/11\/2022, foi elaborado a partir de dados das secretarias de Seguran\u00e7a que foram obtidos por meio da Lei de Acesso \u00e0 Informa\u00e7\u00e3o (LAI). Foram 3.290 mortos em opera\u00e7\u00f5es policiais em 2021 na Bahia, Cear\u00e1, Maranh\u00e3o, Pernambuco, Piau\u00ed, Rio de Janeiro e S\u00e3o Paulo. Dessas, 2.154 v\u00edtimas (65%) eram negras- utilizando como refer\u00eancia o crit\u00e9rio do Instituto Brasileiro de Geografia e Estat\u00edstica (IBGE), que considera negros a soma de pardos e pretos.<\/p>\n<p style=\"font-weight: 400;\">J\u00e1 se passaram 30 anos da chacina de Vig\u00e1rio Geral, e ainda temos viol\u00eancia policial, chacinas e o encarceramento do povo negro aumentaram, consequentemente levando milhares de jovens nas periferias a terem suas vidas interrompidas pelas m\u00e3os da repress\u00e3o.<\/p>\n<p style=\"font-weight: 400;\">As guerras \u00e0s drogas \u00e9 parte do processo de criminaliza\u00e7\u00e3o e encarceramento da juventude negra. \u00c9 necess\u00e1rio organizar uma ampla unidade de sindicatos, partidos de esquerda e movimentos sociais para criar uma rede de solidariedade nacional e internacional para fortalecer as lutas dos moradores das favelas e periferias, apostando no processo de mobiliza\u00e7\u00e3o para p\u00f4r fim \u00e0 viol\u00eancia dos governos e do Estado contra o povo preto e pobre.<\/p>\n<p style=\"font-weight: 400;\"><strong>Chega de assassinato ao povo preto e pobre!\u00a0 Abaixo a viol\u00eancia e o abuso policial!<\/strong><\/p>\n<p style=\"font-weight: 400;\"><strong>Pelo fim da pol\u00edcia militar! Pela puni\u00e7\u00e3o dos crimes cometidos por policiais! Vidas negras importam!<\/strong><\/p>\n","protected":false},"excerpt":{"rendered":"<p>Por Bruna Gomes, CST Rio de Janeiro Na madrugada do dia 29 de Agosto, moradores da favela de Vig\u00e1rio Geral, na Zona Norte do Rio, viveram momentos de horror. 21 pessoas foram executadas \u00e0 queima roupa por policiais militares, em v\u00e1rios pontos da comunidade. Esse<\/p>\n","protected":false},"author":1,"featured_media":12541,"comment_status":"open","ping_status":"open","sticky":false,"template":"","format":"standard","meta":{"footnotes":""},"categories":[103],"tags":[235,1915,1914,1917,1916,589,1862,100,1484],"class_list":["post-12540","post","type-post","status-publish","format-standard","has-post-thumbnail","hentry","category-negros-e-negras","tag-chacina","tag-denuncia","tag-descriminalizacao","tag-fimdapm","tag-pelealvo","tag-pm","tag-policia","tag-racismo","tag-violencia"],"_links":{"self":[{"href":"https:\/\/www.cstuit.com\/home\/wp-json\/wp\/v2\/posts\/12540","targetHints":{"allow":["GET"]}}],"collection":[{"href":"https:\/\/www.cstuit.com\/home\/wp-json\/wp\/v2\/posts"}],"about":[{"href":"https:\/\/www.cstuit.com\/home\/wp-json\/wp\/v2\/types\/post"}],"author":[{"embeddable":true,"href":"https:\/\/www.cstuit.com\/home\/wp-json\/wp\/v2\/users\/1"}],"replies":[{"embeddable":true,"href":"https:\/\/www.cstuit.com\/home\/wp-json\/wp\/v2\/comments?post=12540"}],"version-history":[{"count":0,"href":"https:\/\/www.cstuit.com\/home\/wp-json\/wp\/v2\/posts\/12540\/revisions"}],"wp:featuredmedia":[{"embeddable":true,"href":"https:\/\/www.cstuit.com\/home\/wp-json\/wp\/v2\/media\/12541"}],"wp:attachment":[{"href":"https:\/\/www.cstuit.com\/home\/wp-json\/wp\/v2\/media?parent=12540"}],"wp:term":[{"taxonomy":"category","embeddable":true,"href":"https:\/\/www.cstuit.com\/home\/wp-json\/wp\/v2\/categories?post=12540"},{"taxonomy":"post_tag","embeddable":true,"href":"https:\/\/www.cstuit.com\/home\/wp-json\/wp\/v2\/tags?post=12540"}],"curies":[{"name":"wp","href":"https:\/\/api.w.org\/{rel}","templated":true}]}}