

	{"id":13230,"date":"2023-11-18T17:19:38","date_gmt":"2023-11-18T20:19:38","guid":{"rendered":"https:\/\/www.cstuit.com\/home\/?p=13230"},"modified":"2023-11-18T17:19:38","modified_gmt":"2023-11-18T20:19:38","slug":"panama-abaixo-o-contrato-de-mineracao-viva-a-luta-do-povo-panamenho","status":"publish","type":"post","link":"https:\/\/www.cstuit.com\/home\/2023\/11\/18\/panama-abaixo-o-contrato-de-mineracao-viva-a-luta-do-povo-panamenho\/","title":{"rendered":"Panam\u00e1: abaixo o contrato de minera\u00e7\u00e3o! Viva a luta do povo panamenho!"},"content":{"rendered":"<p><span style=\"font-family: inherit; font-style: inherit; font-weight: inherit;\">Por <strong>Unidade Internacional de Trabalhadoras e Trabalhadores \u2013 Quarta Internacional (UIT-QI)<\/strong><\/span><\/p>\n<p>No Panam\u00e1, ocorre h\u00e1 2 meses uma enorme revolta oper\u00e1ria e popular contra um contrato de minera\u00e7\u00e3o assinado entre o governo de Laurentino Cortizo [presidente do Panam\u00e1] e a transnacional canadense First Quantum Minerals.<\/p>\n<p>As mobiliza\u00e7\u00f5es e greves deram um salto qualitativo no dia 20 de outubro, diante da aprova\u00e7\u00e3o no parlamento, em terceira discuss\u00e3o, da Lei 406, legalizando o contrato, por meio do qual \u00e9 concedido \u00e0 empresa o direito de extrair e comercializar cobre e outros minerais por 20 anos, prorrog\u00e1veis por mais 20 anos.<\/p>\n<p>Segundo manifestantes e ambientalistas, o contrato viola a soberania nacional, constituindo um enclave estrangeiro no pa\u00eds. Al\u00e9m disso, tem um forte impacto ambiental, tanto no pa\u00eds quanto regional e globalmente. Isso porque o projeto ser\u00e1 desenvolvido em \u00e1rea florestal, amea\u00e7ando os recursos h\u00eddricos, ao estabelecer que a empresa armazene \u00e1gua para seu funcionamento e para a gera\u00e7\u00e3o de energia el\u00e9trica. O contrato mineiro foi negociado depois de o Supremo Tribunal de Justi\u00e7a ter declarado inconstitucional o contrato de explora\u00e7\u00e3o original em 2017.<\/p>\n<p>Os protestos s\u00e3o liderados pelo importante Sindicato \u00danico Nacional dos Trabalhadores da Ind\u00fastria da Constru\u00e7\u00e3o (SUNTRACS), bem como pela Associa\u00e7\u00e3o de Professores da Rep\u00fablica do Panam\u00e1 (ASOPROF); os demais sindicatos docentes, que est\u00e3o em greve por tempo indeterminado; m\u00e9dicos, enfermeiras, trabalhadoras e trabalhadores da sa\u00fade, jovens estudantes, mulheres, povos origin\u00e1rios e diversos setores populares.<\/p>\n<p>O movimento \u2013 que tem como um dos seus lemas \u201cO ouro do Panam\u00e1 \u00e9 verde\u201d &#8211; n\u00e3o se desenvolve apenas na capital do pa\u00eds. Ele se espalha por todas as regi\u00f5es e abrange diferentes setores do povo panamenho.<\/p>\n<p>\u00c9 uma luta em defesa da soberania e do meio-ambiente e contra a corrup\u00e7\u00e3o, que sempre acompanha esse tipo de contrato com empresas privadas e transnacionais. Por\u00e9m, tamb\u00e9m tem um car\u00e1cter anti-imperialista, na medida em que confronta uma grande transnacional mineira canadense.<\/p>\n<p>Junto com as mobiliza\u00e7\u00f5es massivas que ocorreram no centro da capital, em torno do parlamento, jovens e estudantes, convocados atrav\u00e9s das redes sociais, tamb\u00e9m se mobilizaram na \u00e1rea costeira da cidade.<\/p>\n<p>Na pr\u00e1tica, a Cidade do Panam\u00e1 e muitos outros munic\u00edpios e povoados do interior est\u00e3o, desde 20 de outubro, numa virtual greve geral n\u00e3o declarada, uma vez que as marchas s\u00e3o acompanhadas de bloqueios de ruas e estradas, interrompendo o tr\u00e2nsito, o transporte de alimentos e paralisando o com\u00e9rcio.<\/p>\n<p>As mobiliza\u00e7\u00f5es n\u00e3o foram apenas fortemente reprimidas pela pol\u00edcia. Tamb\u00e9m a m\u00eddia e associa\u00e7\u00f5es empresariais \u2013 como a C\u00e2mara de Com\u00e9rcio, Ind\u00fastrias e Agricultura do Panam\u00e1 (CCIAP); a C\u00e2mara de Com\u00e9rcio de Chiriqu\u00ed, que inclusive mobilizou, de forma compuls\u00f3ria, trabalhadoras e trabalhadores de suas empresas; o Conselho Nacional da Empresa Privada (CONEP); e a Associa\u00e7\u00e3o Panamenha de Executivos de Empresas (APEDE) \u2013 est\u00e3o realizando uma campanha de \u00f3dio contra a classe trabalhadora e os povos origin\u00e1rios.<\/p>\n<p>Os representantes patronais e a pol\u00edcia utilizam abertamente os meios de comunica\u00e7\u00e3o para estigmatizar como v\u00e2ndalos os estudantes concentrados na Universidade do Panam\u00e1. Patrulhas policiais invadiram o campus universit\u00e1rio, numa provoca\u00e7\u00e3o aberta. J\u00e1 existem milhares de detidos e 3 professores foram assassinados nos protestos. At\u00e9 os bancos bloquearam as contas do SUNTRACS, numa a\u00e7\u00e3o denunciada pelo sindicato como retalia\u00e7\u00e3o pol\u00edtica.<\/p>\n<p>Ontem, quinta-feira (16 de novembro), foi realizada uma greve de 24 horas, convocada pela Alian\u00e7a Nacional pelos Direitos do Povo Organizado (ANADEPO), que contou com a ades\u00e3o de estudantes, povos origin\u00e1rios e seus basti\u00f5es de luta, e outros setores organizados, com barricadas e bloqueios de estradas que paralisaram as principais art\u00e9rias vi\u00e1rias da capital panamenha e de outras localidades do pa\u00eds.<\/p>\n<p>A Propuesta Socialista [Proposta Socialista], se\u00e7\u00e3o panamenha da Unidade Internacional de Trabalhadoras e Trabalhadores \u2013 Quarta Internacional (UIT-QI), tem participado dos protestos e das mobiliza\u00e7\u00f5es, defendendo a continuidade da luta at\u00e9 que a Lei 406, que respalda o contrato com a transnacional canadense, seja revogada.<\/p>\n<p>A organiza\u00e7\u00e3o responsabiliza o governo Cortizo-Carrizo e os deputados e as deputadas pela entrega do pa\u00eds \u00e0s transnacionais imperialistas e rejeita a tentativa do governo PRD-Cortizo-Carrizo de judicializar o protesto.<\/p>\n<p>Em comunicado recentemente publicado, a Propuesta Socialista levantou as palavras de ordem: Abaixo a Lei 406, que vende e destr\u00f3i o pa\u00eds e contribui para a degrada\u00e7\u00e3o do planeta! N\u00e3o ao uso da \u201cfalsa morat\u00f3ria\u201d para impor a explora\u00e7\u00e3o mineral antinacional no Panam\u00e1!<\/p>\n<p>N\u00f3s, da UIT-QI, damos todo o nosso apoio \u00e0 luta do povo panamenho contra a Lei 406 e o contrato mineiro com a transnacional First Quantum Minerals. Apelamos \u00e0 unifica\u00e7\u00e3o e ao aprofundamento da luta at\u00e9 que essa lei leonina, que amea\u00e7a os interesses do povo panamenho, seja re<span style=\"font-family: inherit; font-style: inherit; font-weight: inherit;\">vogada.<\/span><\/p>\n<p>17 de novembro de 2023<\/p>\n","protected":false},"excerpt":{"rendered":"<p>Por Unidade Internacional de Trabalhadoras e Trabalhadores \u2013 Quarta Internacional (UIT-QI) No Panam\u00e1, ocorre h\u00e1 2 meses uma enorme revolta oper\u00e1ria e popular contra um contrato de minera\u00e7\u00e3o assinado entre o governo de Laurentino Cortizo [presidente do Panam\u00e1] e a transnacional canadense First Quantum Minerals.<\/p>\n","protected":false},"author":1,"featured_media":13231,"comment_status":"open","ping_status":"open","sticky":false,"template":"","format":"standard","meta":{"footnotes":""},"categories":[6],"tags":[],"class_list":["post-13230","post","type-post","status-publish","format-standard","has-post-thumbnail","hentry","category-internacional"],"_links":{"self":[{"href":"https:\/\/www.cstuit.com\/home\/wp-json\/wp\/v2\/posts\/13230","targetHints":{"allow":["GET"]}}],"collection":[{"href":"https:\/\/www.cstuit.com\/home\/wp-json\/wp\/v2\/posts"}],"about":[{"href":"https:\/\/www.cstuit.com\/home\/wp-json\/wp\/v2\/types\/post"}],"author":[{"embeddable":true,"href":"https:\/\/www.cstuit.com\/home\/wp-json\/wp\/v2\/users\/1"}],"replies":[{"embeddable":true,"href":"https:\/\/www.cstuit.com\/home\/wp-json\/wp\/v2\/comments?post=13230"}],"version-history":[{"count":0,"href":"https:\/\/www.cstuit.com\/home\/wp-json\/wp\/v2\/posts\/13230\/revisions"}],"wp:featuredmedia":[{"embeddable":true,"href":"https:\/\/www.cstuit.com\/home\/wp-json\/wp\/v2\/media\/13231"}],"wp:attachment":[{"href":"https:\/\/www.cstuit.com\/home\/wp-json\/wp\/v2\/media?parent=13230"}],"wp:term":[{"taxonomy":"category","embeddable":true,"href":"https:\/\/www.cstuit.com\/home\/wp-json\/wp\/v2\/categories?post=13230"},{"taxonomy":"post_tag","embeddable":true,"href":"https:\/\/www.cstuit.com\/home\/wp-json\/wp\/v2\/tags?post=13230"}],"curies":[{"name":"wp","href":"https:\/\/api.w.org\/{rel}","templated":true}]}}