

	{"id":13233,"date":"2023-11-18T20:18:01","date_gmt":"2023-11-18T23:18:01","guid":{"rendered":"https:\/\/www.cstuit.com\/home\/?p=13233"},"modified":"2023-11-18T20:18:01","modified_gmt":"2023-11-18T23:18:01","slug":"argentina-o-segundo-turno-e-os-debates-na-fit-u","status":"publish","type":"post","link":"https:\/\/www.cstuit.com\/home\/2023\/11\/18\/argentina-o-segundo-turno-e-os-debates-na-fit-u\/","title":{"rendered":"Argentina: o segundo turno e os debates na FIT-U"},"content":{"rendered":"<p><span style=\"font-family: inherit; font-style: inherit; font-weight: inherit;\"><em>por<\/em> <strong>Miguel Sorans, dirigente da Izquierda Socialista e da UIT-QI<\/strong><\/span><\/p>\n<p>&nbsp;<\/p>\n<p>Em raz\u00e3o do segundo turno presidencial na Argentina, abriu-se um debate entre os partidos que comp\u00f5em a FIT-Unidade (Frente de Esquerda e dos Trabalhadores). N\u00e3o era inten\u00e7\u00e3o de nosso partido, Izquierda Socialista, entrar em pol\u00eamicas pela t\u00e1tica adotada por cada organiza\u00e7\u00e3o. No entanto, dadas as cr\u00edticas p\u00fablicas contra nosso partido por parte do PTS, PO e MST, devido \u00e0 nossa posi\u00e7\u00e3o de voto cr\u00edtico em Massa para derrotar o ultradireitista Milei, vemo-nos na obriga\u00e7\u00e3o de responder, buscando elucidar as d\u00favidas daqueles que acompanham as diferentes publica\u00e7\u00f5es e pol\u00eamicas da esquerda.<\/p>\n<p>&nbsp;<\/p>\n<h3>Izquierda Socialista impulsiona o voto cr\u00edtico em Massa, mas respeita a diversidade de t\u00e1ticas da FIT-U diante do segundo turno<\/h3>\n<p>&nbsp;<\/p>\n<p>Sabemos que muitas companheiras e companheiros simpatizantes da FIT-Unidade e da esquerda, logicamente, est\u00e3o preocupados que esse tipo de debate possa deteriorar a unidade da frente. Mas esses debates s\u00e3o moeda corrente desde que a Frente de Esquerda foi fundada h\u00e1 12 anos. J\u00e1 houve diversos e muitos duros, por exemplo, durante as PASO. A Izquierda Socialista respeita a diversidade que existe dentro da FIT-Unidade, assim como seus debates, e consideramos que sempre temos que encar\u00e1-los para fortalecer a Frente. Temos uma s\u00f3lida unidade, com um programa revolucion\u00e1rio estrat\u00e9gico na luta por um governo da classe trabalhadora, mas temos muitas diferen\u00e7as pol\u00edticas e de crit\u00e9rios, inclusive de como abordar os debates.<\/p>\n<p>Pela Izquierda Socialista, por exemplo, n\u00e3o consideramos que seja muito positivo que, pela diversidade de uma t\u00e1tica eleitoral em um segundo turno, seja voto cr\u00edtico ou voto em branco, sejam utilizados termos como \u201coportunista\u201d. Mas cada organiza\u00e7\u00e3o faz os debates como lhe parece melhor. De nossa parte, n\u00e3o nos passou pela cabe\u00e7a definir os que deliberaram pela posi\u00e7\u00e3o de voto em branco ou absten\u00e7\u00e3o, entre Milei e Massa, como \u201csect\u00e1rios\u201d ou outros termos do tipo. Em nossa declara\u00e7\u00e3o de 06\/11\/2023 (ver https:\/\/www.cstuit.com\/home\/2023\/11\/07\/argentina-votar-contra-o-ultradireitista-milei\/) dizemos nitidamente que respeitamos essa posi\u00e7\u00e3o: \u201cAinda que n\u00e3o compartilhemos dessa posi\u00e7\u00e3o nem seja a nossa proposta, respeitamos como alternativas para repudiar o ultradireitista Milei o voto em branco, nulo ou absten\u00e7\u00e3o\u201d. Inclusive reafirmamos com orgulho que, depois de dez dias de intenso debate interno, quando adotamos a t\u00e1tica do voto cr\u00edtico, em nosso partido decidimos democraticamente autorizar companheiras e companheiros que n\u00e3o concordam com a posi\u00e7\u00e3o amplamente majorit\u00e1ria a expressarem seu pr\u00f3prio crit\u00e9rio de voto no segundo turno.<\/p>\n<p>&nbsp;<\/p>\n<h3>\u00c9 muito equivocado acusar a Izquierda Socialista de \u201ccapitular\u201d, de \u201coportunista ou de \u201cembelezar Massa\u201d<\/h3>\n<p>&nbsp;<\/p>\n<p>Guillo Pistonesi, dirigente do PTS, escreveu uma nota falando de \u201ccapitula\u00e7\u00e3o\u201d da Izquierda Socialista e que \u201cmenciona s\u00f3 de passagem\u201d Sergio Massa e seu apoio a Israel (Izquierda Diario, 16\/11\/2023). Guillermo Pacagnini, dirigente do MST, chega ao c\u00famulo de dizer que \u201cposturas oportunistas, como as da IS, semeiam expectativas em Massa\u201d (Periodismo de Izquierda, 13\/11\/2023).<\/p>\n<p>Tanto as express\u00f5es do PTS como do MST s\u00e3o falsas. A IS n\u00e3o menciona Massa, seu governo patronal e suas posi\u00e7\u00f5es pr\u00f3-imperialistas e pr\u00f3-sionistas \u201cs\u00f3 de passagem\u201d, nem \u201csemeia expectativas em Massa\u201d. Muito pelo contr\u00e1rio. Explicamos o significado do voto cr\u00edtico em Massa. Basta voltar a escutar as declara\u00e7\u00f5es de nossas figuras p\u00fablicas, como \u201cPollo\u201d Sobrero ou Giordano, assim como ler nossa declara\u00e7\u00e3o p\u00fablica para saber que denunciamos permanentemente Massa e seu governo ajustador. N\u00e3o deixamos de faz\u00ea-lo nem por um segundo. Nossa den\u00fancia de Massa n\u00e3o \u00e9 \u201cde passagem\u201d. Nossa pr\u00f3pria declara\u00e7\u00e3o inicia denunciando Massa: \u201cem primeiro lugar, queremos apontar que se trata de uma disputa entre dois candidatos patronais que, com seus distintos projetos e especificidades, representam os grandes empres\u00e1rios, os bancos, as multinacionais e o FMI. S\u00e3o duas variantes do ajuste contra a classe trabalhadora. Um deles, Sergio Massa, j\u00e1 est\u00e1 aplicando esse ajuste atrav\u00e9s do governo que ele mesmo integra, junto a Alberto e Cristina Fern\u00e1ndez, apoiado pela burocracia sindical. O outro, o ultradireitista Javier Milei, que n\u00e3o deixa de anunciar seu plano \u201cmotosserra\u201d contra o povo trabalhador. Por isso, dizemos que, ganhe quem ganhar, seguir\u00e1 sendo aplicado um maior ajuste e submiss\u00e3o ao Fundo Monet\u00e1rio, o que enfrentamos desde j\u00e1\u201d. Fomos n\u00edtidos e contundentes com o significado do voto cr\u00edtico em Massa: \u201cEsse voto n\u00e3o significa apoiar o atual governo patronal e ajustador nem sua pol\u00edtica de aval ao genoc\u00eddio de Israel contra o povo palestino em Gaza, como viemos denunciando. \u00c9 um voto de nariz tapado, que acompanha milh\u00f5es de trabalhadores e trabalhadoras para tentar impedir que a partir do dia 10 de dezembro tenhamos um governo de ultradireita do fascista Milei, como foi, por exemplo, o de Bolsonaro, no Brasil\u201d. (Declara\u00e7\u00e3o da IS, 06\/11\/2023, com tradu\u00e7\u00e3o dispon\u00edvel no site da CST, link j\u00e1 citado). Isso foi deixado n\u00edtido em todo o jornalismo quando foi difundida a not\u00edcia de nossa posi\u00e7\u00e3o, dizendo que o faz\u00edamos \u201ccriticamente\u201d, ou seja, sem dar nenhum apoio ou aval a esse governo ou ao que venha.<\/p>\n<p>&nbsp;<\/p>\n<h3>Os votos cr\u00edticos do PTS, PO e MST em variantes patronais em outros pa\u00edses n\u00e3o colocaram \u201cem quest\u00e3o\u201d a independ\u00eancia de classe?<\/h3>\n<p>&nbsp;<\/p>\n<p>O companheiro Pistonesi afirma, em nome do PTS, que o voto cr\u00edtico em Massa por parte da IS coloca \u201cem quest\u00e3o a independ\u00eancia pol\u00edtica\u201d de classe da FIT-U. O PO faz a mesma cr\u00edtica, na nota de Pablo Giachelo na Prensa Obrera (13\/11\/2023) com o t\u00edtulo \u201cUm golpe na luta pela independ\u00eancia pol\u00edtica dos trabalhadores\u201d. A mesma defini\u00e7\u00e3o \u00e9 repetida pelo MST na nota j\u00e1 citada.<\/p>\n<p>Querem dar a entender que a IS romperia com um princ\u00edpio da FIT-U, mas nada mais longe da realidade. Elucidamos, mais uma vez, que se trata de uma t\u00e1tica eleitoral (nenhuma quest\u00e3o de \u201cprinc\u00edpios\u201d) que, em algumas ocasi\u00f5es, n\u00f3s, socialistas revolucion\u00e1rias, temos utilizado.<\/p>\n<p>O contradit\u00f3rio e curioso \u00e9 que tanto o PTS, como o PO e MST, com seus partidos ou grupos aliados, adotaram essa t\u00e1tica eleitoral em diversas elei\u00e7\u00f5es da Am\u00e9rica Latina.<\/p>\n<p>O PO reconhece em sua declara\u00e7\u00e3o sobre o segundo turno: \u201cnos posicionamos pelo voto em Boric, Castillo, Petro e no MAS da Bol\u00edvia\u201d. Faltou agregar que, assim como o PTS e o MST, todos acompanharam o voto cr\u00edtico no candidato Fernando Haddad, do PT e seus aliados patronais, contra Bolsonaro, no Brasil, em 2018.<\/p>\n<p>Concordamos com essas t\u00e1ticas de \u201cvoto cr\u00edtico\u201d. Nossa corrente internacional, a UIT-QI, tamb\u00e9m utilizou alguns desses votos cr\u00edticos. Em especial o de Haddad contra Bolsonaro. Mas \u00e9 importante elucidar as lutadoras e lutadores que trata-se de votos cr\u00edticos em candidatos de f\u00f3rmulas burguesas contra variantes de ultradireita similares a Milei. Vejamos como formulou o MRT, do Brasil, partido aliado do PTS: \u201cChamamos o voto cr\u00edtico em Haddad sem dar nenhum apoio pol\u00edtico ao PT, j\u00e1 que n\u00e3o compartilhamos de sua estrat\u00e9gia de concilia\u00e7\u00e3o de classes\u201d (Flavia Valle e Ma\u00edra Machado, professoras e militantes do MRT, 17\/10\/2018 \u2013 Esquerda Di\u00e1rio, Brasil). Palavras mais, palavras menos, \u00e9 similar \u00e0 formula\u00e7\u00e3o de voto cr\u00edtico da Izquierda Socialista em Massa.<\/p>\n<p>Ou seja, quando se trata do PTS, PO e MST, a independ\u00eancia pol\u00edtica de classe n\u00e3o est\u00e1 em \u201cquest\u00e3o\u201d? Apenas quando se trata da Izquierda Socialista? Essas acusa\u00e7\u00f5es n\u00e3o resistem \u00e0 menor an\u00e1lise. \u00c9 outra das incoer\u00eancias do PTS, PO e MST.<\/p>\n<p>&nbsp;<\/p>\n<h3>N\u00e3o concordamos com a vis\u00e3o do PTS, PO e MST que considera que d\u00e1 na mesma que ganhe Milei. Por isso, chamamos o voto cr\u00edtico em Massa.<\/h3>\n<p>&nbsp;<\/p>\n<p>As companheiras e companheiros das dire\u00e7\u00f5es do PTS, PO e MST tentam justificar seu voto confuso que, na pr\u00e1tica, \u00e9 um nem-nem: nem Milei nem Massa, argumentando que uma vit\u00f3ria de Milei n\u00e3o levaria a um \u201cregime fascista\u201d. Segundo o companheiro Pistonesi\/PST: \u201cA IS busca justificar o voto em Massa dando a entender que com Milei haveria uma mudan\u00e7a de regime, um tipo de golpe de Estado atrav\u00e9s da via eleitoral. E o governo de unidade nacional com a direita promovido pelo atual ministro Massa seria o dique de conten\u00e7\u00e3o para evit\u00e1-lo, ao inv\u00e9s de chamar a frente \u00fanica oper\u00e1ria para combat\u00ea-los com a luta juntos, como um s\u00f3 punho, mas mantendo a independ\u00eancia pol\u00edtica, sem misturar bandeiras chamando a votar em um representante direto das patronais como Sergio Massa\u201d.<\/p>\n<p>Aqui h\u00e1 v\u00e1rias coisas para elucidar, j\u00e1 que Pistonesi\/PTS falsifica e distorce a posi\u00e7\u00e3o da Izquierda Socialista. Em nenhum lugar a IS escreveu ou disse, tampouco est\u00e1 \u201cdando a entender\u201d que, caso ganhe Milei, ocorreria uma \u201cmudan\u00e7a de regime\u201d com \u201cum tipo de golpe de Estado\u201d. E muito menos que \u201co governo de unidade nacional\u201d de Massa \u201cseria o dique de conten\u00e7\u00e3o\u201d e que, por isso, chamamos a \u201cvotar em um representante direto das patronais como Sergio Massa\u201d. Tudo isso foi inventado por Pistonesi.<\/p>\n<p>N\u00e3o consideramos que um poss\u00edvel triunfo eleitoral de Milei, automaticamente, signifique um \u201cgolpe\u201d ou \u201cmudan\u00e7a de regime fascista\u201d no sentido de que, no dia seguinte, as liberdades democr\u00e1ticas seriam proibidas, o parlamento fechado, os partidos pol\u00edticos proibidos, o direito de greve anulado e milhares de pessoas presas. Ou seja, que seria uma contrarrevolu\u00e7\u00e3o fascista. Mas o PTS, PO e MST acham que d\u00e1 na mesma que o pa\u00eds possa ser governado pelos fascistas Milei e Villarruel? N\u00e3o \u00e9 preciso um golpe fascista para que um governo de ultradireita tente aplicar medidas como, por exemplo, perdoar os genocidas da ditadura, privatizar a educa\u00e7\u00e3o, sa\u00fade e ferrovias, anular o direito ao aborto legal, fechar minist\u00e9rios e deixar milhares de demitidos nas ruas ou reprimir marchas piqueteiras e oper\u00e1rias por suas reivindica\u00e7\u00f5es. Isso \u00e9 o que preocupa milh\u00f5es de trabalhadoras e trabalhadores, mulheres e dissid\u00eancias, juventude, piqueteiros, estudantes e professores, que, por isso, v\u00e3o votar em Massa com o nariz tapado, tentando evitar que o fascista Milei chegue ao governo. Simples assim.<\/p>\n<p>Isso \u00e9 o que negam o PTS, PO e MST quando chegam ao c\u00famulo de minimizar os impactos de um poss\u00edvel governo de Milei\/Villarruel. Pistonesi\/PTS \u00e9 o mais n\u00edtido. Chega a dizer que \u201choje A Liberdade Avan\u00e7a (partido de Milei) \u00e9 uma corrente com pouca milit\u00e2ncia, que nem sequer tem capacidade pr\u00f3pria para fiscalizar uma elei\u00e7\u00e3o de forma eficiente\u201d. Ou seja, n\u00e3o \u00e9 preciso se preocupar.<\/p>\n<p>A miopia e confus\u00e3o pol\u00edtica do PTS, PO e MST \u00e9 chamativa. Bolsonaro, no Brasil, entre 2018-2022, n\u00e3o produziu uma \u201cmudan\u00e7a de regime fascista\u201d, nem foram proibidos os partidos pol\u00edticos e as liberdades democr\u00e1ticas, como o direito de greve. Mas Bolsonaro era e \u00e9 um ultradireitista, fascista e seu governo reacion\u00e1rio atuou contra as massas e seus direitos. Por seu negacionismo da pandemia da Covid e sua oposi\u00e7\u00e3o \u00e0s vacinas, fez com que no Brasil morressem centenas de milhares de pessoas. Bolsonaro perseguiu e retirou direitos das e dos trabalhadores, das mulheres, das dissid\u00eancias e do movimento negro antirracista. E, quando perdeu as elei\u00e7\u00f5es em 2022, tentou dar um golpe de Estado, que fracassou.<\/p>\n<p>Pistonesi\/PTS tenta se pintar de \u201ccombativo\u201d e acusa falsamente a Izquierda Socialista de querer combater a ultradireita apenas com um \u201cvoto cr\u00edtico\u201d e n\u00e3o com \u201ca luta juntos, como um s\u00f3 punho\u201d. Lamentamos que tentem divulgar outra cal\u00fania e falsifica\u00e7\u00e3o. A IS sempre convocou a se mobilizar contra as a\u00e7\u00f5es e atentados fascistas, como foi o caso do ataque \u00e0 nossa sede em La Plata ou de outros partidos de esquerda. Ou como fizemos participando da marcha unit\u00e1ria antirrepressiva do dia 9 de novembro junto ao Encontro Mem\u00f3ria, Verdade e Justi\u00e7a, que integramos com a FIT-Unidade e inumer\u00e1veis organiza\u00e7\u00f5es contra a criminaliza\u00e7\u00e3o do protesto por parte do atual governo peronista e pelas amea\u00e7as de Milei.<\/p>\n<p>Pistonesi\/PTS fala muito em sua nota do Brasil e do surgimento de Bolsonaro, mas esconde ou se esquece de mencionar que o PTS no Brasil, com seu partido aliado, o MRT, fez uso da t\u00e1tica de \u201cvoto cr\u00edtico\u201d no candidato Haddad e seus aliados patronais contra Bolsonaro nas elei\u00e7\u00f5es de 2018. Diziam ent\u00e3o que \u201ccompartilhando do \u00f3dio e da vontade de lutar de todos os trabalhadores e jovens que querem derrotar Bolsonaro, acompanhamos seus votos nas urnas e votamos criticamente em Haddad\u201d (Esquerda Di\u00e1rio, Brasil, 17\/10\/2018). Algo parecido ao que dizemos atualmente como Izquierda Socialista: acompanhamos os milh\u00f5es de trabalhadoras, trabalhadores e jovens que querem derrotar o ultradireitista Milei com um voto cr\u00edtico em Massa, sem dar-lhe apoio pol\u00edtico.<\/p>\n<p>Ou seja, no Brasil o PTS usou o voto para impedir a chegada de um governo de ultradireita. No entanto, Pistonesi\/PTS parece usar a m\u00e1xima \u201cfa\u00e7a o que eu digo, n\u00e3o o que eu fa\u00e7o\u201d.<\/p>\n<p>Brasil e Argentina t\u00eam semelhan\u00e7as pol\u00edticas. Milei e a ultradireita cresceram na Argentina n\u00e3o s\u00f3 porque Massa preparou a lista para eles. Cresceu fundamentalmente pelo desastre econ\u00f4mico e social ao que nos levaram os governos patronais que ajustaram o povo trabalhador. Bolsonaro chegou ao governo depois de 12 anos de ajuste do governo do PT. Oito anos do governo de Lula com o empres\u00e1rio Alencar e quatro anos de Dilma Rousseff com o liberal Temer de vice. Lamentavelmente, o \u00f3dio popular a Lula e Dilma, assim como ocorre aqui com o governo peronista de Alberto, Cristina Fern\u00e1ndez e Massa, levam \u00e0 confus\u00e3o de milh\u00f5es que votam na ultradireita.<\/p>\n<p>&nbsp;<\/p>\n<h3>Ganhe quem ganhar o segundo turno, seguiremos enfrentando o maior ajuste e entrega do FMI<\/h3>\n<p>&nbsp;<\/p>\n<p>J\u00e1 estamos nas v\u00e9speras do segundo turno. Esperamos que o debate na FIT-U e com milhares que simpatizam com a esquerda \u2013 muitos eleitores de Myrian Bregman no primeiro turno \u2013 e dizem n\u00e3o a Milei, e se disp\u00f5em a votar com o nariz tapado em Massa, ajude as dire\u00e7\u00f5es do PTS, PO e MST a refletir.<\/p>\n<p>O importante \u00e9 que, como dissemos em nossa declara\u00e7\u00e3o de 6\/11: \u201cganhe quem ganhar, seguir\u00e1 sendo aplicado um maior ajuste e submiss\u00e3o ao Fundo Monet\u00e1rio, o que enfrentamos desde j\u00e1, defendendo, como fizemos com a FIT-Unidade, uma sa\u00edda alternativa: a ruptura com o FMI, o n\u00e3o pagamento da d\u00edvida, um plano econ\u00f4mico oper\u00e1rio e popular e um governo da classe trabalhadora junto \u00e0 esquerda\u201d.<\/p>\n<p>Isso \u00e9 o fundamental para a Izquierda Socialista. Para al\u00e9m das diversas t\u00e1ticas eleitorais que tivemos no interior da FIT-U, temos a firme convic\u00e7\u00e3o de que a FIT-U sair\u00e1 unida, como j\u00e1 ocorreu outras vezes, para enfrentar o governo que surja do dia 19 de novembro, seja Massa ou Milei.<\/p>\n<p>Nesse sentido, reiteramos o que afirmamos em nossa declara\u00e7\u00e3o do dia 6\/11: \u201cPara al\u00e9m de como se expresse o voto contra o ultradireitista Milei no dia 19 de novembro, o importante \u00e9 que assumamos o compromisso de seguir impulsionando as lutas oper\u00e1rias e populares em unidade para enfrentar o maior ajuste que vir\u00e1, do atual governo ou do pr\u00f3ximo. A Izquierda Socialista impulsionar\u00e1 a maior unidade para dar essa batalha nas ruas e no parlamento, lutando por uma sa\u00edda oper\u00e1ria e socialista junto \u00e0 Frente de Esquerda. Chamando a fortalecer uma alternativa pol\u00edtica independente das e dos trabalhadores e da esquerda, construindo nosso partido Izquierda Socialista e a FIT-Unidade, a grande ferramenta de unidade d<span style=\"font-family: inherit; font-style: inherit; font-weight: inherit;\">a esquerda que conquistamos\u201d.<\/span><\/p>\n<p>17\/11\/2023<\/p>\n","protected":false},"excerpt":{"rendered":"<p>por Miguel Sorans, dirigente da Izquierda Socialista e da UIT-QI &nbsp; Em raz\u00e3o do segundo turno presidencial na Argentina, abriu-se um debate entre os partidos que comp\u00f5em a FIT-Unidade (Frente de Esquerda e dos Trabalhadores). N\u00e3o era inten\u00e7\u00e3o de nosso partido, Izquierda Socialista, entrar em<\/p>\n","protected":false},"author":1,"featured_media":13234,"comment_status":"open","ping_status":"open","sticky":false,"template":"","format":"standard","meta":{"footnotes":""},"categories":[6],"tags":[],"class_list":["post-13233","post","type-post","status-publish","format-standard","has-post-thumbnail","hentry","category-internacional"],"_links":{"self":[{"href":"https:\/\/www.cstuit.com\/home\/wp-json\/wp\/v2\/posts\/13233","targetHints":{"allow":["GET"]}}],"collection":[{"href":"https:\/\/www.cstuit.com\/home\/wp-json\/wp\/v2\/posts"}],"about":[{"href":"https:\/\/www.cstuit.com\/home\/wp-json\/wp\/v2\/types\/post"}],"author":[{"embeddable":true,"href":"https:\/\/www.cstuit.com\/home\/wp-json\/wp\/v2\/users\/1"}],"replies":[{"embeddable":true,"href":"https:\/\/www.cstuit.com\/home\/wp-json\/wp\/v2\/comments?post=13233"}],"version-history":[{"count":0,"href":"https:\/\/www.cstuit.com\/home\/wp-json\/wp\/v2\/posts\/13233\/revisions"}],"wp:featuredmedia":[{"embeddable":true,"href":"https:\/\/www.cstuit.com\/home\/wp-json\/wp\/v2\/media\/13234"}],"wp:attachment":[{"href":"https:\/\/www.cstuit.com\/home\/wp-json\/wp\/v2\/media?parent=13233"}],"wp:term":[{"taxonomy":"category","embeddable":true,"href":"https:\/\/www.cstuit.com\/home\/wp-json\/wp\/v2\/categories?post=13233"},{"taxonomy":"post_tag","embeddable":true,"href":"https:\/\/www.cstuit.com\/home\/wp-json\/wp\/v2\/tags?post=13233"}],"curies":[{"name":"wp","href":"https:\/\/api.w.org\/{rel}","templated":true}]}}