

	{"id":13413,"date":"2023-12-14T15:27:48","date_gmt":"2023-12-14T18:27:48","guid":{"rendered":"https:\/\/www.cstuit.com\/home\/?p=13413"},"modified":"2023-12-14T15:27:48","modified_gmt":"2023-12-14T18:27:48","slug":"exitoso-congresso-da-uit-qi","status":"publish","type":"post","link":"https:\/\/www.cstuit.com\/home\/2023\/12\/14\/exitoso-congresso-da-uit-qi\/","title":{"rendered":"Exitoso congresso da UIT-QI"},"content":{"rendered":"<p>por Adolfo Santos<\/p>\n<p>Entre os dias 7, 8, 9 e 10 de dezembro, na cidade de Buenos Aires, a Unidade Internacional de Trabalhadoras e Trabalhadores &#8211; Quarta Internacional (UIT-QI), realizou seu oitavo congresso mundial. Foram quatro dias de muito debate e elabora\u00e7\u00e3o em torno dos documentos apresentados e das contribui\u00e7\u00f5es realizadas por militantes e dirigentes dos diferentes partidos que comp\u00f5em a organiza\u00e7\u00e3o, atrav\u00e9s de boletins de discuss\u00e3o interna.<br \/>\nO evento come\u00e7ou com uma proposta de presid\u00eancia honor\u00e1ria votada pelos delegados presentes. Ela ficou formada, em primeiro lugar, pelo heroico povo palestino que resiste ao genoc\u00eddio perpetuado pelo sionismo e pelas companheiras e companheiros falecidos nesse per\u00edodo. Mencionamos de forma destacada a companheira Silvia Santos \u201cPesta\u00f1a\u201d, que foi integrante do secretariado da UIT-QI; a companheira Carmen Moncada, dirigente do MST, do Chile; o companheiro Ahmet Muhittin, dirigente do Partido da Democracia Oper\u00e1ria (IDP), da Turquia; o companheiro Virgilio Arauz \u201c Villo\u201d, dirigente da Proposta Socialista, do Panam\u00e1. E companheiros de longa trajet\u00f3ria em nossa corrente, como Victor Muller e Gabriel Zadunaisky, da Izquierda Socialista, da Argentina. Al\u00e9m disso, foi proposto que a presid\u00eancia honor\u00e1ria fosse integrada pelo companheiro Hugo Blanco, hist\u00f3rico dirigente campon\u00eas do Peru.<br \/>\nA partir desse momento e da aprova\u00e7\u00e3o do informe de credenciamento de delegados por se\u00e7\u00f5es e convidados, foram designados membros do Comit\u00ea Executivo Internacional para presidir de forma efetiva os trabalhos. Destacou-se a presen\u00e7a de uma delega\u00e7\u00e3o do MAS, de Portugal, recentemente incorporado \u00e0 UIT-QI, e de um convidado representando o grupo UNIR, da Col\u00f4mbia. Foram lidas e reproduzidas sauda\u00e7\u00f5es e mensagens de v\u00e1rios pa\u00edses (ver nota \u201cImportantes presen\u00e7as\u2026\u201d). Votada a extensa pauta, come\u00e7aram os trabalhos do Congresso, com participa\u00e7\u00e3o de forma virtual da companheira Priscila Vasquez, dirigente da Associa\u00e7\u00e3o de Empregados da Previd\u00eancia Social e da Proposta Socialista do Panam\u00e1, do companheiro Atakan, dirigente do IDP da Turquia, e um companheiro do MST da Rep\u00fablica Dominicana.<\/p>\n<h5>Os debates<\/h5>\n<p>O primeiro ponto foi sobre a situa\u00e7\u00e3o pol\u00edtica mundial, para o qual se tomou como base o extenso projeto de documento elaborado pela dire\u00e7\u00e3o da Internacional. O informe inicial foi apresentado pelo companheiro Miguel Sorans, dirigente do CEI e da Izquierda Socialista, da Argentina.<br \/>\nO segundo ponto foi sobre o balan\u00e7o de atividades e a orienta\u00e7\u00e3o da UIT-QI. O informe foi apresentado pelo companheiro Miguel \u00c1ngel Hern\u00e1ndez, membro do CEI e dirigente do Partido Socialismo e Liberdade, da Venezuela. Mesmo o per\u00edodo do balan\u00e7o tendo um primeiro ano ainda atravessado pela pandemia, o balan\u00e7o foi positivo. Um dos pontos destacados do balan\u00e7o foi a incorpora\u00e7\u00e3o \u00e0 UIT-QI do Movimento Alternativa Socialista (MAS), de Portugal, o que fortalece nossa presen\u00e7a na Europa. Tamb\u00e9m se constatou o avan\u00e7o na rela\u00e7\u00e3o com outros grupos e correntes, como a Unidade de Esquerda Revolucion\u00e1ria (UNIR), da Col\u00f4mbia, e lutadoras e lutadores palestinos que atuam contra os ataques sionistas.<br \/>\nNesse per\u00edodo, por iniciativa da Luta Internacionalista, do Estado Espanhol, foram realizadas quatro caravanas de apoio solid\u00e1rio \u00e0 resist\u00eancia popular ucraniana contra a invas\u00e3o de Putin, com uma posi\u00e7\u00e3o de absoluta independ\u00eancia em rela\u00e7\u00e3o ao governo burgu\u00eas de Zelensky e de rep\u00fadio \u00e0 OTAN. Atrav\u00e9s dessa importante atividade, estabelecemos rela\u00e7\u00f5es com dirigentes sindicais, sociais e pol\u00edticos desse pa\u00eds, cujo avan\u00e7o ser\u00e1 parte dos desafios do pr\u00f3ximo per\u00edodo. Mas, sem d\u00favidas, o destaque dessa extens\u00e3o de nossa internacional foi a incorpora\u00e7\u00e3o do MAS, de Portugal, uma organiza\u00e7\u00e3o de car\u00e1ter nacional com presen\u00e7a em Lisboa, Porto, Braga e Barcelos e com trabalhos em sindicatos, na juventude, em mulheres e dissid\u00eancias.<\/p>\n<h5>Tarefa cumprida<\/h5>\n<p>O \u00faltimo dia foi dedicado ao debate sobre a atualiza\u00e7\u00e3o dos estatutos da UIT-QI, apresentado por Josep Llu\u00eds del Alc\u00e1zar, dirigente da UIT-QI e da Luta Internacionalista, \u00e0 vota\u00e7\u00e3o das resolu\u00e7\u00f5es sobre as tarefas e campanhas surgidas durante o Congresso e \u00e0 elei\u00e7\u00e3o da dire\u00e7\u00e3o da Internacional para o pr\u00f3ximo per\u00edodo. Sem d\u00favidas, foram quatro dias de intensos trabalhos que culminaram com um encerramento vibrante cantando as estrofes da Internacional. Apesar do cansa\u00e7o, ficou evidente a satisfa\u00e7\u00e3o das e dos delegados que se preparavam para voltar aos seus respectivos pa\u00edses para continuar a luta para unir as e os revolucion\u00e1rios com o objetivo de reconstruir a IV Internacional. Sa\u00edmos fortalecidos e otimistas para intervir com tudo nas lutas que vir\u00e3o; por isso, podemos dizer: tarefa cumprida!<\/p>\n<h5>Importantes presen\u00e7as e sauda\u00e7\u00f5es<\/h5>\n<p>Durante a abertura do Congresso, foi realizado um informe das delega\u00e7\u00f5es participantes. Foram nomeadas as delegadas e delegados das se\u00e7\u00f5es presentes. Argentina, Bol\u00edvia, Brasil, Chile, Col\u00f4mbia, Estado Espanhol, M\u00e9xico, Panam\u00e1, Peru, Portugal, Turquia, Rep\u00fablica Dominicana e Venezuela, sendo que as e os companheiros da Austr\u00e1lia, Noruega, Estados Unidos e It\u00e1lia, por exemplo, n\u00e3o puderam viajar. Entre os presentes podemos destacar a delega\u00e7\u00e3o argentina, encabe\u00e7ada por Juan Carlos Giordano, deputado nacional pela Izquierda Socialista-FIT-U. Enrique Fern\u00e1ndez Chac\u00f3n, de longa trajet\u00f3ria na corrente fundada por Nahuel Moreno, ex-dirigente metal\u00fargico e legislador em v\u00e1rias oportunidades, representando a se\u00e7\u00e3o peruana Un\u00edos-PT. Junto aos delegados de seu pa\u00eds, esteve Jo\u00e3o Batista de Oliveira \u201cBab\u00e1\u201d, da CST, do Brasil, que foi dirigente da Fasubra, federa\u00e7\u00e3o que re\u00fane os trabalhadores universit\u00e1rios de todo o Brasil, fundador da CUT e do PT em suas origens e legislador por v\u00e1rios mandatos. G\u00f6rkem Duru, ex-candidato ao Parlamento por Istambul, representando o IDP, se\u00e7\u00e3o da UIT-QI na Turquia. Al\u00e9m de Miguel \u00c1ngel Hern\u00e1ndez, professor universit\u00e1rio e dirigente do PSL, da Venezuela, Josep Llu\u00eds del Alc\u00e1zar, dirigente docente e da Luta Internacionalista, do Estado Espanhol, entre outros.<\/p>\n<p>Momentos emocionantes foram vividos quando se conectaram virtualmente companheiras e companheiros que vivem situa\u00e7\u00f5es dram\u00e1ticas em seus pa\u00edses. Da Faixa de Gaza, dirigiram a palavra o companheiro Fayez e a companheira Amal, ambos do Sindicato Comit\u00ea Oper\u00e1rio Industrial de Trabalhadores Palestinos, e de Jerusal\u00e9m recebemos a sauda\u00e7\u00e3o do companheiro Hala, coordenador do Coletivo Solidariedade. Da mesma forma, foi muito importante escutar o companheiro Sergei Movchan, de Kiev, Ucr\u00e2nia, pa\u00eds invadido e massacrado pela R\u00fassia de Putin, e de Senegal tivemos a sauda\u00e7\u00e3o de Ibrahima, Secret\u00e1rio-Geral do sindicato de docentes desse pa\u00eds. Tamb\u00e9m foi lida uma sauda\u00e7\u00e3o da tend\u00eancia Quarta Internacional do PCL, da It\u00e1lia. Todos foram recebidos com aplausos por parte dos delegados.<br \/>\nEssas importantes presen\u00e7as, assim como as interven\u00e7\u00f5es e sauda\u00e7\u00f5es virtuais, n\u00e3o somente s\u00e3o um orgulho para nossa Internacional, mas nos exige redobrar esfor\u00e7os para contribuir com a luta mundial em defesa da classe trabalhadora e dos povos oprimidos e nos imp\u00f5e a tarefa de continuar apostando na unidade das e dos revolucion\u00e1rios de todo o mundo na batalha para superar a crise de dire\u00e7\u00e3o.<\/p>\n","protected":false},"excerpt":{"rendered":"<p>por Adolfo Santos Entre os dias 7, 8, 9 e 10 de dezembro, na cidade de Buenos Aires, a Unidade Internacional de Trabalhadoras e Trabalhadores &#8211; Quarta Internacional (UIT-QI), realizou seu oitavo congresso mundial. Foram quatro dias de muito debate e elabora\u00e7\u00e3o em torno dos<\/p>\n","protected":false},"author":1,"featured_media":13414,"comment_status":"open","ping_status":"open","sticky":false,"template":"","format":"standard","meta":{"footnotes":""},"categories":[6],"tags":[],"class_list":["post-13413","post","type-post","status-publish","format-standard","has-post-thumbnail","hentry","category-internacional"],"_links":{"self":[{"href":"https:\/\/www.cstuit.com\/home\/wp-json\/wp\/v2\/posts\/13413","targetHints":{"allow":["GET"]}}],"collection":[{"href":"https:\/\/www.cstuit.com\/home\/wp-json\/wp\/v2\/posts"}],"about":[{"href":"https:\/\/www.cstuit.com\/home\/wp-json\/wp\/v2\/types\/post"}],"author":[{"embeddable":true,"href":"https:\/\/www.cstuit.com\/home\/wp-json\/wp\/v2\/users\/1"}],"replies":[{"embeddable":true,"href":"https:\/\/www.cstuit.com\/home\/wp-json\/wp\/v2\/comments?post=13413"}],"version-history":[{"count":0,"href":"https:\/\/www.cstuit.com\/home\/wp-json\/wp\/v2\/posts\/13413\/revisions"}],"wp:featuredmedia":[{"embeddable":true,"href":"https:\/\/www.cstuit.com\/home\/wp-json\/wp\/v2\/media\/13414"}],"wp:attachment":[{"href":"https:\/\/www.cstuit.com\/home\/wp-json\/wp\/v2\/media?parent=13413"}],"wp:term":[{"taxonomy":"category","embeddable":true,"href":"https:\/\/www.cstuit.com\/home\/wp-json\/wp\/v2\/categories?post=13413"},{"taxonomy":"post_tag","embeddable":true,"href":"https:\/\/www.cstuit.com\/home\/wp-json\/wp\/v2\/tags?post=13413"}],"curies":[{"name":"wp","href":"https:\/\/api.w.org\/{rel}","templated":true}]}}