

	{"id":13417,"date":"2023-12-16T10:55:38","date_gmt":"2023-12-16T13:55:38","guid":{"rendered":"https:\/\/www.cstuit.com\/home\/?p=13417"},"modified":"2023-12-30T13:31:31","modified_gmt":"2023-12-30T16:31:31","slug":"seguir-o-exemplo-de-sp","status":"publish","type":"post","link":"https:\/\/www.cstuit.com\/home\/2023\/12\/16\/seguir-o-exemplo-de-sp\/","title":{"rendered":"Seguir o exemplo de SP!"},"content":{"rendered":"<h5>O exemplo de luta que vem de SP<\/h5>\n<p>Nos \u00faltimos dias, n\u00f3s, da CST, estivemos empenhados na constru\u00e7\u00e3o da greve unificada de S\u00e3o Paulo. Felizmente o movimento foi positivo e mostrou a for\u00e7a da classe trabalhadora (ver as p\u00e1ginas centrais). Ao mesmo tempo em que estivemos nessa batalha, n\u00e3o paramos de nos solidarizar com a resist\u00eancia palestina e lutar contra o genoc\u00eddio em Gaza (ver declara\u00e7\u00e3o da UIT-QI nas p\u00e1ginas 10-11). No ato da ALESP, in\u00fameras falas convocaram a solidariedade palestina do dia 29\/11 (ver a cobertura das manifesta\u00e7\u00f5es em nossa p\u00e1gina cst_uit).<\/p>\n<h5>Algumas li\u00e7\u00f5es da greve de SP<\/h5>\n<p>A primeira li\u00e7\u00e3o \u00e9 que o Tarc\u00edsio mant\u00e9m a trucul\u00eancia. Se n\u00e3o for derrotado, ele n\u00e3o vai recuar em seu plano de privatizar Metr\u00f4, CPTM, Sabesp, Porto de Santos e destruir a educa\u00e7\u00e3o p\u00fablica. E ele j\u00e1 disse que vai continuar tentando aplicar esse projeto, pois defende os interesses da burguesia bandeirante e tenta se mostrar como um fiel escudeiro de seus lucros. Ent\u00e3o, a \u00fanica sa\u00edda \u00e9 a luta nas ruas, greves e paralisa\u00e7\u00f5es. Somente a a\u00e7\u00e3o direta da classe trabalhadora pode dobrar o governador, as chefias, a Justi\u00e7a e o parlamento.<\/p>\n<p>Uma segunda li\u00e7\u00e3o \u00e9 que a for\u00e7a da classe trabalhadora est\u00e1 na uni\u00e3o e organiza\u00e7\u00e3o. O governador tem muito poder nas institui\u00e7\u00f5es. Mas isso n\u00e3o significa que ele pode tudo. Por exemplo, o plano de conting\u00eancia dos transportes que ele montou n\u00e3o deu certo. N\u00e3o conseguiu quebrar a greve, que teve alta ades\u00e3o. Alguns trechos da CPTM e Metr\u00f4 funcionaram com setores da chefia e supervis\u00e3o, mas sem dar vaz\u00e3o ao servi\u00e7o. Poucos passageiros se arriscaram nessa aventura. A greve foi bem divulgada e tinha apoio popular.<\/p>\n<h5>N\u00e3o pode ter arrego e nem vacila\u00e7\u00e3o<\/h5>\n<p>O destaque negativo foi a dire\u00e7\u00e3o majorit\u00e1ria da APEOESP (Articula\u00e7\u00e3o Sindical, corrente majorit\u00e1ria do PT e da CUT, liderada por Bebel, corrente do atual presidente Lula). A greve n\u00e3o foi constru\u00edda de verdade. Por que isso ocorreu? Do nosso ponto de vista est\u00e1 ligado ao fato de que o Republicanos, partido de Tarc\u00edsio, acaba de ingressar no governo Lula, no minist\u00e9rio dos Portos. Al\u00e9m disso, o PSD, de Kassab, comp\u00f5e o governo Lula e o governo Tarc\u00edsio. E, por fim, o pr\u00f3prio governo Lula n\u00e3o tem posi\u00e7\u00e3o contr\u00e1ria \u00e0s privatiza\u00e7\u00f5es de SP e autorizou a privatiza\u00e7\u00e3o do Metr\u00f4 de BH, bem como faz projetos pela via das PPPs (parcerias p\u00fablico-privadas). Ent\u00e3o, se reafirma a necessidade de que a CUT, CTB, APEOESP, sindicatos e federa\u00e7\u00f5es sejam independentes do governo Lula\/Alckmin e se voltem para a organiza\u00e7\u00e3o da luta da classe trabalhadora.<\/p>\n<h5>Exigimos da CUT, CTB, APEOESP e MTST uma jornada de lutas<\/h5>\n<p>Exigimos que se convoque uma nova jornada de lutas em SP e em n\u00edvel nacional. Um protesto contras as privatiza\u00e7\u00f5es, reintegra\u00e7\u00e3o dos demitidos e demitidas; pela revoga\u00e7\u00e3o da reforma da previd\u00eancia, trabalhista, da privatiza\u00e7\u00e3o da Eletrobras; do NEM e do funil do vestibular; pela duplica\u00e7\u00e3o do sal\u00e1rio m\u00ednimo, reajuste dos sal\u00e1rios, do Bolsa Fam\u00edlia e bolsas estudantis; atendimento das pautas dos trabalhadores de aplicativos, direitos para terceirizadas e terceirizados; redu\u00e7\u00e3o da jornada de trabalho; pelo fim das chacinas policiais, da viol\u00eancia contra a mulher e contra LGBTQIA+; fim do Arcabou\u00e7o Fiscal e do Marco Temporal.<\/p>\n<h5>Propomos uma frente eleitoral da esquerda independente para 2024<\/h5>\n<p>Durante os atos e as greves sempre surge um debate sobre as elei\u00e7\u00f5es de 2024. N\u00f3s avaliamos que estamos muito longe das elei\u00e7\u00f5es municipais e acreditamos que nossa tarefa priorit\u00e1ria \u00e9 a luta. Mas o fato \u00e9 que o PSOL, o PT e o PCdoB j\u00e1 anteciparam esse debate. Eles lan\u00e7aram a frente ampla de Boulos com setores empresariais, em S\u00e3o Paulo, e constroem coliga\u00e7\u00f5es patronais em v\u00e1rias outras capitais. Por outro lado, setores do bolsonarismo tamb\u00e9m lan\u00e7aram seus candidatos. N\u00f3s defendemos a independ\u00eancia pol\u00edtica da classe trabalhadora e fazemos isso tamb\u00e9m nas elei\u00e7\u00f5es. Por isso, apresentamos uma proposta alternativa: construir uma frente eleitoral da esquerda independente do governo Lula\/Alckmin e de seus governadores, sem qualquer partido patronal. Uma frente eleitoral contra os governadores e prefeitos de direita e da extrema direita. Para isso, a CST prop\u00f5e uma reuni\u00e3o conjunta da UP, PCB, PCB-RR, PSTU, MRT, POR e demais coletivos e dirigentes socialistas e comunistas para debater a possibilidade de organizar essa frente eleitoral.<\/p>\n<h5>Por um governo da classe trabalhadora, sem patr\u00f5es, e um Brasil Socialista<\/h5>\n<p>O que faz falta \u00e9 uma esquerda classista forte que lute contra os ataques e n\u00e3o compactue com os patr\u00f5es. Ent\u00e3o, ao mesmo tempo que batalhamos pela luta unificada, nos esfor\u00e7amos para construir um governo da classe trabalhadora, sem patr\u00f5es, que aplique um plano econ\u00f4mico alternativo, oper\u00e1rio e popular, que rompa com o capitalismo e a explora\u00e7\u00e3o imperialista para satisfazer nossas necessidades. Venha debater essas propostas da CST, participe de nossas reuni\u00f5es, ajude a divulgar nosso jornal e financiar nossa organiza\u00e7\u00e3o. Participe de nossas a\u00e7\u00f5es em apoio ao povo palestino. Seja militante e fortale\u00e7a a unidade dos revolucion\u00e1rios e revolucion\u00e1rias na luta por um Brasil e uma Am\u00e9r<span style=\"font-family: inherit; font-style: inherit; font-weight: inherit;\">ica Latina socialistas.<\/span><\/p>\n","protected":false},"excerpt":{"rendered":"<p>O exemplo de luta que vem de SP Nos \u00faltimos dias, n\u00f3s, da CST, estivemos empenhados na constru\u00e7\u00e3o da greve unificada de S\u00e3o Paulo. Felizmente o movimento foi positivo e mostrou a for\u00e7a da classe trabalhadora (ver as p\u00e1ginas centrais). Ao mesmo tempo em que<\/p>\n","protected":false},"author":1,"featured_media":13418,"comment_status":"open","ping_status":"open","sticky":false,"template":"","format":"standard","meta":{"footnotes":""},"categories":[135],"tags":[],"class_list":["post-13417","post","type-post","status-publish","format-standard","has-post-thumbnail","hentry","category-editorial"],"_links":{"self":[{"href":"https:\/\/www.cstuit.com\/home\/wp-json\/wp\/v2\/posts\/13417","targetHints":{"allow":["GET"]}}],"collection":[{"href":"https:\/\/www.cstuit.com\/home\/wp-json\/wp\/v2\/posts"}],"about":[{"href":"https:\/\/www.cstuit.com\/home\/wp-json\/wp\/v2\/types\/post"}],"author":[{"embeddable":true,"href":"https:\/\/www.cstuit.com\/home\/wp-json\/wp\/v2\/users\/1"}],"replies":[{"embeddable":true,"href":"https:\/\/www.cstuit.com\/home\/wp-json\/wp\/v2\/comments?post=13417"}],"version-history":[{"count":0,"href":"https:\/\/www.cstuit.com\/home\/wp-json\/wp\/v2\/posts\/13417\/revisions"}],"wp:featuredmedia":[{"embeddable":true,"href":"https:\/\/www.cstuit.com\/home\/wp-json\/wp\/v2\/media\/13418"}],"wp:attachment":[{"href":"https:\/\/www.cstuit.com\/home\/wp-json\/wp\/v2\/media?parent=13417"}],"wp:term":[{"taxonomy":"category","embeddable":true,"href":"https:\/\/www.cstuit.com\/home\/wp-json\/wp\/v2\/categories?post=13417"},{"taxonomy":"post_tag","embeddable":true,"href":"https:\/\/www.cstuit.com\/home\/wp-json\/wp\/v2\/tags?post=13417"}],"curies":[{"name":"wp","href":"https:\/\/api.w.org\/{rel}","templated":true}]}}