

	{"id":13751,"date":"2024-01-27T17:40:01","date_gmt":"2024-01-27T20:40:01","guid":{"rendered":"https:\/\/www.cstuit.com\/home\/?p=13751"},"modified":"2024-01-27T20:18:26","modified_gmt":"2024-01-27T23:18:26","slug":"1-ano-de-governo-lula-quais-sao-os-desafios-da-classe-trabalhadora","status":"publish","type":"post","link":"https:\/\/www.cstuit.com\/home\/2024\/01\/27\/1-ano-de-governo-lula-quais-sao-os-desafios-da-classe-trabalhadora\/","title":{"rendered":"1 ano de governo Lula: quais os desafios da classe trabalhadora?"},"content":{"rendered":"<p><strong>Construir as lutas e batalhar por uma frente eleitoral da esquerda independente<\/strong><\/p>\n<p>Nosso jornal est\u00e1 de volta. Neste in\u00edcio de 2024, completamos um ano de mandato do governo Lula\/Alckmin. A classe trabalhadora tem muitos desafios pela frente (ver p\u00e1ginas centrais). No dia 8\/01, nos manifestamos exigindo a puni\u00e7\u00e3o dos golpistas bolsonaristas e gritando \u201csem anistia\u201d. Tamb\u00e9m participamos das manifesta\u00e7\u00f5es contra aumentos de tarifa, contra feminic\u00eddios e pelas pautas LGBTQIA+. Al\u00e9m disso, continuamos nos manifestando em apoio ao povo palestino e a sua heroica resist\u00eancia, repudiando a nova nakba \u2013 cat\u00e1strofe \u2013 que o Estado Nazi-Sionista de Israel est\u00e1 infligindo sobre Gaza. Somos parte dos que est\u00e3o na mesma trincheira do povo Patax\u00f3 e do povo negro na Bahia contra os assassinatos de lideran\u00e7as dos povos ind\u00edgenas e do povo nas periferias. E tamb\u00e9m daqueles que seguem exigindo puni\u00e7\u00e3o e expropria\u00e7\u00e3o da Vale pela destrui\u00e7\u00e3o e mortes que ela causou em Brumadinho\/MG.<\/p>\n<p><strong>Greve Geral na Argentina enfrenta o ajuste fiscal e a extrema direita<\/strong><\/p>\n<p>No \u00faltimo dia 24, compusemos o bloco dos que apoiaram ativamente, em frente aos consulados, a greve geral da classe trabalhadora argentina. O governo de Milei e a extrema direita querem derrotar a classe trabalhadora. Desejam impor medidas de ajuste profundas e um projeto autorit\u00e1rio, mas recebeu em troca uma poderosa greve e manifesta\u00e7\u00f5es de rua (ver a contracapa). A luta na Argentina tem repercuss\u00f5es continentais por se enfrentar com um plano de ajuste que retira in\u00fameros direitos sociais. Algo que \u00e9 o projeto dos capitalistas e do FMI (Fundo Monet\u00e1rio Internacional) e do Banco Mundial, variando em ritmo e intensidade em cada pa\u00eds; por outro lado, ao lutar nas ruas contra o projeto autorit\u00e1rio de Milei, tamb\u00e9m se est\u00e1 combatendo toda a extrema direita desde a Argentina at\u00e9 o Alasca (Bolsonaro, Keiko Fujimori no Peru, Jos\u00e9 Kast e os pinochetistas no Chile e a campanha eleitoral de Trump nos EUA).<\/p>\n<p>A greve geral argentina \u00e9 um exemplo. Dessa batalha podemos olhar a experi\u00eancia de \u201cnuestros hermanos\u201d na constru\u00e7\u00e3o do sindicalismo combativo e de movimentos sociais independentes das burocracias majorit\u00e1rias, fundamentais para batalhar pela continuidade da luta. De l\u00e1 tamb\u00e9m vem o exemplo de alternativa classista atrav\u00e9s da FIT-U (Frente de Esquerda e dos Trabalhadores \u2013 Unidade), que se op\u00f4s ao governo de colabora\u00e7\u00e3o de classes de Alberto Fern\u00e1ndez. E agora est\u00e1 na luta contra a extrema direita com independ\u00eancia de classe.<\/p>\n<p><strong>A privatiza\u00e7\u00e3o faz mal para a popula\u00e7\u00e3o trabalhadora<\/strong><\/p>\n<p>O ano est\u00e1 apenas come\u00e7ando, mas velhos problemas continuam no Brasil. Um exemplo \u00e9 que amargamos a falta de luz, como a que se viu no Rio Grande do Sul e v\u00e1rias regi\u00f5es de S\u00e3o Paulo; ou de \u00e1gua em algumas regi\u00f5es do Rio. Isso tudo \u00e9 o resultado das privatiza\u00e7\u00f5es, redu\u00e7\u00e3o dos quadros de funcion\u00e1rios efetivos e aus\u00eancia de pol\u00edticas adequadas para enfrentar a cat\u00e1strofe clim\u00e1tica e ambiental capitalista. Mesmo assim, governos como Tarc\u00edsio em SP, Helder Barbalho no PA ou prefeitos como Melo em Porto Alegre insistem em novas privatiza\u00e7\u00f5es, nos setores de transportes ou saneamento. E, infelizmente, isso tamb\u00e9m \u00e9 visto no projeto do governo Lula\/Alckmin de manter o plano de privatiza\u00e7\u00f5es da CBTU (Companhia Brasileira de Trens Urbanos) e Trensurb (Empresa de Trens Urbanos de Porto Alegre). Agora mesmo em janeiro, em visita ao estado de Pernambuco, Lula n\u00e3o recebeu os metrovi\u00e1rios que exigiam retirada dos trens federais do plano de privatiza\u00e7\u00e3o. Exigiam que essa promessa de campanha fosse cumprida pelo presidente. Exigiam ainda mais investimentos federais para o metro de Recife. Mesmo n\u00e3o podendo entrar no evento realizado na Refinaria Abreu e Lima, os metrovi\u00e1rios conseguiram que sua pauta fosse entregue pelo Sindicato de Petroleiros do Estado. E at\u00e9 agora a privatiza\u00e7\u00e3o da Eletrobras, mesmo em meio aos constantes apag\u00f5es, n\u00e3o foi revogada por parte do governo Lula\/Alckmin.<\/p>\n<p><strong>Exigimos da CUT, MTST e UNE uma jornada nacional de lutas<\/strong><\/p>\n<p>A batalha contra as privatiza\u00e7\u00f5es e outras lutas, por sal\u00e1rio, emprego, contra a viol\u00eancia policial nas favelas e no campo, pela revoga\u00e7\u00e3o do NEM e por emerg\u00eancia clim\u00e1tica precisa ser organizada de forma unificada. \u00c9 por isso que exigimos da CUT, CTB, For\u00e7a Sindical, MTST e UNE uma plen\u00e1ria nacional das lutas populares para construir uma jornada nacional e a unifica\u00e7\u00e3o das campanhas salariais com os servidores p\u00fablicos federais. E desde j\u00e1 nos empenhamos nos calend\u00e1rios de lutas locais e estaduais, como dos sindicatos de SP contra as privatiza\u00e7\u00f5es. Ou ainda na constru\u00e7\u00e3o de um forte 8M contra a viol\u00eancia machista, em defesa do aborto legal, seguro e gratuito.<\/p>\n<p><strong>Propomos uma frente eleitoral da esquerda independente<\/strong><\/p>\n<p>Ao lado da batalha pela constru\u00e7\u00e3o da luta unificada, temos outro desafio, que \u00e9 apresentar uma alternativa nas elei\u00e7\u00f5es municipais (ver p\u00e1gina 10). A frente ampla, de Lula\/Alckmin, j\u00e1 se apresentou em v\u00e1rias cidades. Por outro lado, h\u00e1 os candidatos bolsonaristas. N\u00f3s defendemos a independ\u00eancia pol\u00edtica da classe trabalhadora e, por isso, temos uma proposta alternativa: construir uma frente eleitoral da esquerda independente do governo Lula\/Alckmin e de seus governadores, sem qualquer partido patronal. Uma frente eleitoral contra os governadores e prefeitos privatistas de direita. Uma frente contra a extrema direita e que defenda que eles sejam punidos pra valer, sem anistia. Uma frente independente para combater o Arcabou\u00e7o Fiscal, o plano de desestatiza\u00e7\u00e3o do sistema ferrovi\u00e1rio federal, as privatiza\u00e7\u00f5es, o arrocho salarial; pelo reajuste dos SPFs, redu\u00e7\u00e3o da jornada de trabalho; o fim da jornada 6&#215;1; lutar pela revers\u00e3o do corte de verbas, a revoga\u00e7\u00e3o das medidas do bolsonarismo (reforma da previd\u00eancia, trabalhista, privatiza\u00e7\u00e3o da Eletrobras e NEM); para exigir a taxa\u00e7\u00e3o dos bilion\u00e1rios e multinacionais e o n\u00e3o pagamento da d\u00edvida para disponibilizar or\u00e7amento para reajuste salarial, pagamento do piso nacional da educa\u00e7\u00e3o, bolsas universit\u00e1rias, plano de obras p\u00fablicas (hospitais, escolas, etc.) para gera\u00e7\u00e3o de emprego, para emerg\u00eancia clim\u00e1tica, pol\u00edticas contra viol\u00eancia de g\u00eanero, aborto legal, seguro e gratuito, o desmantelamento do aparelho repressivo e das chacinas policiais, a estatiza\u00e7\u00e3o dos sistemas de transporte municipais e a implementa\u00e7\u00e3o da tarifa zero, al\u00e9m da reestatiza\u00e7\u00e3o das empresas privatizadas em cada munic\u00edpio, dentre outras propostas. Para isso, a CST prop\u00f5e uma reuni\u00e3o conjunta da UP, PCB, PCB-RR, PSTU, MRT e demais coletivos, organiza\u00e7\u00f5es e dirigentes socialistas e comunistas para debater a possibilidade de organizar essa frente eleitoral.<\/p>\n","protected":false},"excerpt":{"rendered":"<p>Construir as lutas e batalhar por uma frente eleitoral da esquerda independente Nosso jornal est\u00e1 de volta. Neste in\u00edcio de 2024, completamos um ano de mandato do governo Lula\/Alckmin. A classe trabalhadora tem muitos desafios pela frente (ver p\u00e1ginas centrais). No dia 8\/01, nos manifestamos<\/p>\n","protected":false},"author":1,"featured_media":13752,"comment_status":"open","ping_status":"open","sticky":false,"template":"","format":"standard","meta":{"footnotes":""},"categories":[135],"tags":[],"class_list":["post-13751","post","type-post","status-publish","format-standard","has-post-thumbnail","hentry","category-editorial"],"_links":{"self":[{"href":"https:\/\/www.cstuit.com\/home\/wp-json\/wp\/v2\/posts\/13751","targetHints":{"allow":["GET"]}}],"collection":[{"href":"https:\/\/www.cstuit.com\/home\/wp-json\/wp\/v2\/posts"}],"about":[{"href":"https:\/\/www.cstuit.com\/home\/wp-json\/wp\/v2\/types\/post"}],"author":[{"embeddable":true,"href":"https:\/\/www.cstuit.com\/home\/wp-json\/wp\/v2\/users\/1"}],"replies":[{"embeddable":true,"href":"https:\/\/www.cstuit.com\/home\/wp-json\/wp\/v2\/comments?post=13751"}],"version-history":[{"count":0,"href":"https:\/\/www.cstuit.com\/home\/wp-json\/wp\/v2\/posts\/13751\/revisions"}],"wp:featuredmedia":[{"embeddable":true,"href":"https:\/\/www.cstuit.com\/home\/wp-json\/wp\/v2\/media\/13752"}],"wp:attachment":[{"href":"https:\/\/www.cstuit.com\/home\/wp-json\/wp\/v2\/media?parent=13751"}],"wp:term":[{"taxonomy":"category","embeddable":true,"href":"https:\/\/www.cstuit.com\/home\/wp-json\/wp\/v2\/categories?post=13751"},{"taxonomy":"post_tag","embeddable":true,"href":"https:\/\/www.cstuit.com\/home\/wp-json\/wp\/v2\/tags?post=13751"}],"curies":[{"name":"wp","href":"https:\/\/api.w.org\/{rel}","templated":true}]}}