

	{"id":13785,"date":"2024-01-30T18:07:59","date_gmt":"2024-01-30T21:07:59","guid":{"rendered":"https:\/\/www.cstuit.com\/home\/?p=13785"},"modified":"2024-01-30T18:09:11","modified_gmt":"2024-01-30T21:09:11","slug":"metro-de-sp-e-preciso-frear-a-privatizacao-e-as-terceirizacoes-de-tarcisio-concurso-publico-e-fim-das-perseguicoes-ja","status":"publish","type":"post","link":"https:\/\/www.cstuit.com\/home\/2024\/01\/30\/metro-de-sp-e-preciso-frear-a-privatizacao-e-as-terceirizacoes-de-tarcisio-concurso-publico-e-fim-das-perseguicoes-ja\/","title":{"rendered":"Metr\u00f4 de SP: \u00e9 preciso frear a privatiza\u00e7\u00e3o e as terceiriza\u00e7\u00f5es de Tarc\u00edsio! Concurso p\u00fablico e fim das persegui\u00e7\u00f5es j\u00e1!"},"content":{"rendered":"<p>Daniela Possebon \u2013 Diretora do Sindicato das Metrovi\u00e1rias e Metrovi\u00e1rios de SP<\/p>\n<p>Diego Vitello &#8211; Diretor do Sindicato das Metrovi\u00e1rias e Metrovi\u00e1rios de SP<\/p>\n<p>A dire\u00e7\u00e3o da empresa implantada pelo governo de extrema direita de Tarc\u00edsio vem estabelecendo um ataque nunca antes visto ao servi\u00e7o p\u00fablico e aos metrovi\u00e1rios. Demiss\u00f5es pol\u00edticas de dirigentes sindicais e cipistas, demiss\u00f5es de setores inteiros, demiss\u00f5es sem alega\u00e7\u00f5es pertinentes, pr\u00e1ticas antissindicais, puni\u00e7\u00f5es a grevistas, tentativas de proibi\u00e7\u00e3o do direito de greve, terceiriza\u00e7\u00f5es em massa, precariza\u00e7\u00e3o das CIPAs, tentativa de precariza\u00e7\u00e3o da escala de trabalho, amea\u00e7a de utiliza\u00e7\u00e3o da for\u00e7a policial contra dirigentes sindicais, al\u00e9m de promo\u00e7\u00f5es ilegais em uma empresa p\u00fablica. Al\u00e9m disso, Tarc\u00edsio busca enfrentar a for\u00e7a das greves do Metr\u00f4. O governo sabe que o que pode barrar o processo de entrega do patrim\u00f4nio p\u00fablico para as m\u00e3os dos bilion\u00e1rios donos da CCR \u00e9 a luta organizada da classe trabalhadora e seu principal instrumento hist\u00f3rico, que \u00e9 a greve. Com o objetivo claro de arrancar o poder dos trabalhadores, tenta avan\u00e7ar em um plano de conting\u00eancia de greve, com m\u00e9todos de trucul\u00eancia e desrespeito a esse direito. Essa situa\u00e7\u00e3o tem gerado enorme desgaste f\u00edsico e mental na categoria, que ainda assim tem lutado muito, feito importantes greves, atos, uso de botom, adesivo, retirada de uniforme, cartas \u00e0 popula\u00e7\u00e3o, plebiscito com quase um milh\u00e3o de votos, al\u00e9m de cumprir uma agenda incans\u00e1vel e di\u00e1ria de luta contra a privatiza\u00e7\u00e3o.<\/p>\n<p>Acreditamos que \u00e9 preciso seguir e fortalecer a luta unificada contra Tarc\u00edsio. Nossa tarefa, hoje, \u00e9 combinar a luta dos trabalhadores do transporte, educa\u00e7\u00e3o, saneamento urbano, etc em fortes golpes contra a sanha de lucro deste governo de entregar a empresa p\u00fablica pro capital privado nacional ou estrangeiro. As recentes falta de luz se combinam com a explos\u00e3o de falhas nas linhas ferrovi\u00e1rias comandadas pela iniciativa privada e mostram a fal\u00eancia das privatiza\u00e7\u00f5es no estado e no pa\u00eds.<\/p>\n<p>Al\u00e9m de todos os ataques que citamos no Metr\u00f4, temos o leil\u00e3o da Linha 7 \u2013 Rubi, da CPTM, marcado para o dia 29 de fevereiro. Nossa tarefa \u00e9 unificar essas pautas e construir uma grande greve unificada com os ferrovi\u00e1rios e demais categorias para enfrentar o processo de privatiza\u00e7\u00e3o comandado pela extrema direita em S\u00e3o Paulo. Exigimos que CUT, CTB e For\u00e7a Sindical mobilizem todos os sindicatos que dirigem para enfrentar as privatiza\u00e7\u00f5es de Tarc\u00edsio.<\/p>\n<p>No metr\u00f4, precisamos fortalecer a unidade da categoria na luta por concurso p\u00fablico e pelo fim das terceiriza\u00e7\u00f5es e da privatiza\u00e7\u00e3o.<\/p>\n","protected":false},"excerpt":{"rendered":"<p>Daniela Possebon \u2013 Diretora do Sindicato das Metrovi\u00e1rias e Metrovi\u00e1rios de SP Diego Vitello &#8211; Diretor do Sindicato das Metrovi\u00e1rias e Metrovi\u00e1rios de SP A dire\u00e7\u00e3o da empresa implantada pelo governo de extrema direita de Tarc\u00edsio vem estabelecendo um ataque nunca antes visto ao servi\u00e7o<\/p>\n","protected":false},"author":1,"featured_media":13787,"comment_status":"open","ping_status":"open","sticky":false,"template":"","format":"standard","meta":{"footnotes":""},"categories":[5,1],"tags":[],"class_list":["post-13785","post","type-post","status-publish","format-standard","has-post-thumbnail","hentry","category-nacional","category-sem-categoria"],"_links":{"self":[{"href":"https:\/\/www.cstuit.com\/home\/wp-json\/wp\/v2\/posts\/13785","targetHints":{"allow":["GET"]}}],"collection":[{"href":"https:\/\/www.cstuit.com\/home\/wp-json\/wp\/v2\/posts"}],"about":[{"href":"https:\/\/www.cstuit.com\/home\/wp-json\/wp\/v2\/types\/post"}],"author":[{"embeddable":true,"href":"https:\/\/www.cstuit.com\/home\/wp-json\/wp\/v2\/users\/1"}],"replies":[{"embeddable":true,"href":"https:\/\/www.cstuit.com\/home\/wp-json\/wp\/v2\/comments?post=13785"}],"version-history":[{"count":0,"href":"https:\/\/www.cstuit.com\/home\/wp-json\/wp\/v2\/posts\/13785\/revisions"}],"wp:featuredmedia":[{"embeddable":true,"href":"https:\/\/www.cstuit.com\/home\/wp-json\/wp\/v2\/media\/13787"}],"wp:attachment":[{"href":"https:\/\/www.cstuit.com\/home\/wp-json\/wp\/v2\/media?parent=13785"}],"wp:term":[{"taxonomy":"category","embeddable":true,"href":"https:\/\/www.cstuit.com\/home\/wp-json\/wp\/v2\/categories?post=13785"},{"taxonomy":"post_tag","embeddable":true,"href":"https:\/\/www.cstuit.com\/home\/wp-json\/wp\/v2\/tags?post=13785"}],"curies":[{"name":"wp","href":"https:\/\/api.w.org\/{rel}","templated":true}]}}