

	{"id":13814,"date":"2024-02-07T16:11:17","date_gmt":"2024-02-07T19:11:17","guid":{"rendered":"https:\/\/www.cstuit.com\/home\/?p=13814"},"modified":"2024-02-07T16:11:17","modified_gmt":"2024-02-07T19:11:17","slug":"caiu-a-lei-onibus-um-triunfo-popular","status":"publish","type":"post","link":"https:\/\/www.cstuit.com\/home\/2024\/02\/07\/caiu-a-lei-onibus-um-triunfo-popular\/","title":{"rendered":"Caiu a \u201cLei \u00f4nibus\u201d: um triunfo popular!"},"content":{"rendered":"<p>Escreve <strong>Juan Carlos Giordano<\/strong>, deputado nacional eleito pela <strong>Izquierda Socialista\/ FIT Unidad<\/strong>.<\/p>\n<p>Uma vez conhecida a not\u00edcia, a milit\u00e2ncia reunida na Plaza de los dos Congresos explodiu de alegria, algo que tamb\u00e9m ocorreu em grande parte do pa\u00eds, contando com uma simpatia popular generalizada, que se expressou em buzina\u00e7os e panela\u00e7os. \u201cUnidade dos trabalhadores, quem n\u00e3o gosta, est\u00e1 ferrado, est\u00e1 ferrado\u201d, cantou-se. N\u00e3o \u00e9 para menos. Sentimo-nos parte desse grande passo que foi alcan\u00e7ado.<\/p>\n<p>O pedido de \u201cretorno \u00e0 comiss\u00e3o\u201d foi a forma elegante do governo tentar encobrir uma derrota retumbante, j\u00e1 que tudo voltou \u00e0 estaca zero. \u201cDerrota dif\u00edcil para Milei\u201d, \u201cMilei sem Lei\u201d e \u201cO governo sofreu um forte rev\u00e9s\u201d s\u00e3o algumas das manchetes dos jornais de hoje. Um fato in\u00e9dito, pois foi a derrota da primeira Lei proposta por um governo rec\u00e9m-eleito. Os apelos de Pichetto em socorro ao governo chegaram tarde. Dos 644 artigos, restaram 300. A Lei \u00e9 t\u00e3o brutal que at\u00e9 os\/as deputados\/as ligados\/as aos governadores (os mesmos que aplicam o ajuste em suas prov\u00edncias) acabaram retirando o apoio \u00e0 grande parte de seus artigos. Tais governadores do \u201cdi\u00e1logo\u201d &#8211; que n\u00e3o t\u00eam nenhum disputa de fundo com o governo \u2013 defendem os grandes empres\u00e1rios e s\u00e3o contra os trabalhadores. At\u00e9 a direitista Carolina P\u00edparo votou contra um artigo. A sorte estava lan\u00e7ada. O tudo ou nada levou o governo de extrema direita ao fracasso.<\/p>\n<p>Um jornalista do TN disse ontem \u00e0 noite: \u201cMilei est\u00e1 em chamas\u201d. O presidente foi notificado do resultado \u00e0s tr\u00eas da manh\u00e3 e come\u00e7ou a twittar desesperadamente. Ele estava em Israel, apoiando o genoc\u00eddio sionista contra o povo palestino.<\/p>\n<p>Milei disse que \u201ca casta se colocou contra a mudan\u00e7a que n\u00f3s, argentinos, votamos nas urnas\u201d. A mesma desculpa de sempre, mas que agora est\u00e1 fazendo \u00e1gua. Em primeiro lugar, porque grande parte do que Milei chamou de \u201ccasta\u201d &#8211; pol\u00edticos patronais ativos da ditadura at\u00e9 hoje \u2013 est\u00e3o integrados ao seu governo. Em segundo lugar, porque, embora milh\u00f5es de pessoas, fartas do governo anterior, tenham votado erroneamente em Milei, acreditando que poderia haver uma mudan\u00e7a positiva, dois meses depois come\u00e7aram a ver que nada mudou. Ocorreu o oposto. Milei intensificou o ajuste que j\u00e1 vinha sendo aplicado pelo governo anterior de Alberto Fern\u00e1ndez, Cristina e Massa.<\/p>\n<p>Ontem vimos na televis\u00e3o o rep\u00fadio popular dos entrevistados ao aumento desenfreado de 250% dos transportes p\u00fablicos em AMBA. Os sal\u00e1rios perderam 13%, em termos reais, em dezembro. O pr\u00f3prio governo reconheceu que a pobreza j\u00e1 chegou a 50%. S\u00e3o consequ\u00eancias da estagfla\u00e7\u00e3o anunciada por Milei a servi\u00e7o do FMI, ou seja, uma recess\u00e3o com infla\u00e7\u00e3o desenfreada, alimentada pelo pr\u00f3prio governo, que deu r\u00e9dea solta \u00e0 \u201cliberdade de pre\u00e7os\u201d e ao aumento das tarifas de electricidade e de g\u00e1s, com a consequente e in\u00e9dita desvaloriza\u00e7\u00e3o s\u00fabita dos sal\u00e1rios e das aposentadorias.<\/p>\n<p>A Lei caiu em meio ao crescimento do protesto social. No dia 24 de janeiro, houve uma greve, com grande mobiliza\u00e7\u00e3o, que foi imposta aos dirigentes da CGT. Os protestos come\u00e7aram em 20 de dezembro, com a ocupa\u00e7\u00e3o da Plaza de Mayo contra o protocolo repressivo de Bullrich realizada pelo sindicalismo combativo e pela esquerda. Depois houve o panela\u00e7o e a marcha da CGT at\u00e9 os Tribunais no dia 27 de dezembro. Ampliaram-se as assembleias de bairro e os espa\u00e7os unit\u00e1rios nacionais, como Unidos pela Cultura. Diferentes iniciativas de luta foram tomadas em alguns locais de trabalho contra as demiss\u00f5es e contra os cortes nas ferrovias pelo Corpo Combativo de Delegados Ferrovi\u00e1rios de Sarmiento. Ocorreram greves em Bridgestone contra as demiss\u00f5es etc. Tais lutas e a crescente agita\u00e7\u00e3o social foram essenciais para for\u00e7ar a revers\u00e3o da Lei.<\/p>\n<p>\u201cA vota\u00e7\u00e3o ou n\u00e3o da Lei n\u00e3o vai mudar o rumo da economia\u201d, disse o ministro da economia macrista, Luis Caputo. Isso \u00e9 claro. O governo n\u00e3o vai mudar. \u00c9 por isso que devemos aproveitar essa derrota do governo para fortalecer a luta contra o ajuste e a repress\u00e3o, mostrando que podemos vencer. Devemos continuar a luta contra qualquer tentativa do governo de voltar com a \u201cLei \u00f4nibus\u201d, contra o DNU e contra todo o plano motosserra; contra o aumento das tarifas, contra as demiss\u00f5es e, fundamentalmente, por um aumento imediato de sal\u00e1rios e aposentadorias. Por tudo isso, devemos continuar a exigir da CGT e da CTA uma nova greve geral e um plano de luta nacional. A CGT sumiu ap\u00f3s a greve do dia 24, quando Daer disse: \u201cvamos continuar a luta\u201d. A CGT n\u00e3o esteve presente nos principais dias de concentra\u00e7\u00e3o popular em frente ao Congresso, em que os\/as lutadores\/as e a esquerda repudiaram o in\u00edcio da tramita\u00e7\u00e3o da Lei e foram reprimidos. Em cada local de trabalho, assembleia e marcha devemos continuar a fazer tal exig\u00eancia.<\/p>\n<p>N\u00f3s, da Izquierda Socialista, saudamos os\/as lutadores\/as por essa grande vit\u00f3ria. Reivindicamos o papel da Frente de Izquierda Unidad, com sua bancada brigando no Congresso e nas ruas. Enquanto isso, o peronismo deu votos a Milei, como o dos tucumanos; Scioli ingressou no governo; e apenas alguns l\u00edderes sindicais do kirchnerismo participaram timidamente do ato na quinta-feira, dia 1, mas sem convocar uma mobiliza\u00e7\u00e3o para derrubar a Lei. Defendemos o fortalecimento da Frente de Izquierda, com pol\u00edticas unit\u00e1rias; um plano econ\u00f4mico oper\u00e1rio e popular; a ruptura com o FMI; o n\u00e3o pagamento da d\u00edvida externa; e um governo dos\/as trabalhadores\/as e da esquerda, rumo a uma Argentina socialista. Tudo isso mantendo a guarda alta, para seguir enfrentando o plano motosserra de Milei.<\/p>\n<p>7 de fevereiro de 2024<\/p>\n","protected":false},"excerpt":{"rendered":"<p>Escreve Juan Carlos Giordano, deputado nacional eleito pela Izquierda Socialista\/ FIT Unidad. Uma vez conhecida a not\u00edcia, a milit\u00e2ncia reunida na Plaza de los dos Congresos explodiu de alegria, algo que tamb\u00e9m ocorreu em grande parte do pa\u00eds, contando com uma simpatia popular generalizada, que<\/p>\n","protected":false},"author":1,"featured_media":13815,"comment_status":"open","ping_status":"open","sticky":false,"template":"","format":"standard","meta":{"footnotes":""},"categories":[6],"tags":[],"class_list":["post-13814","post","type-post","status-publish","format-standard","has-post-thumbnail","hentry","category-internacional"],"_links":{"self":[{"href":"https:\/\/www.cstuit.com\/home\/wp-json\/wp\/v2\/posts\/13814","targetHints":{"allow":["GET"]}}],"collection":[{"href":"https:\/\/www.cstuit.com\/home\/wp-json\/wp\/v2\/posts"}],"about":[{"href":"https:\/\/www.cstuit.com\/home\/wp-json\/wp\/v2\/types\/post"}],"author":[{"embeddable":true,"href":"https:\/\/www.cstuit.com\/home\/wp-json\/wp\/v2\/users\/1"}],"replies":[{"embeddable":true,"href":"https:\/\/www.cstuit.com\/home\/wp-json\/wp\/v2\/comments?post=13814"}],"version-history":[{"count":0,"href":"https:\/\/www.cstuit.com\/home\/wp-json\/wp\/v2\/posts\/13814\/revisions"}],"wp:featuredmedia":[{"embeddable":true,"href":"https:\/\/www.cstuit.com\/home\/wp-json\/wp\/v2\/media\/13815"}],"wp:attachment":[{"href":"https:\/\/www.cstuit.com\/home\/wp-json\/wp\/v2\/media?parent=13814"}],"wp:term":[{"taxonomy":"category","embeddable":true,"href":"https:\/\/www.cstuit.com\/home\/wp-json\/wp\/v2\/categories?post=13814"},{"taxonomy":"post_tag","embeddable":true,"href":"https:\/\/www.cstuit.com\/home\/wp-json\/wp\/v2\/tags?post=13814"}],"curies":[{"name":"wp","href":"https:\/\/api.w.org\/{rel}","templated":true}]}}