

	{"id":13823,"date":"2024-02-07T19:22:48","date_gmt":"2024-02-07T22:22:48","guid":{"rendered":"https:\/\/www.cstuit.com\/home\/?p=13823"},"modified":"2024-02-07T19:22:48","modified_gmt":"2024-02-07T22:22:48","slug":"como-esta-o-brasil-apos-um-ano-de-governo-lula","status":"publish","type":"post","link":"https:\/\/www.cstuit.com\/home\/2024\/02\/07\/como-esta-o-brasil-apos-um-ano-de-governo-lula\/","title":{"rendered":"Como est\u00e1 o Brasil ap\u00f3s um ano de governo Lula?\u00a0"},"content":{"rendered":"<p>Temos visto uma intensa propaganda do governo de que o pa\u00eds est\u00e1 \u201cbem melhor\u201d, que \u201co pior j\u00e1 passou\u201d, que o povo est\u00e1 vivendo a cada dia com mais qualidade de vida. Por\u00e9m, ser\u00e1 mesmo essa a realidade? Quando vamos tomar um caf\u00e9 com os colegas de trabalho no intervalo do expediente, ou quando conversamos com os estudantes das universidades p\u00fablicas e privadas, ou mesmo quando estamos assistindo ou jogando futebol no domingo pelo bairro, seguimos ouvindo reclama\u00e7\u00f5es sobre os pre\u00e7os das coisas, as dificuldades no trabalho ou para se manter na universidade. Se olharmos \u00e0 nossa volta, veremos que a realidade n\u00e3o \u00e9 bem assim como tem dito o governo. Neste texto, queremos mostrar com alguns dados que a situa\u00e7\u00e3o da classe trabalhadora segue muito dif\u00edcil.<\/p>\n<p>N\u00f3s, da CST, fomos parte daqueles que comemoraram a derrota de Bolsonaro em outubro de 2022. Durante o governo da extrema direita, estivemos tamb\u00e9m nas ruas para combater as medidas bolsonaristas. Por\u00e9m, sempre alertamos aqui no nosso jornal sobre os limites do projeto de concilia\u00e7\u00e3o de classes do PT. Ap\u00f3s um ano de governo, \u00e9 preciso que n\u00f3s, trabalhadores, fa\u00e7amos uma profunda avalia\u00e7\u00e3o sobre os rumos do governo Lula-Alckmin e, sobretudo, preparemos as lutas para melhorar nossa situa\u00e7\u00e3o.<\/p>\n<p><b>Os pilares da pol\u00edtica econ\u00f4mica foram mantidos\u00a0<\/b><\/p>\n<p>A principal medida econ\u00f4mica tomada pelo governo foi o Arcabou\u00e7o Fiscal. Aplaudido pelo centr\u00e3o de Lira e pela maioria dos grandes empres\u00e1rios dos mais diversos ramos, essa medida garantiu a rela\u00e7\u00e3o de \u201cboa vizinhan\u00e7a\u201d entre o governo Lula e a burguesia. Em resumo, o \u201cArcabou\u00e7o\u201d garante o pagamento dos juros da d\u00edvida p\u00fablica, enquanto estrangula o or\u00e7amento das \u00e1reas mais vitais para o povo trabalhador. Os or\u00e7amentos da Sa\u00fade, Educa\u00e7\u00e3o e Saneamento seguem muito abaixo do necess\u00e1rio. Essa medida tamb\u00e9m explica a absurda proposta do governo Lula-Alckmin de conceder 0% de reajuste aos servidores p\u00fablicos federais em 2024. Outro reflexo do \u201cArcabou\u00e7o\u201d foi o p\u00edfio aumento do sal\u00e1rio m\u00ednimo de R$1320,00 para R$1412,00, valor que mant\u00e9m a ampla maioria dos trabalhadores ativos e aposentados do Brasil passando graves dificuldades econ\u00f4micas.<\/p>\n<p>A medida de Bolsonaro da \u201cautonomia\u201d do Banco Central n\u00e3o foi mexida. Na realidade, temos visto que essa \u201cautonomia\u201d, na verdade, \u00e9 para que o BC seja completamente submisso aos interesses de meia d\u00fazia de multimilion\u00e1rios que comandam o pa\u00eds e decidem quando sobe e quando desce a taxa de juros. Apesar de uma ou outra cr\u00edtica, a verdade \u00e9 que Lula deixou Campos Neto com as m\u00e3os livres e o Brasil seguiu com uma alt\u00edssima taxa de juros, pol\u00edtica que favorece, sobretudo, os especuladores nacionais e internacionais.<\/p>\n<p><b>A desigualdade social segue sendo um esc\u00e2ndalo\u00a0<\/b><\/p>\n<p>De acordo com um estudo do Observat\u00f3rio Brasileiro das Desigualdades, 7,5 milh\u00f5es de pessoas vivem com renda inferior a R$150 reais por m\u00eas. Em cinco estados do pa\u00eds, concentrados no Nordeste e no Norte (AL, CE, MA, PA, PI), mais da metade da popula\u00e7\u00e3o passa por inseguran\u00e7a alimentar \u201cmoderada ou grave\u201d. Do outro lado, os mais ricos seguem cada dia mais ricos. 0,01% das fam\u00edlias no Brasil t\u00eam fortunas de 150 milh\u00f5es. As propostas de taxa\u00e7\u00e3o das grandes fortunas, para diminuir ao menos um pouco esse abismo entre ricos e pobres, est\u00e3o engavetadas pelo governo Lula.<\/p>\n<p><b>As Reformas n\u00e3o foram revogadas\u00a0<\/b><\/p>\n<p>Uma das medidas mais esperadas pelos eleitores de Lula foi a Revoga\u00e7\u00e3o das Reformas Trabalhista e da Previd\u00eancia, de Temer e Bolsonaro, respectivamente. Durante anos, uma das principais reivindica\u00e7\u00f5es dos sindicatos foi essa. Por\u00e9m, o governo federal n\u00e3o revogou nada. E para piorar, ao dar cargos para diversos dirigentes das principais centrais sindicais (CUT, For\u00e7a, CTB), o pr\u00f3prio movimento sindical pouco tem falado dessas medidas. Os resultados das Reformas t\u00eam sido desastrosos. De acordo com o IBGE, cerca de 40 milh\u00f5es de brasileiros trabalham sem carteira assinada, sem o m\u00ednimo de direitos. Quanto \u00e0 previd\u00eancia, o sonho da aposentadoria est\u00e1 cada vez mais distante para a maioria dos brasileiros. Essas Reformas foram perversas e seus resultados sentimos diariamente e sentiremos a cada dia mais, caso elas n\u00e3o sejam revogadas.<\/p>\n<p><b>A extrema direita segue cometendo atrocidades\u00a0<\/b><\/p>\n<p>Muitos esperavam ver Bolsonaro na pris\u00e3o durante 2023. Isso n\u00e3o se deu. Os gritos de \u201cSem Anistia\u201d, que ecoaram durante a posse de Lula, n\u00e3o foram bem ouvidos pelo governo. O fato \u00e9 que os grandes chefes da extrema direita, que tiveram participa\u00e7\u00e3o direta ou indireta na tentativa de Golpe no dia 8 de janeiro de 2023, seguem soltos. Muitos deles estiveram com Bolsonaro recentemente na Argentina para comemorar a posse de Milei. O governo Lula delegou tudo ao STF, o judici\u00e1rio segue \u201ca passo de tartaruga\u201d para julgar os mandantes das atrocidades cometidas no in\u00edcio do ano passado. Jos\u00e9 M\u00facio, Ministro da Defesa de Lula e ex-aliado de Bolsonaro, declarou que: \u201cn\u00e3o havia um grande l\u00edder no 8 de janeiro\u201d. Enquanto isso, na realidade, todos sabemos que o grande incentivador e l\u00edder dos acampamentos e das barbaridades ocorridas naquele dia foi o ex-presidente Jair Messias Bolsonaro. Os milicos, que tamb\u00e9m participaram em maior ou menor medida das a\u00e7\u00f5es, seguem cheios de privil\u00e9gios, sem que o governo \u201ctoque\u201d em nenhuma de suas regalias.<\/p>\n<p>Al\u00e9m disso, o governo federal estabelece uma pol\u00edtica de colabora\u00e7\u00e3o com alguns governos estaduais da extrema direita. Por exemplo, a PEC da Reforma Tribut\u00e1ria, proposta do governo federal, teve o apoio e a colabora\u00e7\u00e3o de Tarc\u00edsio Freitas, governador de SP. A partir de volumosos recursos do BNDES, o governo Lula tem financiado pol\u00edticas de PPPs (Parcerias P\u00fablico-Privadas). Um exemplo disso \u00e9 a SABESP, maior empresa de saneamento do pa\u00eds, em que parte fundamental do financiamento da sua privatiza\u00e7\u00e3o vir\u00e1 do BNDES.<\/p>\n<p>As PMs (onde a extrema direita conserva forte influ\u00eancia pol\u00edtica) seguem matando a popula\u00e7\u00e3o negra e pobre, sem nenhuma a\u00e7\u00e3o en\u00e9rgica do governo ou do judici\u00e1rio. O estado que lidera essa triste estat\u00edstica \u00e9 a Bahia, governada pelo PT h\u00e1 mais de 16 anos.<\/p>\n<p><b>Qual alternativa devemos construir?\u00a0<\/b><\/p>\n<p>Frente a esses dados, podemos ver que o projeto de concilia\u00e7\u00e3o com a burguesia posto em pr\u00e1tica pelo PT n\u00e3o ir\u00e1 promover as melhoras que de fato o pa\u00eds necessita. Na nossa opini\u00e3o, para enfrentar a extrema direita e os ataques contra nossos direitos feitos pelos multimilion\u00e1rios que comandam as grandes empresas, \u00e9 necess\u00e1rio construir uma outra alternativa pol\u00edtica.<\/p>\n<p>Primeiramente, defendemos medidas necess\u00e1rias, mas que, em nossa avalia\u00e7\u00e3o, infelizmente j\u00e1 vimos que n\u00e3o ser\u00e3o cumpridas pelo governo Lula-Alckmin. Partimos da revoga\u00e7\u00e3o das Reformas promovidas por Temer e Bolsonaro. As Reformas Trabalhista e da Previd\u00eancia s\u00f3 pioraram a vida do povo trabalhador e amea\u00e7am a aposentadoria de dezenas de milh\u00f5es de pessoas. \u00c9 preciso tamb\u00e9m prender todos os mandantes e executores da tentativa de golpe no ano passado, sobretudo o ex-presidente Bolsonaro. Tamb\u00e9m temos que taxar as grandes fortunas e deixar de pagar a d\u00edvida p\u00fablica aos banqueiros. Hoje, essa d\u00edvida ileg\u00edtima leva quase metade do or\u00e7amento do pa\u00eds. Por isso todos os anos vemos os lucros dos bancos aumentando, enquanto os sal\u00e1rios seguem muito baixos. Com uma mudan\u00e7a profunda na pol\u00edtica econ\u00f4mica, podemos investir realmente nas \u00e1reas em que necessitamos: sa\u00fade, educa\u00e7\u00e3o, saneamento b\u00e1sico, sal\u00e1rios, amplia\u00e7\u00e3o dos direitos trabalhistas para todos que hoje est\u00e3o na informalidade, gera\u00e7\u00e3o de emprego, etc.<\/p>\n<p>Para que possamos defender com for\u00e7a essa pol\u00edtica, defendemos a unidade de todos os setores da esquerda que est\u00e3o fora do governo Lula-Alckmin. Nosso chamado este ano para UP, PCB, PCB-RR, PSTU, MRT, e tamb\u00e9m para os setores que est\u00e3o na esquerda do PSOL, \u00e9 que construamos alternativas nas elei\u00e7\u00f5es municipais. O projeto de concilia\u00e7\u00e3o de classes n\u00e3o aplicar\u00e1 as necess\u00e1rias medidas das quais falamos acima. Por isso, \u00e9 preciso trilhar outro caminho e construir uma Frente de Esquerda Independente no Brasil.<\/p>\n<p>Construindo uma esquerda que n\u00e3o compactue com os patr\u00f5es, podemos fortalecer a classe trabalhadora em cada luta e processo pol\u00edtico do pa\u00eds para apontar uma sa\u00edda socialista no Brasil. Que nada mais \u00e9 do que um governo da classe trabalhadora, sem patr\u00f5es, que aplique um plano econ\u00f4mico alternativo, oper\u00e1rio e popular, que rompa com o capitalismo e a explora\u00e7\u00e3o imperialista para satisfazer nossas necessidades.<\/p>\n","protected":false},"excerpt":{"rendered":"<p>Temos visto uma intensa propaganda do governo de que o pa\u00eds est\u00e1 \u201cbem melhor\u201d, que \u201co pior j\u00e1 passou\u201d, que o povo est\u00e1 vivendo a cada dia com mais qualidade de vida. Por\u00e9m, ser\u00e1 mesmo essa a realidade? Quando vamos tomar um caf\u00e9 com os<\/p>\n","protected":false},"author":1,"featured_media":13824,"comment_status":"open","ping_status":"open","sticky":false,"template":"","format":"standard","meta":{"footnotes":""},"categories":[5],"tags":[1918,1990,492,1810,119,589,79,1487],"class_list":["post-13823","post","type-post","status-publish","format-standard","has-post-thumbnail","hentry","category-nacional","tag-ajustefiscal","tag-alternativaesquerda","tag-desigualdade","tag-governo","tag-lula","tag-pm","tag-pt","tag-reforma"],"_links":{"self":[{"href":"https:\/\/www.cstuit.com\/home\/wp-json\/wp\/v2\/posts\/13823","targetHints":{"allow":["GET"]}}],"collection":[{"href":"https:\/\/www.cstuit.com\/home\/wp-json\/wp\/v2\/posts"}],"about":[{"href":"https:\/\/www.cstuit.com\/home\/wp-json\/wp\/v2\/types\/post"}],"author":[{"embeddable":true,"href":"https:\/\/www.cstuit.com\/home\/wp-json\/wp\/v2\/users\/1"}],"replies":[{"embeddable":true,"href":"https:\/\/www.cstuit.com\/home\/wp-json\/wp\/v2\/comments?post=13823"}],"version-history":[{"count":0,"href":"https:\/\/www.cstuit.com\/home\/wp-json\/wp\/v2\/posts\/13823\/revisions"}],"wp:featuredmedia":[{"embeddable":true,"href":"https:\/\/www.cstuit.com\/home\/wp-json\/wp\/v2\/media\/13824"}],"wp:attachment":[{"href":"https:\/\/www.cstuit.com\/home\/wp-json\/wp\/v2\/media?parent=13823"}],"wp:term":[{"taxonomy":"category","embeddable":true,"href":"https:\/\/www.cstuit.com\/home\/wp-json\/wp\/v2\/categories?post=13823"},{"taxonomy":"post_tag","embeddable":true,"href":"https:\/\/www.cstuit.com\/home\/wp-json\/wp\/v2\/tags?post=13823"}],"curies":[{"name":"wp","href":"https:\/\/api.w.org\/{rel}","templated":true}]}}