

	{"id":13987,"date":"2024-02-29T19:42:07","date_gmt":"2024-02-29T22:42:07","guid":{"rendered":"https:\/\/www.cstuit.com\/home\/?p=13987"},"modified":"2024-02-29T20:00:18","modified_gmt":"2024-02-29T23:00:18","slug":"convite-a-uma-reuniao-de-organizacoes-e-dirigentes-socialistas-revolucionarios","status":"publish","type":"post","link":"https:\/\/www.cstuit.com\/home\/2024\/02\/29\/convite-a-uma-reuniao-de-organizacoes-e-dirigentes-socialistas-revolucionarios\/","title":{"rendered":"Convite a uma reuni\u00e3o de organiza\u00e7\u00f5es e dirigentes socialistas revolucion\u00e1rios"},"content":{"rendered":"<p><span style=\"font-weight: 400;\">N\u00f3s, que assinamos esse convite, fomos construtores do Polo Socialista Revolucion\u00e1rio, uma iniciativa que consideramos que foi positiva em 2022, pela sua inten\u00e7\u00e3o de reagrupar setores que se reivindicam socialistas e revolucion\u00e1rios e que defendem um programa de independ\u00eancia de classe.<\/span><\/p>\n<p><span style=\"font-weight: 400;\"> Consideramos que as tend\u00eancias que v\u00eam se desenvolvendo da situa\u00e7\u00e3o nacional e internacional s\u00f3 reafirmam essa necessidade, especialmente para a interven\u00e7\u00e3o comum nos processos de luta de classes que surgem, mas tamb\u00e9m para buscar apresentar uma alternativa pol\u00edtica aos que apresentam a Frente Ampla e a concilia\u00e7\u00e3o de classes como estrat\u00e9gia. <\/span><\/p>\n<p><span style=\"font-weight: 400;\">Consideramos importante buscar unir esfor\u00e7os nesse sentido, visto que isso poderia fazer com que tal perspectiva pudesse chegar a setores mais amplos da base, com a uni\u00e3o das distintas for\u00e7as socialistas, em base aos mesmos fundamentos que nos fez constituir o Polo em 2022. Essa necessidade se coloca este ano tamb\u00e9m no terreno das elei\u00e7\u00f5es municipais, onde a esquerda institucional vai buscar se reafirmar e seria importante, especialmente em S\u00e3o Paulo, apresentar uma alternativa \u00e0 chapa Boulos-Marta e \u00e0 Frente Ampla, pois ser\u00e1 uma elei\u00e7\u00e3o com dimens\u00e3o de import\u00e2ncia nacional. Nesse sentido, os que assinamos este convite, articulamos uma reuni\u00e3o dia 11\/3, \u00e0s 18h30, para debater essa perspectiva, e queremos convidar o PSTU e todos os setores do antigo Polo Socialista Revolucion\u00e1rio que desejarem se somar \u00e0 reuni\u00e3o, na inten\u00e7\u00e3o de verificarmos os pontos de acordo que podemos chegar para encarar essa perspectiva com uma atua\u00e7\u00e3o em comum.<\/span><\/p>\n<p><span style=\"font-weight: 400;\">Sauda\u00e7\u00f5es socialistas e revolucion\u00e1rias,<\/span><\/p>\n<p><span style=\"font-weight: 400;\">Assinaturas:\u00a0<\/span><span style=\"font-weight: 400;\">MRT &#8211;\u00a0<\/span><span style=\"font-weight: 400;\">CST &#8211;\u00a0<\/span><span style=\"font-weight: 400;\">Socialismo ou Barb\u00e1rie &#8211;\u00a0<\/span><span style=\"font-weight: 400;\">Pl\u00ednio de Arruda Sampaio, Editor de Contrapoder &#8211;\u00a0<\/span><span style=\"font-weight: 400;\">Silvio Sinedino &#8211;\u00a0<\/span><span style=\"font-weight: 400;\">Marco Antonio Perruso (Trog), Professor da UFRRJ<\/span><\/p>\n","protected":false},"excerpt":{"rendered":"<p>N\u00f3s, que assinamos esse convite, fomos construtores do Polo Socialista Revolucion\u00e1rio, uma iniciativa que consideramos que foi positiva em 2022, pela sua inten\u00e7\u00e3o de reagrupar setores que se reivindicam socialistas e revolucion\u00e1rios e que defendem um programa de independ\u00eancia de classe. Consideramos que as tend\u00eancias<\/p>\n","protected":false},"author":2,"featured_media":13988,"comment_status":"open","ping_status":"open","sticky":false,"template":"","format":"standard","meta":{"footnotes":""},"categories":[8],"tags":[],"class_list":["post-13987","post","type-post","status-publish","format-standard","has-post-thumbnail","hentry","category-debates-socialistas"],"_links":{"self":[{"href":"https:\/\/www.cstuit.com\/home\/wp-json\/wp\/v2\/posts\/13987","targetHints":{"allow":["GET"]}}],"collection":[{"href":"https:\/\/www.cstuit.com\/home\/wp-json\/wp\/v2\/posts"}],"about":[{"href":"https:\/\/www.cstuit.com\/home\/wp-json\/wp\/v2\/types\/post"}],"author":[{"embeddable":true,"href":"https:\/\/www.cstuit.com\/home\/wp-json\/wp\/v2\/users\/2"}],"replies":[{"embeddable":true,"href":"https:\/\/www.cstuit.com\/home\/wp-json\/wp\/v2\/comments?post=13987"}],"version-history":[{"count":0,"href":"https:\/\/www.cstuit.com\/home\/wp-json\/wp\/v2\/posts\/13987\/revisions"}],"wp:featuredmedia":[{"embeddable":true,"href":"https:\/\/www.cstuit.com\/home\/wp-json\/wp\/v2\/media\/13988"}],"wp:attachment":[{"href":"https:\/\/www.cstuit.com\/home\/wp-json\/wp\/v2\/media?parent=13987"}],"wp:term":[{"taxonomy":"category","embeddable":true,"href":"https:\/\/www.cstuit.com\/home\/wp-json\/wp\/v2\/categories?post=13987"},{"taxonomy":"post_tag","embeddable":true,"href":"https:\/\/www.cstuit.com\/home\/wp-json\/wp\/v2\/tags?post=13987"}],"curies":[{"name":"wp","href":"https:\/\/api.w.org\/{rel}","templated":true}]}}