

	{"id":14134,"date":"2024-03-05T19:35:42","date_gmt":"2024-03-05T22:35:42","guid":{"rendered":"https:\/\/www.cstuit.com\/home\/?p=14134"},"modified":"2024-03-05T19:35:42","modified_gmt":"2024-03-05T22:35:42","slug":"seguir-o-exemplo-das-mulheres-exigir-nossas-reivindicacoes-e-combater-a-extrema-direita-nas-ruas","status":"publish","type":"post","link":"https:\/\/www.cstuit.com\/home\/2024\/03\/05\/seguir-o-exemplo-das-mulheres-exigir-nossas-reivindicacoes-e-combater-a-extrema-direita-nas-ruas\/","title":{"rendered":"Seguir o exemplo das mulheres: exigir nossas reivindica\u00e7\u00f5es e combater a extrema direita nas ruas!"},"content":{"rendered":"<p>Neste m\u00eas de mar\u00e7o ocorrem as manifesta\u00e7\u00f5es feministas do dia 8 (veja p\u00e1ginas centrais). Nessas manifesta\u00e7\u00f5es, exigimos do governo Lula\/Alckmin medidas contundentes contra os feminic\u00eddios, a legaliza\u00e7\u00e3o do aborto e a\u00e7\u00f5es que garantam sal\u00e1rio igual para trabalho igual. Exigimos o n\u00e3o pagamento da d\u00edvida aos banqueiros para atender as pautas hist\u00f3ricas do 8M. Vamos gritar por Justi\u00e7a para Marielle e Anderson e repudiar a extrema direita machista e patriarcal. Estaremos nas ruas, manifestando nosso apoio \u00e0 luta das mulheres argentinas contra Milei e das palestinas contra os nazi-sionistas de Israel.<br \/>\n\u00c9 necess\u00e1rio utilizar o impulso das ruas no 8M para unificar as campanhas salariais e as lutas que est\u00e3o ocorrendo em alguns estados ou alguns setores.<\/p>\n<p><strong>Exigimos da CUT e CTB a unifica\u00e7\u00e3o das campanhas salariais e a coordena\u00e7\u00e3o das lutas e greves<\/strong><\/p>\n<p>O arcabou\u00e7o fiscal do governo Lula\/Alckmin est\u00e1 impondo um teto aos investimentos p\u00fablicos. Isso prejudica, por exemplo, o atendimento de reivindica\u00e7\u00f5es dos Servidores Federais e agrava a crise social. Os servidores est\u00e3o h\u00e1 mais de um ano numa mesa de \u201cenrola\u00e7\u00e3o permanente\u201d e o \u00edndice de \u201czero %\u201d nunca avan\u00e7a. Por outro lado, os governadores est\u00e3o aplicando ajustes fiscais e privatiza\u00e7\u00f5es. O governador de SP, Tarc\u00edsio de Freitas, tenta privatizar transportes, saneamento e infraestrutura (infelizmente, com parcerias com o governo Lula). A educa\u00e7\u00e3o \u00e9 atacada, motivando greves em alguns estados, como o Par\u00e1 (governada pela frente ampla). Exigimos da CUT, CTB, demais centrais, confedera\u00e7\u00f5es e federa\u00e7\u00f5es a unifica\u00e7\u00e3o das campanhas salariais e a coordena\u00e7\u00e3o das lutas. Mas, caso a c\u00fapula das centrais n\u00e3o o fa\u00e7a, n\u00e3o podemos ficar parados. N\u00f3s, do Combate Sindical, integrantes da CSP-CONLUTAS, propomos aos demais setores do movimento sindical realizar a\u00e7\u00f5es nesse sentido.<\/p>\n<p><strong>Com a colabora\u00e7\u00e3o de classes e pactos com conservadores n\u00e3o se faz mudan\u00e7a de verdade<\/strong><\/p>\n<p>Enquanto penaliza os SPFs, o governo Lula garante o pagamento da mamata aos banqueiros. De acordo com a Auditoria Cidad\u00e3 da D\u00edvida, \u201cEm 2022, os gastos do governo federal com o pagamento de juros e amortiza\u00e7\u00f5es da d\u00edvida p\u00fablica somaram R$ 1,879 trilh\u00e3o, o que representou 46,3% do Or\u00e7amento Federal\u201d. Para n\u00e3o contrariar os empres\u00e1rios da frente ampla, Lula n\u00e3o taxou os bilion\u00e1rios na reforma tribut\u00e1ria. Apesar da austeridade para a classe trabalhadora, o governo Lula concedeu reajustes substanciais a corpora\u00e7\u00f5es como a PRF (tropa do golpe contra as elei\u00e7\u00f5es de 2022 e 8J) e destinou via o PAC cerca de 52 bilh\u00f5es \u00e0s For\u00e7as Armadas, lideradas pelo golpista M\u00facio. Por outro lado, mant\u00e9m os pactos com Lira e seus bilh\u00f5es de emendas parlamentares (25 bilh\u00f5es neste semestre). E o Ministro F\u00e1varo, l\u00edder dos ruralistas, liderou a aprova\u00e7\u00e3o do Marco Temporal contra os povos ind\u00edgenas. Diferente do que se dizia, nada ganhamos com esses pactos. Mas a extrema direita ganha f\u00f4lego.<\/p>\n<p><strong>Combater a extrema direita nas ruas: construir com assembleias de base a jornada de 24\/03<\/strong><\/p>\n<p>A extrema direita realizou uma forte manifesta\u00e7\u00e3o na Avenida Paulista, agrupando mais de 100 mil pessoas. Mostrou for\u00e7a nas ruas e tenta uma anistia geral. Ao lado de seu nefasto mote Deus, P\u00e1tria, Fam\u00edlia e Liberdade, eles inclu\u00edram o apoio ao Estado nazi-sionista de Israel. N\u00e3o podemos confiar nas institui\u00e7\u00f5es, que at\u00e9 agora deixaram os genocidas e golpistas livres por a\u00ed. Devemos confiar em nossas pr\u00f3prias for\u00e7as para derrotar a extrema direita. As Frentes Povo Sem Medo e Brasil Popular divulgam na internet uma manifesta\u00e7\u00e3o para o dia 24\/03 com eixo de \u201cSem Anistia pra Golpista\u201d. A CST convoca e \u00e9 parte dessa constru\u00e7\u00e3o. Mas exigimos que a CUT, CTB, MTST, UNE e UBES convoquem essa mobiliza\u00e7\u00e3o atrav\u00e9s de assembleias de base para transformar essa data numa jornada de lutas efetiva. Devemos fazer como na Argentina, em que a classe trabalhadora e o povo t\u00eam se mobilizado contra o ajuste de Milei.<\/p>\n<p><strong>Seguir o exemplo da classe trabalhadora argentina<\/strong><\/p>\n<p>Na Argentina o governo de Milei deseja impor medidas de ajuste profundas e um projeto autorit\u00e1rio, mas recebeu em troca muitas manifesta\u00e7\u00f5es e uma poderosa greve geral que t\u00eam barrado a aplica\u00e7\u00e3o acelerada dessas medidas, fazendo retroceder o pacota\u00e7o reacion\u00e1rio conhecido como \u201cLei \u00d4nibus\u201d (ver p\u00e1gina 11). <\/p>\n<p><strong>Propomos uma frente eleitoral da esquerda independente<\/strong><\/p>\n<p>Ao lado da batalha pela constru\u00e7\u00e3o da luta unificada, temos outro desafio, que \u00e9 apresentar uma alternativa nas elei\u00e7\u00f5es municipais. N\u00f3s defendemos uma frente eleitoral da esquerda independente, que n\u00e3o est\u00e1 no governo Lula-Alckmin e nos governos estaduais e municipais da frente ampla. Para isso, buscamos uma reuni\u00e3o conjunta da UP, PCB, PCB-RR, PSTU e demais organiza\u00e7\u00f5es e coletivos para debater essa possibilidade, o que n\u00e3o ocorreu. Entrevistamos lideran\u00e7as desses partidos e dirigentes independentes (aqui nesta edi\u00e7\u00e3o e em nosso site voc\u00ea pode conferir). Ao mesmo tempo, n\u00e3o ficamos parados. Vamos batalhar para aproximar e agrupar for\u00e7as que est\u00e3o fora da frente ampla de Lula e na esquerda socialista consequente. Integramos, juntamente com o MRT, a articula\u00e7\u00e3o da reuni\u00e3o \u201cde organiza\u00e7\u00f5es e dirigentes socialistas revolucion\u00e1rios\u201d (ver p\u00e1g. 11).<\/p>\n<p><strong>Nossas propostas emergenciais para tirar o pa\u00eds da crise<\/strong><\/p>\n<p>a) Exigir do governo Lula o fim do Arcabou\u00e7o Fiscal e do plano de desestatiza\u00e7\u00e3o do sistema ferrovi\u00e1rio federal! Redu\u00e7\u00e3o de juros e taxa\u00e7\u00e3o de bilion\u00e1rios! N\u00e3o pagar a d\u00edvida aos banqueiros para investir em sa\u00fade, emprego e moradia! 10% do PIB na educa\u00e7\u00e3o!<\/p>\n<p>b) Pris\u00e3o e confisco de bens dos pol\u00edticos, empres\u00e1rios e militares golpistas bolsonaristas! Pela revoga\u00e7\u00e3o das reformas da previd\u00eancia e trabalhista, da privatiza\u00e7\u00e3o da Eletrobras e do Novo Ensino M\u00e9dio!<\/p>\n<p>c) Pelo reajuste imediato dos sal\u00e1rios! Redu\u00e7\u00e3o da jornada sem redu\u00e7\u00e3o de sal\u00e1rios! Redu\u00e7\u00e3o dos pre\u00e7os das passagens, luz, \u00e1gua, internet, aluguel, combust\u00edveis e alimentos! Transporte estatal de qualidade e gratuito!<\/p>\n<p>d) Emerg\u00eancia clim\u00e1tica, j\u00e1! Expropriar as multinacionais poluidoras! Demarca\u00e7\u00e3o das terras ind\u00edgenas, j\u00e1! Pela reforma agr\u00e1ria controlada pelos trabalhadores!<\/p>\n<p>e) Educa\u00e7\u00e3o sexual para decidir, contraceptivos para n\u00e3o engravidar e aborto legal, seguro e gratuito para n\u00e3o morrer! Verbas para o combate \u00e0 viol\u00eancia de g\u00eanero! Pelo fim do capacitismo! Por emprego e renda para LGBTQIA+! Cota para pessoas trans em concursos e universidades! Basta de genoc\u00eddio e opera\u00e7\u00f5es policiais contra o povo negro nas favelas! Desmantelamento do aparelho repressivo do Estado! Fim da PM e PRF! <\/p>\n","protected":false},"excerpt":{"rendered":"<p>Neste m\u00eas de mar\u00e7o ocorrem as manifesta\u00e7\u00f5es feministas do dia 8 (veja p\u00e1ginas centrais). Nessas manifesta\u00e7\u00f5es, exigimos do governo Lula\/Alckmin medidas contundentes contra os feminic\u00eddios, a legaliza\u00e7\u00e3o do aborto e a\u00e7\u00f5es que garantam sal\u00e1rio igual para trabalho igual. Exigimos o n\u00e3o pagamento da d\u00edvida aos<\/p>\n","protected":false},"author":1,"featured_media":14135,"comment_status":"open","ping_status":"open","sticky":false,"template":"","format":"standard","meta":{"footnotes":""},"categories":[135],"tags":[],"class_list":["post-14134","post","type-post","status-publish","format-standard","has-post-thumbnail","hentry","category-editorial"],"_links":{"self":[{"href":"https:\/\/www.cstuit.com\/home\/wp-json\/wp\/v2\/posts\/14134","targetHints":{"allow":["GET"]}}],"collection":[{"href":"https:\/\/www.cstuit.com\/home\/wp-json\/wp\/v2\/posts"}],"about":[{"href":"https:\/\/www.cstuit.com\/home\/wp-json\/wp\/v2\/types\/post"}],"author":[{"embeddable":true,"href":"https:\/\/www.cstuit.com\/home\/wp-json\/wp\/v2\/users\/1"}],"replies":[{"embeddable":true,"href":"https:\/\/www.cstuit.com\/home\/wp-json\/wp\/v2\/comments?post=14134"}],"version-history":[{"count":0,"href":"https:\/\/www.cstuit.com\/home\/wp-json\/wp\/v2\/posts\/14134\/revisions"}],"wp:featuredmedia":[{"embeddable":true,"href":"https:\/\/www.cstuit.com\/home\/wp-json\/wp\/v2\/media\/14135"}],"wp:attachment":[{"href":"https:\/\/www.cstuit.com\/home\/wp-json\/wp\/v2\/media?parent=14134"}],"wp:term":[{"taxonomy":"category","embeddable":true,"href":"https:\/\/www.cstuit.com\/home\/wp-json\/wp\/v2\/categories?post=14134"},{"taxonomy":"post_tag","embeddable":true,"href":"https:\/\/www.cstuit.com\/home\/wp-json\/wp\/v2\/tags?post=14134"}],"curies":[{"name":"wp","href":"https:\/\/api.w.org\/{rel}","templated":true}]}}