

	{"id":1427,"date":"2016-07-26T15:35:19","date_gmt":"2016-07-26T15:35:19","guid":{"rendered":"https:\/\/www.cstuit.com\/home\/?p=1427"},"modified":"2016-07-26T15:37:43","modified_gmt":"2016-07-26T15:37:43","slug":"os-governos-sao-responsaveis-basta-de-violencia-contra-as-mulheres","status":"publish","type":"post","link":"https:\/\/www.cstuit.com\/home\/2016\/07\/26\/os-governos-sao-responsaveis-basta-de-violencia-contra-as-mulheres\/","title":{"rendered":"Os governos s\u00e3o respons\u00e1veis! Basta de viol\u00eancia contra as mulheres!"},"content":{"rendered":"<div style=\"text-align: justify;\">\n<p style=\"text-align: right;\">por\u00a0<em><strong>Mulheres do Vamos \u00e0 Luta e do Combate<\/strong><\/em><\/p>\n<hr \/>\n<p>&nbsp;<\/p>\n<p>Os recentes e cotidianos casos de feminic\u00eddio no Brasil colocam em evid\u00eancia a brutal realidade machista e patriarcal a que est\u00e3o sujeitas as mulheres brasileiras. Todos os dias os notici\u00e1rios mostram algum caso de viol\u00eancia contra a mulher.\u00a0 Chocou a todos o caso da menina que foi v\u00edtima de estupro coletivo, o caso tamb\u00e9m de B\u00e1rbara Penna que teve seu corpo queimado e seus filhos pequenos mortos pelo ex-marido, a trabalhadora de Santos que teve sua cabe\u00e7a raspada e sofreu torturas nas m\u00e3os do marido, a mulher catarinense que teve as m\u00e3os amputadas da mesma forma. A covardia e brutalidade dos crimes s\u00e3o chocantes.<\/p>\n<p>Uma m\u00e3e foi assassinada facadas na frente da filha de sete anos e a suspeita \u00e9 que o assassino tenha tido um relacionamento com essa mulher. Uma jovem de 18 anos, Bianca Estevam, foi asfixiada e morta no \u00faltimo dia 20\/07 com um fio de telefone pelo namorado que n\u00e3o aceitava o fim do relacionamento. Ambos os casos aconteceram neste m\u00eas no Rio de Janeiro. Enquanto a m\u00eddia sensacionalista e os setores mais reacion\u00e1rios tratam os casos como \u201ccrimes passionais\u201d e banalizam essa viol\u00eancia tentando culpabilizar as v\u00edtimas, fica mais evidente a necessidade de pol\u00edticas p\u00fablicas para proteger as mulheres e punir assassinos e agressores, al\u00e9m da necessidade de medidas s\u00f3cio-educativas que possam contribuir pra a desconstru\u00e7\u00e3o do machismo desde a primeira inf\u00e2ncia.<br \/>\n<strong>\u00a0<\/strong><br \/>\n<strong>FORA TODOS OS INIMIGOS DAS MULHERES!<\/strong><\/p>\n<p>Ainda que saibamos que o machismo \u00e9 estrutural e afeta das mulheres de todas as classes sociais, ainda \u00e9 a mulher trabalhadora a que est\u00e1 mais suscet\u00edvel a esse tipo de viol\u00eancia, e por isso os governos precisam ter pol\u00edticas para combat\u00ea-lo e tamb\u00e9m para libertar as mulheres. O governo de Dilma Rousseff (PT\/PMDB) em absolutamente nada avan\u00e7ou na pauta feminista, pelo contr\u00e1rio, neste governo as mulheres foram alvos de dur\u00edssimos ataques: firmou compromisso com os setores conservadores da sociedade e n\u00e3o legalizou o aborto, vetou o kit-antihomofobia, n\u00e3o avan\u00e7ou no endurecimento das penas contra os agressores de mulher, n\u00e3o construiu casas-abrigo para as mulheres v\u00edtimas de viol\u00eancia dom\u00e9stica, e por fim, cortou pela metade a j\u00e1 escassa verba para a Secretaria de Combate \u00e0 Viol\u00eancia Contra a Mulher. No fim de seu governo, cada mulher brasileira valia rid\u00edculos 0,13 centavos. Da mesma forma, Michel Temer (PMDB) deu continuidade a essa pol\u00edtica mis\u00f3gina de ataque aos nossos direitos. Se antes val\u00edamos 13 centavos, agora n\u00e3o valemos absolutamente nada, pois extinguiu a pasta, e, obviamente, nada podemos esperar de bom em rela\u00e7\u00e3o \u00e0s pol\u00edticas para mulheres. Se antes Dilma estava com K\u00e1tia Abreu (PMDB), ruralista respons\u00e1vel pela viol\u00eancia cometida a diversas trabalhadoras e trabalhadores do campo, ind\u00edgenas e quilombolas pelo agroneg\u00f3cio, Michel Temer quis governar com F\u00e1tima Pelaes, que assim como Dilma e K\u00e1tia Abreu \u00e9 outra inimiga das mulheres trabalhadoras. No entanto, F\u00e1tima foi derrotada pela for\u00e7a da luta das mulheres, que desde a Primavera Feminista tem travado importantes batalhas contra a retirada de direitos e retrocessos, sendo fundamental no processo de derrubada de Eduardo Cunha (PMDB). Por isso \u00e9 importante seguir e unificar as lutas das mulheres! Que os coletivos feministas e antigovernistas, de esquerda e as mulheres trabalhadoras sejam vanguarda desse movimento, pelo Fora Temer, Fora Cunha, Fora Dilma, Fora TODOS OS INIMIGOS DAS MULHERES!<\/p>\n<p><strong>NENHUMA A MENOS! BASTA DE VIOL\u00caNCIA CONTRA A MULHER!<\/strong><\/p>\n<\/div>\n<div style=\"text-align: justify;\">\n<p>Neste sentido, achamos fundamental que as mulheres continuem ocupando as ruas pelos nossos direitos. A exemplo das mulheres argentinas, que colocaram 150 mil nas ruas no \u00faltimo dia 03 de junho com o movimento <em><strong>#NiUnaMenos<\/strong><\/em> pelo fim da viol\u00eancia de g\u00eanero, precisamos seguir nossa luta contra o feminic\u00eddio, exigindo verbas para o combate \u00e0 viol\u00eancia contra a mulher, constru\u00e7\u00e3o de casas-abrigo p\u00fablicas e gratuitas para mulheres v\u00edtimas de viol\u00eancia dom\u00e9stica e seus filhos! Prote\u00e7\u00e3o imediata para as filhas e filhos de mulheres assassinadas e agredidas! Por assist\u00eancia jur\u00eddica gratuita \u00e0s mulheres v\u00edtimas de viol\u00eancia! Queremos delegacias da mulher nos bairros e que funcionem 24 horas, com profissionais especializados no atendimento \u00e0s v\u00edtimas! \u00c9 preciso endurecer as penas e punir de fato os agressores! Al\u00e9m disso, queremos medidas de longo prazo para erradicar a viol\u00eancia de g\u00eanero, como investimento em educa\u00e7\u00e3o e a inclus\u00e3o do ensino de g\u00eanero e sexualidade nas escolas para desconstruir o machismo desde a primeira inf\u00e2ncia! <strong>BASTA DE VIOL\u00caNCIA CONTRA A MULHER!<\/strong><\/p>\n<\/div>\n","protected":false},"excerpt":{"rendered":"<p>por\u00a0Mulheres do Vamos \u00e0 Luta e do Combate &nbsp; Os recentes e cotidianos casos de feminic\u00eddio no Brasil colocam em evid\u00eancia a brutal realidade machista e patriarcal a que est\u00e3o sujeitas as mulheres brasileiras. Todos os dias os notici\u00e1rios mostram algum caso de viol\u00eancia contra<\/p>\n","protected":false},"author":1,"featured_media":1428,"comment_status":"open","ping_status":"open","sticky":false,"template":"","format":"standard","meta":{"footnotes":""},"categories":[55],"tags":[210,57,209],"class_list":["post-1427","post","type-post","status-publish","format-standard","has-post-thumbnail","hentry","category-mulheres","tag-niunamenos","tag-mulheres","tag-primavera-feminista"],"_links":{"self":[{"href":"https:\/\/www.cstuit.com\/home\/wp-json\/wp\/v2\/posts\/1427","targetHints":{"allow":["GET"]}}],"collection":[{"href":"https:\/\/www.cstuit.com\/home\/wp-json\/wp\/v2\/posts"}],"about":[{"href":"https:\/\/www.cstuit.com\/home\/wp-json\/wp\/v2\/types\/post"}],"author":[{"embeddable":true,"href":"https:\/\/www.cstuit.com\/home\/wp-json\/wp\/v2\/users\/1"}],"replies":[{"embeddable":true,"href":"https:\/\/www.cstuit.com\/home\/wp-json\/wp\/v2\/comments?post=1427"}],"version-history":[{"count":0,"href":"https:\/\/www.cstuit.com\/home\/wp-json\/wp\/v2\/posts\/1427\/revisions"}],"wp:featuredmedia":[{"embeddable":true,"href":"https:\/\/www.cstuit.com\/home\/wp-json\/wp\/v2\/media\/1428"}],"wp:attachment":[{"href":"https:\/\/www.cstuit.com\/home\/wp-json\/wp\/v2\/media?parent=1427"}],"wp:term":[{"taxonomy":"category","embeddable":true,"href":"https:\/\/www.cstuit.com\/home\/wp-json\/wp\/v2\/categories?post=1427"},{"taxonomy":"post_tag","embeddable":true,"href":"https:\/\/www.cstuit.com\/home\/wp-json\/wp\/v2\/tags?post=1427"}],"curies":[{"name":"wp","href":"https:\/\/api.w.org\/{rel}","templated":true}]}}