

	{"id":14331,"date":"2024-03-25T12:05:42","date_gmt":"2024-03-25T15:05:42","guid":{"rendered":"https:\/\/www.cstuit.com\/home\/?p=14331"},"modified":"2024-03-25T12:05:42","modified_gmt":"2024-03-25T15:05:42","slug":"a-alianca-construida-agora-pelo-pt-foi-ainda-mais-ampla-e-a-direita-do-que-a-das-eleicoes-de-2002","status":"publish","type":"post","link":"https:\/\/www.cstuit.com\/home\/2024\/03\/25\/a-alianca-construida-agora-pelo-pt-foi-ainda-mais-ampla-e-a-direita-do-que-a-das-eleicoes-de-2002\/","title":{"rendered":"&#8220;A alian\u00e7a constru\u00edda agora pelo PT foi ainda mais ampla (e \u00e0 direita) do que a das elei\u00e7\u00f5es de 2002&#8221;"},"content":{"rendered":"<p>Entrevistamos o companheiro Z\u00e9 Maria, metal\u00fargico e presidente nacional do PSTU. Conversamos sobre a conjuntura, o governo Lula\/Alckmin, as lutas e as elei\u00e7\u00f5es municipais de 2024.<br \/>\nConfira a seguir:<\/p>\n<p><strong>Combate Socialista:<\/strong>  Qual sua vis\u00e3o do primeiro ano de mandato da frente ampla de Lula\/Alckmin?<\/p>\n<p><strong>Z\u00e9 Maria:<\/strong> A alian\u00e7a constru\u00edda agora pelo PT foi ainda mais ampla (e \u00e0 direita) do que a das elei\u00e7\u00f5es de 2002. No contexto pol\u00edtico em que vivemos, isso, em primeiro lugar leva a que o programa econ\u00f4mico aplicado pelo governo est\u00e1 sendo e ser\u00e1 ainda mais conservador e neoliberal do que o aplicado nos outros governos de Lula \u2013 \u00e9 emblem\u00e1tico que o seu governo em 2003 come\u00e7ou com o an\u00fancio do Bolsa Fam\u00edlia, e este come\u00e7ou com o an\u00fancio do Arcabou\u00e7o Fiscal. Em segundo lugar, uma coisa que \u00e9 comum aos governos de colabora\u00e7\u00e3o de classes: a capitula\u00e7\u00e3o, coniv\u00eancia do governo em rela\u00e7\u00e3o ao aparato das For\u00e7as Armadas.<\/p>\n<p><strong>CS:<\/strong> Qual o impacto dessa linha de colabora\u00e7\u00e3o de classes nas lutas contra a extrema direita?<\/p>\n<p><strong>ZM:<\/strong> H\u00e1 aqui dois aspectos. O primeiro \u00e9 que a frente ampla de Lula trouxe para o governo boa parte dos setores que apoiaram o governo de Bolsonaro, o que agrava a tend\u00eancia desse tipo de governo de capitular aos militares, e a melhor express\u00e3o disso \u00e9 o Ministro da Defesa, Jos\u00e9 M\u00facio. A resultante disso vimos nos desdobramentos posteriores ao 8 de janeiro do ano passado. O governo tem sistematicamente buscado conciliar, n\u00e3o enfrentar esse setor, mesmo com evid\u00eancias cada vez maiores do seu envolvimento na prepara\u00e7\u00e3o da tentativa realizada ano passado. O segundo aspecto tem a ver com o modelo econ\u00f4mico aplicado pelo governo, que n\u00e3o apenas inviabiliza a solu\u00e7\u00e3o dos problemas mais graves que afetam o pa\u00eds e as condi\u00e7\u00f5es de vida da classe trabalhadora e do povo pobre, como vai agravar ainda mais essa situa\u00e7\u00e3o gerando desgaste, al\u00e9m de aprofundar a decad\u00eancia e recoloniza\u00e7\u00e3o do pa\u00eds. Tudo isso d\u00e1 base e tende a fortalecer, dar sobrevida \u00e0 ultradireita (oposi\u00e7\u00e3o mais vis\u00edvel ao governo neste momento). Nesse sentido o governo de frente ampla se alimenta politicamente, ao inv\u00e9s de combater a ultradireita.<\/p>\n<p><strong>CS:<\/strong>  Qual sua opini\u00e3o sobre a frente ampla nas elei\u00e7\u00f5es municipais de 2024?<\/p>\n<p><strong>ZM:<\/strong> Lula e o PT, com o apoio de seus sat\u00e9lites, o PSOL, PCdoB, v\u00e3o buscar reeditar a pol\u00edtica da frente ampla para as elei\u00e7\u00f5es municipais, porque creem que esta \u00e9 a melhor estrat\u00e9gia eleitoral que podem ter no cen\u00e1rio atual. V\u00e3o buscar esconder seu programa neoliberal, privatizante e que ataca interesses dos trabalhadores atr\u00e1s da \u201camea\u00e7a da ultradireita\u201d. Essa pol\u00edtica pode dar certo, do ponto de vista eleitoral. Especialmente se conseguir canalizar para o processo eleitoral o descontentamento que cresce embaixo, evitando o aumento e\/ou generaliza\u00e7\u00e3o das lutas.<\/p>\n<p><strong>CS:<\/strong>  Que avalia sobre a ideia de uma frente eleitoral envolvendo UP, PCB, PCB-RR, PSTU e outras organiza\u00e7\u00f5es?<\/p>\n<p><strong>ZM:<\/strong> O PSTU defende (e luta por concretizar) todo tipo de frente \u00fanica e unidade de a\u00e7\u00e3o para a luta do movimento de massas, sempre buscando responder \u00e0s necessidades concretas das lutas da nossa classe. No entanto, para n\u00f3s, o terreno das elei\u00e7\u00f5es \u00e9 distinto. Aqui o natural, como dizia Trotsky, \u00e9 apresentar o programa do partido para o movimento, de lutar pela consci\u00eancia das massas e da vanguarda para uma sa\u00edda socialista e revolucion\u00e1ria para o pa\u00eds e, dessa forma, avan\u00e7ar na constru\u00e7\u00e3o do partido.<\/p>\n<p>Ocorre que a luta para ganhar as massas e a vanguarda para o programa e a sa\u00edda revolucion\u00e1ria n\u00e3o se d\u00e1 no abstrato, ela se materializa numa luta implac\u00e1vel contra os programas e sa\u00eddas defendidas pelas organiza\u00e7\u00f5es reformistas e centristas que atuam no seio da classe trabalhadora. Por isso, nesse terreno, n\u00e3o necessariamente a soma de v\u00e1rias legendas fortalece a nossa luta estrat\u00e9gica; pode, ao contr\u00e1rio, enfraquec\u00ea-la.<\/p>\n<p>Veja, nesta campanha precisaremos levar adiante, em primeiro lugar, uma luta implac\u00e1vel contra o programa e a alternativa pol\u00edtica representada pela frente ampla e tamb\u00e9m pela ultradireita. Mas qual programa apresentaremos \u00e0 vanguarda como nossa alternativa a estas variantes burguesas e reformistas? Que programa levar\u00edamos \u00e0s massas em uma frente com a UP que, sabemos todos, n\u00e3o defende a independ\u00eancia de classe, pelo contr\u00e1rio, a alian\u00e7a de classes \u00e9 parte constitutiva de sua concep\u00e7\u00e3o estalinista que a leva, por exemplo, ao apoio envergonhado (\u00e0s vezes nem isso) ao governo Lula\/Alckmin? Ou com o PCB, que \u00e9 uma variante um pouco \u00e0 esquerda desse mesmo programa da UP? Qual posi\u00e7\u00e3o sobre a guerra da Ucr\u00e2nia defendem as candidaturas dessa frente? A posi\u00e7\u00e3o do PSTU, de total apoia \u00e0 resist\u00eancia ucraniana, ou o apoio velado a Putin (na forma de \u201cneutralidade\u201d) defendido por estes partidos? Ou levar\u00edamos \u00e0s massas e \u00e0 vanguarda um programa composto apenas pelas posi\u00e7\u00f5es que fossem comuns a estes partidos, deixando de lado o abc do leninismo, que coloca a defesa do programa revolucion\u00e1rio como centro das nossas tarefas num processo eleitoral?<\/p>\n<p>Essa \u00e9 a base do nosso racioc\u00ednio. Uma frente de esquerda nestas condi\u00e7\u00f5es s\u00f3 teria sentido se coloc\u00e1ssemos a disputa do voto em um patamar mais importante que a defesa do programa revolucion\u00e1rio. Devemos sim, lutar pelo voto, mas este objetivo deve estar subordinado \u00e0 luta pelo programa. A defesa permanente de frentes de esquerda, da somat\u00f3ria de diversas legendas, s\u00f3 pode levar, no futuro, a decep\u00e7\u00f5es e desmoraliza\u00e7\u00e3o. O melhor exemplo disso \u00e9 o PSOL.<\/p>\n<p>O PSTU, portanto, vai se apresentar com suas candidaturas nas pr\u00f3ximas elei\u00e7\u00f5es. E vai lutar para que a vanguarda da classe trabalhadora e da juventude do nosso pa\u00eds abrace nosso programa, contra as alternativas da burguesia e do reformismo (e dos setores que ficam no meio do caminho). Al\u00e9m disso, como \u00e9 nossa tradi\u00e7\u00e3o, cederemos legenda para as organiza\u00e7\u00f5es e lutadores do movimento de massas, que queiram e estejam na oposi\u00e7\u00e3o de esquerda ao governo Lula\/Alckmin.<\/p>\n","protected":false},"excerpt":{"rendered":"<p>Entrevistamos o companheiro Z\u00e9 Maria, metal\u00fargico e presidente nacional do PSTU. Conversamos sobre a conjuntura, o governo Lula\/Alckmin, as lutas e as elei\u00e7\u00f5es municipais de 2024. Confira a seguir: Combate Socialista: Qual sua vis\u00e3o do primeiro ano de mandato da frente ampla de Lula\/Alckmin? Z\u00e9<\/p>\n","protected":false},"author":1,"featured_media":14332,"comment_status":"open","ping_status":"open","sticky":false,"template":"","format":"standard","meta":{"footnotes":""},"categories":[5],"tags":[2005,24,381,1261,2004,1483,144],"class_list":["post-14331","post","type-post","status-publish","format-standard","has-post-thumbnail","hentry","category-nacional","tag-conciliacao","tag-eleicoes","tag-esquerda","tag-frenteampla","tag-frenteesquerda","tag-politica","tag-trabalhadores"],"_links":{"self":[{"href":"https:\/\/www.cstuit.com\/home\/wp-json\/wp\/v2\/posts\/14331","targetHints":{"allow":["GET"]}}],"collection":[{"href":"https:\/\/www.cstuit.com\/home\/wp-json\/wp\/v2\/posts"}],"about":[{"href":"https:\/\/www.cstuit.com\/home\/wp-json\/wp\/v2\/types\/post"}],"author":[{"embeddable":true,"href":"https:\/\/www.cstuit.com\/home\/wp-json\/wp\/v2\/users\/1"}],"replies":[{"embeddable":true,"href":"https:\/\/www.cstuit.com\/home\/wp-json\/wp\/v2\/comments?post=14331"}],"version-history":[{"count":0,"href":"https:\/\/www.cstuit.com\/home\/wp-json\/wp\/v2\/posts\/14331\/revisions"}],"wp:featuredmedia":[{"embeddable":true,"href":"https:\/\/www.cstuit.com\/home\/wp-json\/wp\/v2\/media\/14332"}],"wp:attachment":[{"href":"https:\/\/www.cstuit.com\/home\/wp-json\/wp\/v2\/media?parent=14331"}],"wp:term":[{"taxonomy":"category","embeddable":true,"href":"https:\/\/www.cstuit.com\/home\/wp-json\/wp\/v2\/categories?post=14331"},{"taxonomy":"post_tag","embeddable":true,"href":"https:\/\/www.cstuit.com\/home\/wp-json\/wp\/v2\/tags?post=14331"}],"curies":[{"name":"wp","href":"https:\/\/api.w.org\/{rel}","templated":true}]}}