

	{"id":14373,"date":"2024-04-01T19:13:33","date_gmt":"2024-04-01T22:13:33","guid":{"rendered":"https:\/\/www.cstuit.com\/home\/?p=14373"},"modified":"2024-04-24T22:42:20","modified_gmt":"2024-04-25T01:42:20","slug":"entrevistamos-liderancas-da-esquerda","status":"publish","type":"post","link":"https:\/\/www.cstuit.com\/home\/2024\/04\/01\/entrevistamos-liderancas-da-esquerda\/","title":{"rendered":"Jornal Combate Socialista entrevistou lideran\u00e7as da esquerda"},"content":{"rendered":"<p>Em dezembro de 2023 lan\u00e7amos uma campanha por uma <strong><a href=\"https:\/\/www.cstuit.com\/home\/2023\/12\/21\/propomos-uma-frente-eleitoral-da-esquerda-independente-em-2024\/\">frente eleitoral da esquerda independente. <\/a><\/strong>Avaliamos que essa t\u00e1tica poderia colaborar na apresenta\u00e7\u00e3o de uma chapa por fora dos partidos dos patr\u00f5es e do governo da frente ampla nas elei\u00e7\u00f5es municipais de 2024. Pensamos que pulveriza\u00e7\u00e3o das esquerdas, como em 2022, n\u00e3o ajuda na disputa contra o projeto de colabora\u00e7\u00e3o de classes do Lulismo e na luta contra a extrema direita.<\/p>\n<p>Voc\u00ea viu em nosso jornal e nossas redes essa defesa nos \u00faltimos meses. \u00a0N\u00f3s defendemos uma frente eleitoral da esquerda independente, que n\u00e3o est\u00e1 no governo Lula-Alckmin e nos governos estaduais e municipais da frente ampla e luta contra a extrema-direita golpista. Nossa proposta era uma reuni\u00e3o conjunta da UP, PCB, PCB-RR, PSTU e demais organiza\u00e7\u00f5es e coletivos para debater essa possibilidade. Entrevistamos e reunimos com as lideran\u00e7as desses partidos e com dirigentes independentes (aqui nesta edi\u00e7\u00e3o voc\u00ea pode conferir algumas delas). Por\u00e9m a proposta de uma reuni\u00e3o conjunta n\u00e3o ocorreu porque as demais organiza\u00e7\u00f5es n\u00e3o concordaram com essa ideia.<\/p>\n<p>Do mesmo modo, neste per\u00edodo, observamos as <a href=\"https:\/\/www.cstuit.com\/home\/2024\/02\/04\/carta-aberta-as-forcas-do-psol\/\">for\u00e7as da esquerda do PSOL.\u00a0<\/a> As maiores organiza\u00e7\u00f5es desse campo, como o MES, APS, Fortalecer, n\u00e3o se disp\u00f5em a desacatar as diretrizes da federa\u00e7\u00e3o PSOL-REDE. N\u00e3o se prop\u00f5em a desobedecer a c\u00fapula Psolista que hoje ocupa Minist\u00e9rios e cargos em altos escal\u00f5es do governo federal.\u00a0 Seguem, com mais ou menos nuances, nas chapas da <a href=\"https:\/\/www.cstuit.com\/home\/2024\/01\/11\/boulos-e-pt-querem-marta-suplicy-para-vice-prefeita-nas-eleicoes-municipais\/\">frente ampla liderada por Boulos<\/a> e Edmilson. No caso do RS, liderado pelo MES, \u00e9 <a href=\"https:\/\/www.cstuit.com\/home\/2023\/12\/27\/rio-grande-do-sul-frente-ampla-ou-frente-de-esquerda-independente-um-debate-com-o-mes-psol\/\">o pr\u00f3prio PSOL quem entregou a cabe\u00e7a de chapa ao PT<\/a>.<\/p>\n<p>Nesse meio tempo n\u00e3o ficamos parados. Batalhamos para aproximar for\u00e7as que est\u00e3o fora da frente ampla de Lula e na esquerda socialista consequente. Integramos, juntamente com Plinio de Arruda Sampaio Jr, o MRT, \u00a0SoB, PR, Silvio Sinedino e Marco Antonio Perruso a reuni\u00e3o \u201c<a href=\"https:\/\/www.cstuit.com\/home\/2024\/02\/29\/convite-a-uma-reuniao-de-organizacoes-e-dirigentes-socialistas-revolucionarios\/.\">de organiza\u00e7\u00f5es e dirigentes socialistas revolucion\u00e1rios<\/a>\u201d.<\/p>\n<p>A nossa vis\u00e3o geral est\u00e1 dispon\u00edvel na <a style=\"font-family: 'PT Sans', sans-serif; font-size: 18px; font-style: normal; font-weight: 400;\" href=\"https:\/\/www.cstuit.com\/home\/2024\/03\/25\/nao-podemos-apoiar-o-governo-lula-alckmin-nem-depositar-confianca-na-frente-ampla\/\">entrevista de nosso camarada Bab\u00e1<\/a>, integrante de nossa coordena\u00e7\u00e3o nacional e figura hist\u00f3rica do trotskismo em nosso pa\u00eds. Mesmo sendo uma disputa municipal a CST vai realizar uma forte batalha contra a frente ampla e o governo central . Como diz Bab\u00e1 &#8220;N\u00e3o podemos apoiar o governo Lula\/Alckmin nem depositar confian\u00e7a na frente ampla&#8221;. Esse \u00e9 o caminho para construir uma esquerda independente, classista em nosso pa\u00eds e em n\u00edvel internacional.<\/p>\n<p>A CST seguira atuando como organiza\u00e7\u00e3o socialista e revolucion\u00e1ria independente, nas lutas e nas elei\u00e7\u00f5es. Vamos utilizar nossa participa\u00e7\u00e3o na batalha eleitoral visando desmascarar toda a falsidade do atual regime pol\u00edtico dos bilion\u00e1rios; denunciar o comit\u00ea de neg\u00f3cios dos empres\u00e1rios que \u00e9 o estado burgu\u00eas; divulgar nosso programa oper\u00e1rio e popular contra a explora\u00e7\u00e3o capitalista e todas as formas de opress\u00e3o; defender que a \u00fanica via para as mudan\u00e7as verdadeiras \u00e9 a luta coletiva e apoiar as greves como a que ocorrer agora dos servidores da FASUBRA; explicar a necessidade de um governo da classe trabalhadora, sem patr\u00f5es, e um Brasil Socialista.<\/p>\n<h3><strong>Entrevistas:<\/strong><\/h3>\n<blockquote class=\"wp-embedded-content\" data-secret=\"sfvHa4SJ9H\"><p><a href=\"https:\/\/www.cstuit.com\/home\/2024\/03\/25\/a-politica-de-frente-ampla-nas-eleicoes-municipais-levara-a-colaboracao-de-classes-as-ultimas-consequencias\/\">\u201cA pol\u00edtica de frente ampla nas elei\u00e7\u00f5es municipais levar\u00e1 a colabora\u00e7\u00e3o de classes \u00e0s \u00faltimas consequ\u00eancias\u201d<\/a><\/p><\/blockquote>\n<p><iframe loading=\"lazy\" class=\"wp-embedded-content\" sandbox=\"allow-scripts\" security=\"restricted\" style=\"position: absolute; clip: rect(1px, 1px, 1px, 1px);\" title=\"&#8220;\u201cA pol\u00edtica de frente ampla nas elei\u00e7\u00f5es municipais levar\u00e1 a colabora\u00e7\u00e3o de classes \u00e0s \u00faltimas consequ\u00eancias\u201d&#8221; &#8212; CST-UIT\" src=\"https:\/\/www.cstuit.com\/home\/2024\/03\/25\/a-politica-de-frente-ampla-nas-eleicoes-municipais-levara-a-colaboracao-de-classes-as-ultimas-consequencias\/embed\/#?secret=OEsec09sFE#?secret=sfvHa4SJ9H\" data-secret=\"sfvHa4SJ9H\" width=\"600\" height=\"338\" frameborder=\"0\" marginwidth=\"0\" marginheight=\"0\" scrolling=\"no\"><\/iframe><\/p>\n<p><strong><a href=\"https:\/\/www.cstuit.com\/home\/2024\/03\/25\/a-politica-de-frente-ampla-nas-eleicoes-municipais-levara-a-colaboracao-de-classes-as-ultimas-consequencias\/\">Plinio de Arruda Sampaio, Editor de Contrapoder<\/a><\/strong><\/p>\n<hr \/>\n<blockquote class=\"wp-embedded-content\" data-secret=\"vBbtdPB5vo\"><p><a href=\"https:\/\/www.cstuit.com\/home\/2024\/03\/25\/a-alianca-construida-agora-pelo-pt-foi-ainda-mais-ampla-e-a-direita-do-que-a-das-eleicoes-de-2002\/\">&#8220;A alian\u00e7a constru\u00edda agora pelo PT foi ainda mais ampla (e \u00e0 direita) do que a das elei\u00e7\u00f5es de 2002&#8221;<\/a><\/p><\/blockquote>\n<p><iframe loading=\"lazy\" class=\"wp-embedded-content\" sandbox=\"allow-scripts\" security=\"restricted\" style=\"position: absolute; clip: rect(1px, 1px, 1px, 1px);\" title=\"&#8220;&#8220;A alian\u00e7a constru\u00edda agora pelo PT foi ainda mais ampla (e \u00e0 direita) do que a das elei\u00e7\u00f5es de 2002&#8221;&#8221; &#8212; CST-UIT\" src=\"https:\/\/www.cstuit.com\/home\/2024\/03\/25\/a-alianca-construida-agora-pelo-pt-foi-ainda-mais-ampla-e-a-direita-do-que-a-das-eleicoes-de-2002\/embed\/#?secret=5hlzwQOhkQ#?secret=vBbtdPB5vo\" data-secret=\"vBbtdPB5vo\" width=\"600\" height=\"338\" frameborder=\"0\" marginwidth=\"0\" marginheight=\"0\" scrolling=\"no\"><\/iframe><\/p>\n<p><strong><a href=\"https:\/\/www.cstuit.com\/home\/2024\/03\/25\/a-alianca-construida-agora-pelo-pt-foi-ainda-mais-ampla-e-a-direita-do-que-a-das-eleicoes-de-2002\/\">Z\u00e9 Maria, Presidente do PSTU\u00a0<\/a><\/strong><\/p>\n<hr \/>\n<blockquote class=\"wp-embedded-content\" data-secret=\"b3huACl1Pv\"><p><a href=\"https:\/\/www.cstuit.com\/home\/2024\/03\/09\/o-governo-burgo-petista-nao-se-comprometeu-com-o-exame-das-contrarreformas\/\">\u201cO governo burgo-petista n\u00e3o se comprometeu com o exame das contrarreformas\u201d<\/a><\/p><\/blockquote>\n<p><iframe loading=\"lazy\" class=\"wp-embedded-content\" sandbox=\"allow-scripts\" security=\"restricted\" style=\"position: absolute; clip: rect(1px, 1px, 1px, 1px);\" title=\"&#8220;\u201cO governo burgo-petista n\u00e3o se comprometeu com o exame das contrarreformas\u201d&#8221; &#8212; CST-UIT\" src=\"https:\/\/www.cstuit.com\/home\/2024\/03\/09\/o-governo-burgo-petista-nao-se-comprometeu-com-o-exame-das-contrarreformas\/embed\/#?secret=RNQZXx8jPw#?secret=b3huACl1Pv\" data-secret=\"b3huACl1Pv\" width=\"600\" height=\"338\" frameborder=\"0\" marginwidth=\"0\" marginheight=\"0\" scrolling=\"no\"><\/iframe><\/p>\n<p><strong><a href=\"https:\/\/www.cstuit.com\/home\/2024\/03\/09\/o-governo-burgo-petista-nao-se-comprometeu-com-o-exame-das-contrarreformas\/\">Sofia Manzano, do CC e da Comiss\u00e3o Pol\u00edtica Nacional do PCB<\/a><\/strong><\/p>\n<hr \/>\n<blockquote class=\"wp-embedded-content\" data-secret=\"kXytdFmm8f\"><p><a href=\"https:\/\/www.cstuit.com\/home\/2024\/03\/03\/esse-governo-tem-desarmado-ativamente-a-classe-trabalhadora-e-impondo-derrotas-a-ela-no-sentido-de-suas-condicoes-economicas\/\">\u201cesse governo tem desarmado ativamente a classe trabalhadora e impondo derrotas a ela no sentido de suas condi\u00e7\u00f5es econ\u00f4micas\u201d<\/a><\/p><\/blockquote>\n<p><iframe loading=\"lazy\" class=\"wp-embedded-content\" sandbox=\"allow-scripts\" security=\"restricted\" style=\"position: absolute; clip: rect(1px, 1px, 1px, 1px);\" title=\"&#8220;\u201cesse governo tem desarmado ativamente a classe trabalhadora e impondo derrotas a ela no sentido de suas condi\u00e7\u00f5es econ\u00f4micas\u201d&#8221; &#8212; CST-UIT\" src=\"https:\/\/www.cstuit.com\/home\/2024\/03\/03\/esse-governo-tem-desarmado-ativamente-a-classe-trabalhadora-e-impondo-derrotas-a-ela-no-sentido-de-suas-condicoes-economicas\/embed\/#?secret=AmbkU3sNNb#?secret=kXytdFmm8f\" data-secret=\"kXytdFmm8f\" width=\"600\" height=\"338\" frameborder=\"0\" marginwidth=\"0\" marginheight=\"0\" scrolling=\"no\"><\/iframe><\/p>\n<p><strong><a href=\"https:\/\/www.cstuit.com\/home\/2024\/03\/03\/esse-governo-tem-desarmado-ativamente-a-classe-trabalhadora-e-impondo-derrotas-a-ela-no-sentido-de-suas-condicoes-economicas\/\">Gabriel Lazzari, do Comit\u00ea Nacional Provis\u00f3rio do PCB-RR<\/a><\/strong><\/p>\n<hr \/>\n<blockquote class=\"wp-embedded-content\" data-secret=\"vAZTO1tn36\"><p><a href=\"https:\/\/www.cstuit.com\/home\/2024\/03\/01\/nao-ha-conteudo-revolucionario-que-sobreviva-a-liquidacao-numa-alianca-eleitoral-com-a-burguesia\/\">\u201cN\u00e3o h\u00e1 conte\u00fado revolucion\u00e1rio que sobreviva \u00e0 liquida\u00e7\u00e3o numa alian\u00e7a eleitoral com a burguesia\u201d<\/a><\/p><\/blockquote>\n<p><iframe loading=\"lazy\" class=\"wp-embedded-content\" sandbox=\"allow-scripts\" security=\"restricted\" style=\"position: absolute; clip: rect(1px, 1px, 1px, 1px);\" title=\"&#8220;\u201cN\u00e3o h\u00e1 conte\u00fado revolucion\u00e1rio que sobreviva \u00e0 liquida\u00e7\u00e3o numa alian\u00e7a eleitoral com a burguesia\u201d&#8221; &#8212; CST-UIT\" src=\"https:\/\/www.cstuit.com\/home\/2024\/03\/01\/nao-ha-conteudo-revolucionario-que-sobreviva-a-liquidacao-numa-alianca-eleitoral-com-a-burguesia\/embed\/#?secret=XWR7yVKG9t#?secret=vAZTO1tn36\" data-secret=\"vAZTO1tn36\" width=\"600\" height=\"338\" frameborder=\"0\" marginwidth=\"0\" marginheight=\"0\" scrolling=\"no\"><\/iframe><\/p>\n<p><strong><a href=\"https:\/\/www.cstuit.com\/home\/2024\/03\/01\/nao-ha-conteudo-revolucionario-que-sobreviva-a-liquidacao-numa-alianca-eleitoral-com-a-burguesia\/\">Roj\u00fa Soares, Graduando em Ci\u00eancias do Estado pela UFMG, militante ecossocialista, e comunicador politico<\/a><\/strong><\/p>\n<hr \/>\n<blockquote class=\"wp-embedded-content\" data-secret=\"XWTL0ijVUv\"><p><a href=\"https:\/\/www.cstuit.com\/home\/2024\/03\/25\/apos-este-periodo-de-16-meses-constatamos-que-e-um-governo-mais-recuado-do-que-o-esperado\/\">&#8220;Ap\u00f3s este per\u00edodo de 16 meses, constatamos que \u00e9 um governo mais recuado do que o esperado.&#8221;<\/a><\/p><\/blockquote>\n<p><iframe loading=\"lazy\" class=\"wp-embedded-content\" sandbox=\"allow-scripts\" security=\"restricted\" style=\"position: absolute; clip: rect(1px, 1px, 1px, 1px);\" title=\"&#8220;&#8220;Ap\u00f3s este per\u00edodo de 16 meses, constatamos que \u00e9 um governo mais recuado do que o esperado.&#8221;&#8221; &#8212; CST-UIT\" src=\"https:\/\/www.cstuit.com\/home\/2024\/03\/25\/apos-este-periodo-de-16-meses-constatamos-que-e-um-governo-mais-recuado-do-que-o-esperado\/embed\/#?secret=1ZrO41eqyx#?secret=XWTL0ijVUv\" data-secret=\"XWTL0ijVUv\" width=\"600\" height=\"338\" frameborder=\"0\" marginwidth=\"0\" marginheight=\"0\" scrolling=\"no\"><\/iframe><\/p>\n<p><strong><a href=\"https:\/\/www.cstuit.com\/home\/2024\/03\/25\/apos-este-periodo-de-16-meses-constatamos-que-e-um-governo-mais-recuado-do-que-o-esperado\/\">Dirlene Marques, Professora da UFMG e integrante do Polo Socialista Revolu\u00e7\u00f5es de 2020, como candidatura ao senado em Minas<\/a>.<\/strong><\/p>\n<hr \/>\n<blockquote class=\"wp-embedded-content\" data-secret=\"Ioh8VlkynY\"><p><a href=\"https:\/\/www.cstuit.com\/home\/2024\/03\/07\/qualquer-esquerda-que-faca-jus-ao-nome-deve-ser-oposicao-a-lula-3-como-foi-em-relacao-a-lula-e-dilma-anteriormente\/\">\u201cQualquer esquerda que fa\u00e7a jus ao nome deve ser oposi\u00e7\u00e3o a Lula 3 (como foi em rela\u00e7\u00e3o a Lula e Dilma anteriormente)\u201d<\/a><\/p><\/blockquote>\n<p><iframe loading=\"lazy\" class=\"wp-embedded-content\" sandbox=\"allow-scripts\" security=\"restricted\" style=\"position: absolute; clip: rect(1px, 1px, 1px, 1px);\" title=\"&#8220;\u201cQualquer esquerda que fa\u00e7a jus ao nome deve ser oposi\u00e7\u00e3o a Lula 3 (como foi em rela\u00e7\u00e3o a Lula e Dilma anteriormente)\u201d&#8221; &#8212; CST-UIT\" src=\"https:\/\/www.cstuit.com\/home\/2024\/03\/07\/qualquer-esquerda-que-faca-jus-ao-nome-deve-ser-oposicao-a-lula-3-como-foi-em-relacao-a-lula-e-dilma-anteriormente\/embed\/#?secret=d1XcRPakhl#?secret=Ioh8VlkynY\" data-secret=\"Ioh8VlkynY\" width=\"600\" height=\"338\" frameborder=\"0\" marginwidth=\"0\" marginheight=\"0\" scrolling=\"no\"><\/iframe><\/p>\n<p><strong><a href=\"https:\/\/www.cstuit.com\/home\/2024\/03\/07\/qualquer-esquerda-que-faca-jus-ao-nome-deve-ser-oposicao-a-lula-3-como-foi-em-relacao-a-lula-e-dilma-anteriormente\/\">Marco Antonio Perruso, Professor da UFRRJ. O camarada integrou o Polo Socialista e Revolucion\u00e1rio de 2022 no Rio de Janeiro<\/a>.<\/strong><\/p>\n","protected":false},"excerpt":{"rendered":"<p>Em dezembro de 2023 lan\u00e7amos uma campanha por uma frente eleitoral da esquerda independente. Avaliamos que essa t\u00e1tica poderia colaborar na apresenta\u00e7\u00e3o de uma chapa por fora dos partidos dos patr\u00f5es e do governo da frente ampla nas elei\u00e7\u00f5es municipais de 2024. Pensamos que pulveriza\u00e7\u00e3o<\/p>\n","protected":false},"author":2,"featured_media":14675,"comment_status":"open","ping_status":"open","sticky":false,"template":"","format":"standard","meta":{"footnotes":""},"categories":[8],"tags":[],"class_list":["post-14373","post","type-post","status-publish","format-standard","has-post-thumbnail","hentry","category-debates-socialistas"],"_links":{"self":[{"href":"https:\/\/www.cstuit.com\/home\/wp-json\/wp\/v2\/posts\/14373","targetHints":{"allow":["GET"]}}],"collection":[{"href":"https:\/\/www.cstuit.com\/home\/wp-json\/wp\/v2\/posts"}],"about":[{"href":"https:\/\/www.cstuit.com\/home\/wp-json\/wp\/v2\/types\/post"}],"author":[{"embeddable":true,"href":"https:\/\/www.cstuit.com\/home\/wp-json\/wp\/v2\/users\/2"}],"replies":[{"embeddable":true,"href":"https:\/\/www.cstuit.com\/home\/wp-json\/wp\/v2\/comments?post=14373"}],"version-history":[{"count":0,"href":"https:\/\/www.cstuit.com\/home\/wp-json\/wp\/v2\/posts\/14373\/revisions"}],"wp:featuredmedia":[{"embeddable":true,"href":"https:\/\/www.cstuit.com\/home\/wp-json\/wp\/v2\/media\/14675"}],"wp:attachment":[{"href":"https:\/\/www.cstuit.com\/home\/wp-json\/wp\/v2\/media?parent=14373"}],"wp:term":[{"taxonomy":"category","embeddable":true,"href":"https:\/\/www.cstuit.com\/home\/wp-json\/wp\/v2\/categories?post=14373"},{"taxonomy":"post_tag","embeddable":true,"href":"https:\/\/www.cstuit.com\/home\/wp-json\/wp\/v2\/tags?post=14373"}],"curies":[{"name":"wp","href":"https:\/\/api.w.org\/{rel}","templated":true}]}}